{"id":1129,"date":"2023-04-16T08:40:14","date_gmt":"2023-04-16T08:40:14","guid":{"rendered":"https:\/\/dev.joven-esperanza.de\/mitgliederversammlung2023\/"},"modified":"2023-12-07T17:31:02","modified_gmt":"2023-12-07T17:31:02","slug":"mitgliederversammlung2023","status":"publish","type":"post","link":"https:\/\/joven-esperanza.de\/es\/blog\/mitgliederversammlung2023\/","title":{"rendered":"Gro\u00dfes Wiedersehen bei der Mitgliederversammlung im M\u00e4rz"},"content":{"rendered":"<p>Am 26. M\u00e4rz war es endlich wieder so weit: Eine Joven Esperanza-Mitgliederversammlung in Pr\u00e4senz! Zumindest f\u00fcr die etwa 15 Mitglieder und Interessierte, die bei bestem Fr\u00fchlingswetter in der Begegnungsst\u00e4tte Bergstedt zusammengekommen sind. Alle anderen hatten die M\u00f6glichkeit, digital \u00fcber Zoom teilzunehmen. Toll, dass auch die hybride Form so gut geklappt hat und so viele von euch teilgenommen haben. Wir wollen auch in Zukunft daran festhalten, die Versammlung f\u00fcr so viele von euch wie m\u00f6glich zug\u00e4nglich zu machen und werden sie auch beim n\u00e4chsten Mal wieder vor Ort und digital veranstalten.<\/p>\n\n\n\n<figure class=\"wp-block-image aligncenter size-large is-resized\"><img loading=\"lazy\" decoding=\"async\" src=\"https:\/\/joven-esperanza.de\/wp-content\/uploads\/2023\/04\/WhatsApp-Image-2023-03-26-at-18.09.01-1024x768.jpeg\" alt=\"\" class=\"wp-image-1130\" width=\"768\" height=\"576\" srcset=\"https:\/\/joven-esperanza.de\/wp-content\/uploads\/2023\/04\/WhatsApp-Image-2023-03-26-at-18.09.01-1024x768.jpeg 1024w, https:\/\/joven-esperanza.de\/wp-content\/uploads\/2023\/04\/WhatsApp-Image-2023-03-26-at-18.09.01-300x225.jpeg 300w, https:\/\/joven-esperanza.de\/wp-content\/uploads\/2023\/04\/WhatsApp-Image-2023-03-26-at-18.09.01-768x576.jpeg 768w, https:\/\/joven-esperanza.de\/wp-content\/uploads\/2023\/04\/WhatsApp-Image-2023-03-26-at-18.09.01-1536x1152.jpeg 1536w, https:\/\/joven-esperanza.de\/wp-content\/uploads\/2023\/04\/WhatsApp-Image-2023-03-26-at-18.09.01.jpeg 2048w\" sizes=\"auto, (max-width: 768px) 100vw, 768px\" \/><figcaption class=\"wp-element-caption\">Julius Knierer und Natalie Sell berichten \u00fcber die Lage in Bolivien.<\/figcaption><\/figure>\n\n\n\n<p>Im PENADER steht alles im Zeichen der R\u00fcckkehr zur Normalit\u00e4t nach den Pandemiejahren. Regelm\u00e4\u00dfig kommen die Kinder wieder ins Projekt zur Hausaufgabenunterst\u00fctzung, f\u00fcr ein warmes Mittagessen und nat\u00fcrlich zum Spa\u00df haben. Die Essensausgabe, mit der w\u00e4hrend der Corona-Zeit die Familien der eingeschriebenen Kinder unterst\u00fctzt worden sind, ist mittlerweile eingestellt. Johanna Gewand erz\u00e4hlte von ihren Erlebnissen im August, als sie das PENADER wieder besuchte. Wie wichtig die Unterst\u00fctzung auf dem (Bildungs-)Weg der Kinder ist, konnte sie am Beispiel zwei ehemaliger Projektkinder erz\u00e4hlen, die mittlerweile studieren. Auf der anderen Seite machte sie deutlich, dass den Themen Aufkl\u00e4rung und Verh\u00fctung weiter viel Aufmerksamkeit geschenkt werden muss. Ein ehemaliges M\u00e4dchen aus dem Projekt ist beispielsweise fr\u00fch schwanger geworden und arbeitet nun auf dem Markt, um ihre kleine Familie versorgen zu k\u00f6nnen.<\/p>\n\n\n\n<p><strong>Viele Pl\u00e4ne f\u00fcr neues Haus und Grundst\u00fcck<\/strong><\/p>\n\n\n\n<p>Vom wahrscheinlich wichtigsten Ereignis seit Bestehen von Joven Esperanza, dem Hauskauf, konnten Natalie Sell, Lukas Lichter und Julius Knierer erz\u00e4hlen. Der streckenweise hektische und herausfordernde Weg vom langj\u00e4hrigen Traum bis zur Verwirklichung mit n\u00e4chtlichen Motorradfahrten und (zu) entspannten Anw\u00e4lten wurde allen Mitgliedern und Interessierten ausf\u00fchrlich dargestellt. Doch mit dem Kauf ist das Thema noch lange nicht vorbei: schon jetzt gibt es weitere Pl\u00e4ne auf dem Grundst\u00fcck, wie den Garten, neue Sanit\u00e4ranlagen, K\u00fcche, B\u00e4ckerei und einen gro\u00dfen Bereich f\u00fcr gemeinsames Hausaufgabenmachen und Essen.<\/p>\n\n\n\n<p>Wer Lust hat, selber vor Ort Erfahrungen zu sammeln und die Zukunft des Projektes mitzugestalten, ist herzlich eingeladen als Freiwillige\/r nach Camiri zu reisen! Bei der Mitgliederversammlung hat Marisa Amaya Rudilla die wichtigsten Eckdaten vorgestellt und ist weiterhin eure Ansprechpartnerin bei allen Fragen dazu.&nbsp;<\/p>\n\n\n\n<p>Das Highlight war wie immer die Liveschaltung ins PENADER, wo Joaquin mit zwei Kindern \u00fcber den Baufortschritt berichtete und auch Lotta, die aktuell als Freiwillige in Camiri ist, von ihren ersten Wochen berichten konnte.<\/p>\n\n\n\n<p><strong><br>Die n\u00e4chsten Monate bei Joven Esperanza<\/strong><\/p>\n\n\n\n<p>Bei der Wahl des Vorstands gab es keine \u00dcberraschungen, Julius Knierer als Vorstandsvorsitzender, Johanna Gewand als seine Stellvertreterin sowie Natalie Sell als Schatzmeisterin wurden wiedergew\u00e4hlt. Im erweiterten Vorstand finden sich nun Lutz Kirsten, Marisa Amaya Rudilla, Joshin Bergmann, Teresa K\u00fcckmann, Nora Scholz, Lukas Lichter und Jannik Picker.<\/p>\n\n\n\n<figure class=\"wp-block-gallery has-nested-images columns-default is-cropped wp-block-gallery-1 is-layout-flex wp-block-gallery-is-layout-flex\">\n<figure class=\"wp-block-image size-large\"><img loading=\"lazy\" decoding=\"async\" width=\"1024\" height=\"768\" data-id=\"1131\" src=\"https:\/\/dev.joven-esperanza.de\/wp-content\/uploads\/2023\/04\/WhatsApp-Image-2023-03-26-at-18.11.34-1024x768.jpeg\" alt=\"\" class=\"wp-image-1131\" srcset=\"https:\/\/joven-esperanza.de\/wp-content\/uploads\/2023\/04\/WhatsApp-Image-2023-03-26-at-18.11.34-1024x768.jpeg 1024w, https:\/\/joven-esperanza.de\/wp-content\/uploads\/2023\/04\/WhatsApp-Image-2023-03-26-at-18.11.34-300x225.jpeg 300w, https:\/\/joven-esperanza.de\/wp-content\/uploads\/2023\/04\/WhatsApp-Image-2023-03-26-at-18.11.34-768x576.jpeg 768w, https:\/\/joven-esperanza.de\/wp-content\/uploads\/2023\/04\/WhatsApp-Image-2023-03-26-at-18.11.34-1536x1152.jpeg 1536w, https:\/\/joven-esperanza.de\/wp-content\/uploads\/2023\/04\/WhatsApp-Image-2023-03-26-at-18.11.34.jpeg 1600w\" sizes=\"auto, (max-width: 1024px) 100vw, 1024px\" \/><figcaption class=\"wp-element-caption\">Nora Scholz, Julius Knierer, Johanna Gewand, Lutz Kirsten, Teresa K\u00fcckmann und Natalie Sell<\/figcaption><\/figure>\n\n\n\n<figure class=\"wp-block-image size-large\"><img loading=\"lazy\" decoding=\"async\" width=\"1024\" height=\"768\" data-id=\"1132\" src=\"https:\/\/dev.joven-esperanza.de\/wp-content\/uploads\/2023\/04\/WhatsApp-Image-2023-03-26-at-18.11.50-1-1024x768.jpeg\" alt=\"\" class=\"wp-image-1132\" srcset=\"https:\/\/joven-esperanza.de\/wp-content\/uploads\/2023\/04\/WhatsApp-Image-2023-03-26-at-18.11.50-1-1024x768.jpeg 1024w, https:\/\/joven-esperanza.de\/wp-content\/uploads\/2023\/04\/WhatsApp-Image-2023-03-26-at-18.11.50-1-300x225.jpeg 300w, https:\/\/joven-esperanza.de\/wp-content\/uploads\/2023\/04\/WhatsApp-Image-2023-03-26-at-18.11.50-1-768x576.jpeg 768w, https:\/\/joven-esperanza.de\/wp-content\/uploads\/2023\/04\/WhatsApp-Image-2023-03-26-at-18.11.50-1-1536x1152.jpeg 1536w, https:\/\/joven-esperanza.de\/wp-content\/uploads\/2023\/04\/WhatsApp-Image-2023-03-26-at-18.11.50-1.jpeg 1600w\" sizes=\"auto, (max-width: 1024px) 100vw, 1024px\" \/><figcaption class=\"wp-element-caption\">Unsere Ziele f\u00fcr die kommenden Monate.<\/figcaption><\/figure>\n<\/figure>\n\n\n\n<p>Mit diesen Zielen sind wir in dieses Jahr gestartet: Anstieg der Mitgliederzahl, weitere Events wie ein Sommerfest veranstalten sowie die Standardisierung von Prozessen, um Vorstandsaufgaben personenunabh\u00e4ngiger zu machen und auf mehreren Schultern verteilen zu k\u00f6nnen. Wir hoffen, euch im kommenden Jahr von unseren Erfolgen dabei berichten zu k\u00f6nnen und freuen uns auf die n\u00e4chsten Monate mit all unseren Unterst\u00fctzerInnen in Deutschland und dar\u00fcber hinaus.<\/p>\n\n\n\n<p>Vielen Dank f\u00fcr euer Engagement und Interesse!<\/p>\n\n\n\n<figure class=\"wp-block-image aligncenter size-large is-resized\"><img loading=\"lazy\" decoding=\"async\" src=\"https:\/\/dev.joven-esperanza.de\/wp-content\/uploads\/2023\/04\/WhatsApp-Image-2023-03-26-at-18.11.50-1024x768.jpeg\" alt=\"\" class=\"wp-image-1133\" width=\"768\" height=\"576\" srcset=\"https:\/\/joven-esperanza.de\/wp-content\/uploads\/2023\/04\/WhatsApp-Image-2023-03-26-at-18.11.50-1024x768.jpeg 1024w, https:\/\/joven-esperanza.de\/wp-content\/uploads\/2023\/04\/WhatsApp-Image-2023-03-26-at-18.11.50-300x225.jpeg 300w, https:\/\/joven-esperanza.de\/wp-content\/uploads\/2023\/04\/WhatsApp-Image-2023-03-26-at-18.11.50-768x576.jpeg 768w, https:\/\/joven-esperanza.de\/wp-content\/uploads\/2023\/04\/WhatsApp-Image-2023-03-26-at-18.11.50-1536x1152.jpeg 1536w, https:\/\/joven-esperanza.de\/wp-content\/uploads\/2023\/04\/WhatsApp-Image-2023-03-26-at-18.11.50.jpeg 1600w\" sizes=\"auto, (max-width: 768px) 100vw, 768px\" \/><figcaption class=\"wp-element-caption\">Der wiedergew\u00e4hlte Vorstand freut sich auf die kommenden Aufgaben.<\/figcaption><\/figure>","protected":false},"excerpt":{"rendered":"<p>Am 26. M\u00e4rz war es endlich wieder so weit: Eine Joven Esperanza-Mitgliederversammlung in Pr\u00e4senz! Zumindest f\u00fcr die etwa 15 Mitglieder und Interessierte, die bei bestem Fr\u00fchlingswetter in der Begegnungsst\u00e4tte Bergstedt zusammengekommen sind. Alle anderen hatten die M\u00f6glichkeit, digital \u00fcber Zoom teilzunehmen. Toll, dass auch die hybride Form so gut geklappt hat und so viele von [&hellip;]<\/p>","protected":false},"author":1,"featured_media":1131,"comment_status":"closed","ping_status":"closed","sticky":false,"template":"","format":"standard","meta":{"_uag_custom_page_level_css":"","site-sidebar-layout":"default","site-content-layout":"","ast-site-content-layout":"default","site-content-style":"default","site-sidebar-style":"default","ast-global-header-display":"","ast-banner-title-visibility":"","ast-main-header-display":"","ast-hfb-above-header-display":"","ast-hfb-below-header-display":"","ast-hfb-mobile-header-display":"","site-post-title":"","ast-breadcrumbs-content":"","ast-featured-img":"","footer-sml-layout":"","theme-transparent-header-meta":"","adv-header-id-meta":"","stick-header-meta":"","header-above-stick-meta":"","header-main-stick-meta":"","header-below-stick-meta":"","astra-migrate-meta-layouts":"set","ast-page-background-enabled":"default","ast-page-background-meta":{"desktop":{"background-color":"var(--ast-global-color-4)","background-image":"","background-repeat":"repeat","background-position":"center center","background-size":"auto","background-attachment":"scroll","background-type":"","background-media":"","overlay-type":"","overlay-color":"","overlay-gradient":""},"tablet":{"background-color":"","background-image":"","background-repeat":"repeat","background-position":"center center","background-size":"auto","background-attachment":"scroll","background-type":"","background-media":"","overlay-type":"","overlay-color":"","overlay-gradient":""},"mobile":{"background-color":"","background-image":"","background-repeat":"repeat","background-position":"center center","background-size":"auto","background-attachment":"scroll","background-type":"","background-media":"","overlay-type":"","overlay-color":"","overlay-gradient":""}},"ast-content-background-meta":{"desktop":{"background-color":"var(--ast-global-color-5)","background-image":"","background-repeat":"repeat","background-position":"center center","background-size":"auto","background-attachment":"scroll","background-type":"","background-media":"","overlay-type":"","overlay-color":"","overlay-gradient":""},"tablet":{"background-color":"var(--ast-global-color-5)","background-image":"","background-repeat":"repeat","background-position":"center center","background-size":"auto","background-attachment":"scroll","background-type":"","background-media":"","overlay-type":"","overlay-color":"","overlay-gradient":""},"mobile":{"background-color":"var(--ast-global-color-5)","background-image":"","background-repeat":"repeat","background-position":"center center","background-size":"auto","background-attachment":"scroll","background-type":"","background-media":"","overlay-type":"","overlay-color":"","overlay-gradient":""}},"footnotes":""},"categories":[15,12],"tags":[],"class_list":["post-1129","post","type-post","status-publish","format-standard","has-post-thumbnail","hentry","category-mitgliederversammlung","category-news"],"yoast_head":"<!-- This site is optimized with the Yoast SEO plugin v25.0 - https:\/\/yoast.com\/wordpress\/plugins\/seo\/ -->\n<title>Gro\u00dfes Wiedersehen bei der Mitgliederversammlung im M\u00e4rz - Joven Esperanza e.V.<\/title>\n<meta name=\"robots\" content=\"index, follow, max-snippet:-1, max-image-preview:large, max-video-preview:-1\" \/>\n<link rel=\"canonical\" href=\"https:\/\/joven-esperanza.de\/es\/blog\/mitgliederversammlung2023\/\" \/>\n<meta property=\"og:locale\" content=\"es_ES\" \/>\n<meta property=\"og:type\" content=\"article\" \/>\n<meta property=\"og:title\" content=\"Gro\u00dfes Wiedersehen bei der Mitgliederversammlung im M\u00e4rz - Joven Esperanza e.V.\" \/>\n<meta property=\"og:description\" content=\"Am 26. M\u00e4rz war es endlich wieder so weit: Eine Joven Esperanza-Mitgliederversammlung in Pr\u00e4senz! Zumindest f\u00fcr die etwa 15 Mitglieder und Interessierte, die bei bestem Fr\u00fchlingswetter in der Begegnungsst\u00e4tte Bergstedt zusammengekommen sind. Alle anderen hatten die M\u00f6glichkeit, digital \u00fcber Zoom teilzunehmen. Toll, dass auch die hybride Form so gut geklappt hat und so viele von [&hellip;]\" \/>\n<meta property=\"og:url\" content=\"https:\/\/joven-esperanza.de\/es\/blog\/mitgliederversammlung2023\/\" \/>\n<meta property=\"og:site_name\" content=\"Joven Esperanza e.V.\" \/>\n<meta property=\"article:publisher\" content=\"https:\/\/www.facebook.com\/JovenEsperanza\" \/>\n<meta property=\"article:published_time\" content=\"2023-04-16T08:40:14+00:00\" \/>\n<meta property=\"article:modified_time\" content=\"2023-12-07T17:31:02+00:00\" \/>\n<meta property=\"og:image\" content=\"https:\/\/joven-esperanza.de\/wp-content\/uploads\/2023\/04\/WhatsApp-Image-2023-03-26-at-18.11.34.jpeg\" \/>\n\t<meta property=\"og:image:width\" content=\"1600\" \/>\n\t<meta property=\"og:image:height\" content=\"1200\" \/>\n\t<meta property=\"og:image:type\" content=\"image\/jpeg\" \/>\n<meta name=\"author\" content=\"Joven Esperanza\" \/>\n<meta name=\"twitter:card\" content=\"summary_large_image\" \/>\n<meta name=\"twitter:label1\" content=\"Written by\" \/>\n\t<meta name=\"twitter:data1\" content=\"Joven Esperanza\" \/>\n\t<meta name=\"twitter:label2\" content=\"Est. reading time\" \/>\n\t<meta name=\"twitter:data2\" content=\"3 minutes\" \/>\n<script type=\"application\/ld+json\" class=\"yoast-schema-graph\">{\"@context\":\"https:\/\/schema.org\",\"@graph\":[{\"@type\":\"Article\",\"@id\":\"https:\/\/joven-esperanza.de\/blog\/mitgliederversammlung2023\/#article\",\"isPartOf\":{\"@id\":\"https:\/\/joven-esperanza.de\/blog\/mitgliederversammlung2023\/\"},\"author\":{\"name\":\"Joven Esperanza\",\"@id\":\"https:\/\/joven-esperanza.de\/#\/schema\/person\/05b4ae1a74d76612f45fe8c2fb62040e\"},\"headline\":\"Gro\u00dfes Wiedersehen bei der Mitgliederversammlung im M\u00e4rz\",\"datePublished\":\"2023-04-16T08:40:14+00:00\",\"dateModified\":\"2023-12-07T17:31:02+00:00\",\"mainEntityOfPage\":{\"@id\":\"https:\/\/joven-esperanza.de\/blog\/mitgliederversammlung2023\/\"},\"wordCount\":611,\"publisher\":{\"@id\":\"https:\/\/joven-esperanza.de\/#organization\"},\"image\":{\"@id\":\"https:\/\/joven-esperanza.de\/blog\/mitgliederversammlung2023\/#primaryimage\"},\"thumbnailUrl\":\"https:\/\/joven-esperanza.de\/wp-content\/uploads\/2023\/04\/WhatsApp-Image-2023-03-26-at-18.11.34.jpeg\",\"articleSection\":[\"Mitgliederversammlung\",\"News\"],\"inLanguage\":\"es-BO\"},{\"@type\":\"WebPage\",\"@id\":\"https:\/\/joven-esperanza.de\/blog\/mitgliederversammlung2023\/\",\"url\":\"https:\/\/joven-esperanza.de\/blog\/mitgliederversammlung2023\/\",\"name\":\"Gro\u00dfes Wiedersehen bei der Mitgliederversammlung im M\u00e4rz - Joven Esperanza e.V.\",\"isPartOf\":{\"@id\":\"https:\/\/joven-esperanza.de\/#website\"},\"primaryImageOfPage\":{\"@id\":\"https:\/\/joven-esperanza.de\/blog\/mitgliederversammlung2023\/#primaryimage\"},\"image\":{\"@id\":\"https:\/\/joven-esperanza.de\/blog\/mitgliederversammlung2023\/#primaryimage\"},\"thumbnailUrl\":\"https:\/\/joven-esperanza.de\/wp-content\/uploads\/2023\/04\/WhatsApp-Image-2023-03-26-at-18.11.34.jpeg\",\"datePublished\":\"2023-04-16T08:40:14+00:00\",\"dateModified\":\"2023-12-07T17:31:02+00:00\",\"breadcrumb\":{\"@id\":\"https:\/\/joven-esperanza.de\/blog\/mitgliederversammlung2023\/#breadcrumb\"},\"inLanguage\":\"es-BO\",\"potentialAction\":[{\"@type\":\"ReadAction\",\"target\":[\"https:\/\/joven-esperanza.de\/blog\/mitgliederversammlung2023\/\"]}]},{\"@type\":\"ImageObject\",\"inLanguage\":\"es-BO\",\"@id\":\"https:\/\/joven-esperanza.de\/blog\/mitgliederversammlung2023\/#primaryimage\",\"url\":\"https:\/\/joven-esperanza.de\/wp-content\/uploads\/2023\/04\/WhatsApp-Image-2023-03-26-at-18.11.34.jpeg\",\"contentUrl\":\"https:\/\/joven-esperanza.de\/wp-content\/uploads\/2023\/04\/WhatsApp-Image-2023-03-26-at-18.11.34.jpeg\",\"width\":1600,\"height\":1200},{\"@type\":\"BreadcrumbList\",\"@id\":\"https:\/\/joven-esperanza.de\/blog\/mitgliederversammlung2023\/#breadcrumb\",\"itemListElement\":[{\"@type\":\"ListItem\",\"position\":1,\"name\":\"Startseite\",\"item\":\"https:\/\/joven-esperanza.de\/\"},{\"@type\":\"ListItem\",\"position\":2,\"name\":\"Gro\u00dfes Wiedersehen bei der Mitgliederversammlung im M\u00e4rz\"}]},{\"@type\":\"WebSite\",\"@id\":\"https:\/\/joven-esperanza.de\/#website\",\"url\":\"https:\/\/joven-esperanza.de\/\",\"name\":\"Joven Esperanza e.V.\",\"description\":\"Kindern in Camiri eine Zukunft bieten\",\"publisher\":{\"@id\":\"https:\/\/joven-esperanza.de\/#organization\"},\"potentialAction\":[{\"@type\":\"SearchAction\",\"target\":{\"@type\":\"EntryPoint\",\"urlTemplate\":\"https:\/\/joven-esperanza.de\/?s={search_term_string}\"},\"query-input\":{\"@type\":\"PropertyValueSpecification\",\"valueRequired\":true,\"valueName\":\"search_term_string\"}}],\"inLanguage\":\"es-BO\"},{\"@type\":\"Organization\",\"@id\":\"https:\/\/joven-esperanza.de\/#organization\",\"name\":\"Joven Esperanza e.V.\",\"url\":\"https:\/\/joven-esperanza.de\/\",\"logo\":{\"@type\":\"ImageObject\",\"inLanguage\":\"es-BO\",\"@id\":\"https:\/\/joven-esperanza.de\/#\/schema\/logo\/image\/\",\"url\":\"https:\/\/joven-esperanza.de\/wp-content\/uploads\/2024\/02\/joven-esperanza.png\",\"contentUrl\":\"https:\/\/joven-esperanza.de\/wp-content\/uploads\/2024\/02\/joven-esperanza.png\",\"width\":4738,\"height\":1324,\"caption\":\"Joven Esperanza e.V.\"},\"image\":{\"@id\":\"https:\/\/joven-esperanza.de\/#\/schema\/logo\/image\/\"},\"sameAs\":[\"https:\/\/www.facebook.com\/JovenEsperanza\",\"https:\/\/www.instagram.com\/joven_esperanza_ev\/\",\"https:\/\/www.linkedin.com\/company\/joven-esperanza-e.v.\/\",\"https:\/\/www.youtube.com\/@joven.esperanza\"]},{\"@type\":\"Person\",\"@id\":\"https:\/\/joven-esperanza.de\/#\/schema\/person\/05b4ae1a74d76612f45fe8c2fb62040e\",\"name\":\"Joven Esperanza\",\"image\":{\"@type\":\"ImageObject\",\"inLanguage\":\"es-BO\",\"@id\":\"https:\/\/joven-esperanza.de\/#\/schema\/person\/image\/\",\"url\":\"https:\/\/secure.gravatar.com\/avatar\/e517935b4b2a02445a70c803291d229ef42b7962df094c3c9edf5b7aac19750c?s=96&d=mm&r=g\",\"contentUrl\":\"https:\/\/secure.gravatar.com\/avatar\/e517935b4b2a02445a70c803291d229ef42b7962df094c3c9edf5b7aac19750c?s=96&d=mm&r=g\",\"caption\":\"Joven Esperanza\"},\"sameAs\":[\"https:\/\/dev.joven-esperanza.de\"]}]}<\/script>\n<!-- \/ Yoast SEO plugin. -->","yoast_head_json":{"title":"Gro\u00dfes Wiedersehen bei der Mitgliederversammlung im M\u00e4rz - Joven Esperanza e.V.","robots":{"index":"index","follow":"follow","max-snippet":"max-snippet:-1","max-image-preview":"max-image-preview:large","max-video-preview":"max-video-preview:-1"},"canonical":"https:\/\/joven-esperanza.de\/es\/blog\/mitgliederversammlung2023\/","og_locale":"es_ES","og_type":"article","og_title":"Gro\u00dfes Wiedersehen bei der Mitgliederversammlung im M\u00e4rz - Joven Esperanza e.V.","og_description":"Am 26. M\u00e4rz war es endlich wieder so weit: Eine Joven Esperanza-Mitgliederversammlung in Pr\u00e4senz! Zumindest f\u00fcr die etwa 15 Mitglieder und Interessierte, die bei bestem Fr\u00fchlingswetter in der Begegnungsst\u00e4tte Bergstedt zusammengekommen sind. Alle anderen hatten die M\u00f6glichkeit, digital \u00fcber Zoom teilzunehmen. Toll, dass auch die hybride Form so gut geklappt hat und so viele von [&hellip;]","og_url":"https:\/\/joven-esperanza.de\/es\/blog\/mitgliederversammlung2023\/","og_site_name":"Joven Esperanza e.V.","article_publisher":"https:\/\/www.facebook.com\/JovenEsperanza","article_published_time":"2023-04-16T08:40:14+00:00","article_modified_time":"2023-12-07T17:31:02+00:00","og_image":[{"width":1600,"height":1200,"url":"https:\/\/joven-esperanza.de\/wp-content\/uploads\/2023\/04\/WhatsApp-Image-2023-03-26-at-18.11.34.jpeg","type":"image\/jpeg"}],"author":"Joven Esperanza","twitter_card":"summary_large_image","twitter_misc":{"Written by":"Joven Esperanza","Est. reading time":"3 minutes"},"schema":{"@context":"https:\/\/schema.org","@graph":[{"@type":"Article","@id":"https:\/\/joven-esperanza.de\/blog\/mitgliederversammlung2023\/#article","isPartOf":{"@id":"https:\/\/joven-esperanza.de\/blog\/mitgliederversammlung2023\/"},"author":{"name":"Joven Esperanza","@id":"https:\/\/joven-esperanza.de\/#\/schema\/person\/05b4ae1a74d76612f45fe8c2fb62040e"},"headline":"Gro\u00dfes Wiedersehen bei der Mitgliederversammlung im M\u00e4rz","datePublished":"2023-04-16T08:40:14+00:00","dateModified":"2023-12-07T17:31:02+00:00","mainEntityOfPage":{"@id":"https:\/\/joven-esperanza.de\/blog\/mitgliederversammlung2023\/"},"wordCount":611,"publisher":{"@id":"https:\/\/joven-esperanza.de\/#organization"},"image":{"@id":"https:\/\/joven-esperanza.de\/blog\/mitgliederversammlung2023\/#primaryimage"},"thumbnailUrl":"https:\/\/joven-esperanza.de\/wp-content\/uploads\/2023\/04\/WhatsApp-Image-2023-03-26-at-18.11.34.jpeg","articleSection":["Mitgliederversammlung","News"],"inLanguage":"es-BO"},{"@type":"WebPage","@id":"https:\/\/joven-esperanza.de\/blog\/mitgliederversammlung2023\/","url":"https:\/\/joven-esperanza.de\/blog\/mitgliederversammlung2023\/","name":"Gro\u00dfes Wiedersehen bei der Mitgliederversammlung im M\u00e4rz - Joven Esperanza e.V.","isPartOf":{"@id":"https:\/\/joven-esperanza.de\/#website"},"primaryImageOfPage":{"@id":"https:\/\/joven-esperanza.de\/blog\/mitgliederversammlung2023\/#primaryimage"},"image":{"@id":"https:\/\/joven-esperanza.de\/blog\/mitgliederversammlung2023\/#primaryimage"},"thumbnailUrl":"https:\/\/joven-esperanza.de\/wp-content\/uploads\/2023\/04\/WhatsApp-Image-2023-03-26-at-18.11.34.jpeg","datePublished":"2023-04-16T08:40:14+00:00","dateModified":"2023-12-07T17:31:02+00:00","breadcrumb":{"@id":"https:\/\/joven-esperanza.de\/blog\/mitgliederversammlung2023\/#breadcrumb"},"inLanguage":"es-BO","potentialAction":[{"@type":"ReadAction","target":["https:\/\/joven-esperanza.de\/blog\/mitgliederversammlung2023\/"]}]},{"@type":"ImageObject","inLanguage":"es-BO","@id":"https:\/\/joven-esperanza.de\/blog\/mitgliederversammlung2023\/#primaryimage","url":"https:\/\/joven-esperanza.de\/wp-content\/uploads\/2023\/04\/WhatsApp-Image-2023-03-26-at-18.11.34.jpeg","contentUrl":"https:\/\/joven-esperanza.de\/wp-content\/uploads\/2023\/04\/WhatsApp-Image-2023-03-26-at-18.11.34.jpeg","width":1600,"height":1200},{"@type":"BreadcrumbList","@id":"https:\/\/joven-esperanza.de\/blog\/mitgliederversammlung2023\/#breadcrumb","itemListElement":[{"@type":"ListItem","position":1,"name":"Startseite","item":"https:\/\/joven-esperanza.de\/"},{"@type":"ListItem","position":2,"name":"Gro\u00dfes Wiedersehen bei der Mitgliederversammlung im M\u00e4rz"}]},{"@type":"WebSite","@id":"https:\/\/joven-esperanza.de\/#website","url":"https:\/\/joven-esperanza.de\/","name":"Joven Esperanza e.V.","description":"Kindern in Camiri eine Zukunft bieten","publisher":{"@id":"https:\/\/joven-esperanza.de\/#organization"},"potentialAction":[{"@type":"SearchAction","target":{"@type":"EntryPoint","urlTemplate":"https:\/\/joven-esperanza.de\/?s={search_term_string}"},"query-input":{"@type":"PropertyValueSpecification","valueRequired":true,"valueName":"search_term_string"}}],"inLanguage":"es-BO"},{"@type":"Organization","@id":"https:\/\/joven-esperanza.de\/#organization","name":"Joven Esperanza e.V.","url":"https:\/\/joven-esperanza.de\/","logo":{"@type":"ImageObject","inLanguage":"es-BO","@id":"https:\/\/joven-esperanza.de\/#\/schema\/logo\/image\/","url":"https:\/\/joven-esperanza.de\/wp-content\/uploads\/2024\/02\/joven-esperanza.png","contentUrl":"https:\/\/joven-esperanza.de\/wp-content\/uploads\/2024\/02\/joven-esperanza.png","width":4738,"height":1324,"caption":"Joven Esperanza e.V."},"image":{"@id":"https:\/\/joven-esperanza.de\/#\/schema\/logo\/image\/"},"sameAs":["https:\/\/www.facebook.com\/JovenEsperanza","https:\/\/www.instagram.com\/joven_esperanza_ev\/","https:\/\/www.linkedin.com\/company\/joven-esperanza-e.v.\/","https:\/\/www.youtube.com\/@joven.esperanza"]},{"@type":"Person","@id":"https:\/\/joven-esperanza.de\/#\/schema\/person\/05b4ae1a74d76612f45fe8c2fb62040e","name":"Joven Esperanza","image":{"@type":"ImageObject","inLanguage":"es-BO","@id":"https:\/\/joven-esperanza.de\/#\/schema\/person\/image\/","url":"https:\/\/secure.gravatar.com\/avatar\/e517935b4b2a02445a70c803291d229ef42b7962df094c3c9edf5b7aac19750c?s=96&d=mm&r=g","contentUrl":"https:\/\/secure.gravatar.com\/avatar\/e517935b4b2a02445a70c803291d229ef42b7962df094c3c9edf5b7aac19750c?s=96&d=mm&r=g","caption":"Joven Esperanza"},"sameAs":["https:\/\/dev.joven-esperanza.de"]}]}},"uagb_featured_image_src":{"full":["https:\/\/joven-esperanza.de\/wp-content\/uploads\/2023\/04\/WhatsApp-Image-2023-03-26-at-18.11.34.jpeg",1600,1200,false],"thumbnail":["https:\/\/joven-esperanza.de\/wp-content\/uploads\/2023\/04\/WhatsApp-Image-2023-03-26-at-18.11.34-150x150.jpeg",150,150,true],"medium":["https:\/\/joven-esperanza.de\/wp-content\/uploads\/2023\/04\/WhatsApp-Image-2023-03-26-at-18.11.34-300x225.jpeg",300,225,true],"medium_large":["https:\/\/joven-esperanza.de\/wp-content\/uploads\/2023\/04\/WhatsApp-Image-2023-03-26-at-18.11.34-768x576.jpeg",768,576,true],"large":["https:\/\/joven-esperanza.de\/wp-content\/uploads\/2023\/04\/WhatsApp-Image-2023-03-26-at-18.11.34-1024x768.jpeg",1024,768,true],"1536x1536":["https:\/\/joven-esperanza.de\/wp-content\/uploads\/2023\/04\/WhatsApp-Image-2023-03-26-at-18.11.34-1536x1152.jpeg",1536,1152,true],"2048x2048":["https:\/\/joven-esperanza.de\/wp-content\/uploads\/2023\/04\/WhatsApp-Image-2023-03-26-at-18.11.34.jpeg",1600,1200,false],"trp-custom-language-flag":["https:\/\/joven-esperanza.de\/wp-content\/uploads\/2023\/04\/WhatsApp-Image-2023-03-26-at-18.11.34.jpeg",16,12,false]},"uagb_author_info":{"display_name":"Joven Esperanza","author_link":"https:\/\/joven-esperanza.de\/es\/blog\/author\/admin\/"},"uagb_comment_info":0,"uagb_excerpt":"Am 26. M\u00e4rz war es endlich wieder so weit: Eine Joven Esperanza-Mitgliederversammlung in Pr\u00e4senz! Zumindest f\u00fcr die etwa 15 Mitglieder und Interessierte, die bei bestem Fr\u00fchlingswetter in der Begegnungsst\u00e4tte Bergstedt zusammengekommen sind. Alle anderen hatten die M\u00f6glichkeit, digital \u00fcber Zoom teilzunehmen. Toll, dass auch die hybride Form so gut geklappt hat und so viele von&hellip;","_links":{"self":[{"href":"https:\/\/joven-esperanza.de\/es\/wp-json\/wp\/v2\/posts\/1129","targetHints":{"allow":["GET"]}}],"collection":[{"href":"https:\/\/joven-esperanza.de\/es\/wp-json\/wp\/v2\/posts"}],"about":[{"href":"https:\/\/joven-esperanza.de\/es\/wp-json\/wp\/v2\/types\/post"}],"author":[{"embeddable":true,"href":"https:\/\/joven-esperanza.de\/es\/wp-json\/wp\/v2\/users\/1"}],"replies":[{"embeddable":true,"href":"https:\/\/joven-esperanza.de\/es\/wp-json\/wp\/v2\/comments?post=1129"}],"version-history":[{"count":1,"href":"https:\/\/joven-esperanza.de\/es\/wp-json\/wp\/v2\/posts\/1129\/revisions"}],"predecessor-version":[{"id":3046,"href":"https:\/\/joven-esperanza.de\/es\/wp-json\/wp\/v2\/posts\/1129\/revisions\/3046"}],"wp:featuredmedia":[{"embeddable":true,"href":"https:\/\/joven-esperanza.de\/es\/wp-json\/wp\/v2\/media\/1131"}],"wp:attachment":[{"href":"https:\/\/joven-esperanza.de\/es\/wp-json\/wp\/v2\/media?parent=1129"}],"wp:term":[{"taxonomy":"category","embeddable":true,"href":"https:\/\/joven-esperanza.de\/es\/wp-json\/wp\/v2\/categories?post=1129"},{"taxonomy":"post_tag","embeddable":true,"href":"https:\/\/joven-esperanza.de\/es\/wp-json\/wp\/v2\/tags?post=1129"}],"curies":[{"name":"wp","href":"https:\/\/api.w.org\/{rel}","templated":true}]}}