{"id":3036,"date":"2013-12-10T16:37:49","date_gmt":"2013-12-10T16:37:49","guid":{"rendered":"https:\/\/dev.joven-esperanza.de\/wir-haben-ein-haus\/"},"modified":"2024-02-20T07:24:41","modified_gmt":"2024-02-20T07:24:41","slug":"wir-haben-ein-haus","status":"publish","type":"post","link":"https:\/\/joven-esperanza.de\/es\/blog\/wir-haben-ein-haus\/","title":{"rendered":"Wir haben ein Haus"},"content":{"rendered":"<p>Den ganzen Monat Januar 2013 \u00fcber war das\u00a0<a href=\"https:\/\/joven-esperanza.de\/index.php\/jumping-girl\/\" data-type=\"URL\" data-id=\"https:\/\/joven-esperanza.de\/index.php\/jumping-girl\/\">PENADER<\/a>-Team\u00a0auf der Suche nach geeigneten R\u00e4umlichkeiten. Jetzt konnten sie ein geeignetes Haus zur Miete finden, das f\u00fcr die Kinder und Jugendlichen zu Fu\u00df gut erreichbar ist.<br>Der gr\u00f6\u00dfte Raum des Hauses wird mit Tischen und St\u00fchlen ausgestattet werden. Dort k\u00f6nnen die Kinder und Jugendlichen mit den Erziehern zusammen zu Mittag essen und ihre Hausaufgaben machen. Daneben liegen drei kleinere R\u00e4ume dort. Dort ensteht Platz f\u00fcr Nachhilfestunden in Kleingruppen und ein kleines B\u00fcro f\u00fcr die Organisation des <a href=\"https:\/\/joven-esperanza.de\/index.php\/jumping-girl\/\" data-type=\"URL\" data-id=\"https:\/\/joven-esperanza.de\/index.php\/jumping-girl\/\">PENADER<\/a>.<br>Dank\u00a0eurer Spenden k\u00f6nnen wir als F\u00f6rderverein Joven Esperanza e.V. die Mietkosten f\u00fcr die ersten Monate des Jahres \u00fcbernehmen. Wir hoffen, dass wir weiterhin mit eurer Unterst\u00fctzung z\u00e4hlen k\u00f6nnen und noch weitere Spender und Mitglieder finden. Nur so k\u00f6nnen wir das Haus f\u00fcr dieses Jahr finanzieren und gleichzeitig das <a href=\"https:\/\/joven-esperanza.de\/index.php\/jumping-girl\/\" data-type=\"URL\" data-id=\"https:\/\/joven-esperanza.de\/index.php\/jumping-girl\/\">PENADER<\/a> bei seinen eigentlichen Aufgaben zum Wohl der Kinder und Jugendlichen unterst\u00fctzen.<\/p>\n\n\n\n<figure class=\"wp-block-image size-large is-resized is-style-rounded\"><img loading=\"lazy\" decoding=\"async\" src=\"https:\/\/joven-esperanza.de\/wp-content\/uploads\/2020\/09\/3C03ABC8-6D64-4514-B7B4-DB94AA3442F2-683x1024.jpeg\" alt=\"\" class=\"wp-image-352\" width=\"447\" height=\"512\"\/><\/figure>\n\n\n\n<p><strong>Wie geht es jetzt mit dem <a href=\"https:\/\/joven-esperanza.de\/index.php\/jumping-girl\/\" data-type=\"URL\" data-id=\"https:\/\/joven-esperanza.de\/index.php\/jumping-girl\/\">PENADER<\/a> weiter?<\/strong><br>Mitte diesen Monats beginnt nach den langen Sommerferien der Schulunterricht. Deswegen k\u00f6nnen sich die Kinder und Jugendlichen \u00fcber den gesamten Monat in das <a href=\"https:\/\/joven-esperanza.de\/index.php\/jumping-girl\/\" data-type=\"URL\" data-id=\"https:\/\/joven-esperanza.de\/index.php\/jumping-girl\/\">PENADER<\/a> einschreiben. Im M\u00e4rz, wenn nach Karneval wieder regul\u00e4rer Unterricht stattfindet, soll das <a href=\"https:\/\/joven-esperanza.de\/index.php\/jumping-girl\/\" data-type=\"URL\" data-id=\"https:\/\/joven-esperanza.de\/index.php\/jumping-girl\/\">PENADER<\/a> er\u00f6ffnen.<br>Bis dahin gibt es noch allerhand zu tun: Das komplette Haus braucht eine Grundaussstattung. So wird sich das <a href=\"https:\/\/joven-esperanza.de\/index.php\/jumping-girl\/\" data-type=\"URL\" data-id=\"https:\/\/joven-esperanza.de\/index.php\/jumping-girl\/\">PENADER<\/a>-Team in Camiri und Umgebung um zahlreiche Sachspenden bem\u00fchen. Es fehlen Tischen, St\u00fchle, Tafeln, ein Herd f\u00fcr die K\u00fcche und und und&#8230;<br>Wir sch\u00e4tzen es sehr, dass sich das <a href=\"https:\/\/joven-esperanza.de\/index.php\/jumping-girl\/\" data-type=\"URL\" data-id=\"https:\/\/joven-esperanza.de\/index.php\/jumping-girl\/\">PENADER<\/a> in diesem Punkt nicht auf Spenden aus Deutschland verl\u00e4\u00dft, sondern mit gro\u00dfen Engagement erst einmal die M\u00f6glichkeiten, die es in Bolivien hat, aussch\u00f6pft.<\/p>\n\n\n\n<p>Auf den Bildern in der untenstehenden Gallerie, k\u00f6nnt ihr das Haus in Augenschein nehmen.<\/p>\n\n\n\n<p><strong>Noch kein Vereinsmitglied? Dann unterst\u00fctz auch du das PENADER mit einer Mitgliedschaft<\/strong>.<\/p>\n\n\n\n<div class=\"wp-block-buttons is-layout-flex wp-block-buttons-is-layout-flex\">\n<div class=\"wp-block-button\"><a class=\"wp-block-button__link has-white-color has-vivid-green-cyan-background-color has-text-color has-background\" href=\"https:\/\/joven-esperanza.de\/index.php\/cool-design\/werde-mitglied\/\" rel=\"https:\/\/joven-esperanza.de\/index.php\/cool-design\/werde-mitglied\/\">Werde jetzt Mitglied<\/a><\/div>\n<\/div>","protected":false},"excerpt":{"rendered":"<p>Den ganzen Monat Januar 2013 \u00fcber war das\u00a0PENADER-Team\u00a0auf der Suche nach geeigneten R\u00e4umlichkeiten. Jetzt konnten sie ein geeignetes Haus zur Miete finden, das f\u00fcr die Kinder und Jugendlichen zu Fu\u00df gut erreichbar ist.Der gr\u00f6\u00dfte Raum des Hauses wird mit Tischen und St\u00fchlen ausgestattet werden. Dort k\u00f6nnen die Kinder und Jugendlichen mit den Erziehern zusammen zu [&hellip;]<\/p>","protected":false},"author":1,"featured_media":352,"comment_status":"closed","ping_status":"closed","sticky":false,"template":"","format":"standard","meta":{"_uag_custom_page_level_css":"","site-sidebar-layout":"default","site-content-layout":"","ast-site-content-layout":"default","site-content-style":"default","site-sidebar-style":"default","ast-global-header-display":"","ast-banner-title-visibility":"","ast-main-header-display":"","ast-hfb-above-header-display":"","ast-hfb-below-header-display":"","ast-hfb-mobile-header-display":"","site-post-title":"","ast-breadcrumbs-content":"","ast-featured-img":"","footer-sml-layout":"","theme-transparent-header-meta":"","adv-header-id-meta":"","stick-header-meta":"","header-above-stick-meta":"","header-main-stick-meta":"","header-below-stick-meta":"","astra-migrate-meta-layouts":"set","ast-page-background-enabled":"default","ast-page-background-meta":{"desktop":{"background-color":"var(--ast-global-color-4)","background-image":"","background-repeat":"repeat","background-position":"center center","background-size":"auto","background-attachment":"scroll","background-type":"","background-media":"","overlay-type":"","overlay-color":"","overlay-gradient":""},"tablet":{"background-color":"","background-image":"","background-repeat":"repeat","background-position":"center center","background-size":"auto","background-attachment":"scroll","background-type":"","background-media":"","overlay-type":"","overlay-color":"","overlay-gradient":""},"mobile":{"background-color":"","background-image":"","background-repeat":"repeat","background-position":"center center","background-size":"auto","background-attachment":"scroll","background-type":"","background-media":"","overlay-type":"","overlay-color":"","overlay-gradient":""}},"ast-content-background-meta":{"desktop":{"background-color":"var(--ast-global-color-5)","background-image":"","background-repeat":"repeat","background-position":"center center","background-size":"auto","background-attachment":"scroll","background-type":"","background-media":"","overlay-type":"","overlay-color":"","overlay-gradient":""},"tablet":{"background-color":"var(--ast-global-color-5)","background-image":"","background-repeat":"repeat","background-position":"center center","background-size":"auto","background-attachment":"scroll","background-type":"","background-media":"","overlay-type":"","overlay-color":"","overlay-gradient":""},"mobile":{"background-color":"var(--ast-global-color-5)","background-image":"","background-repeat":"repeat","background-position":"center center","background-size":"auto","background-attachment":"scroll","background-type":"","background-media":"","overlay-type":"","overlay-color":"","overlay-gradient":""}},"footnotes":""},"categories":[11,12],"tags":[],"class_list":["post-3036","post","type-post","status-publish","format-standard","has-post-thumbnail","hentry","category-penader","category-news"],"yoast_head":"<!-- This site is optimized with the Yoast SEO plugin v25.0 - https:\/\/yoast.com\/wordpress\/plugins\/seo\/ -->\n<title>Wir haben ein Haus - Joven Esperanza e.V.<\/title>\n<meta name=\"robots\" content=\"index, follow, max-snippet:-1, max-image-preview:large, max-video-preview:-1\" \/>\n<link rel=\"canonical\" href=\"https:\/\/joven-esperanza.de\/es\/blog\/wir-haben-ein-haus\/\" \/>\n<meta property=\"og:locale\" content=\"es_ES\" \/>\n<meta property=\"og:type\" content=\"article\" \/>\n<meta property=\"og:title\" content=\"Wir haben ein Haus - Joven Esperanza e.V.\" \/>\n<meta property=\"og:description\" content=\"Den ganzen Monat Januar 2013 \u00fcber war das\u00a0PENADER-Team\u00a0auf der Suche nach geeigneten R\u00e4umlichkeiten. Jetzt konnten sie ein geeignetes Haus zur Miete finden, das f\u00fcr die Kinder und Jugendlichen zu Fu\u00df gut erreichbar ist.Der gr\u00f6\u00dfte Raum des Hauses wird mit Tischen und St\u00fchlen ausgestattet werden. Dort k\u00f6nnen die Kinder und Jugendlichen mit den Erziehern zusammen zu [&hellip;]\" \/>\n<meta property=\"og:url\" content=\"https:\/\/joven-esperanza.de\/es\/blog\/wir-haben-ein-haus\/\" \/>\n<meta property=\"og:site_name\" content=\"Joven Esperanza e.V.\" \/>\n<meta property=\"article:publisher\" content=\"https:\/\/www.facebook.com\/JovenEsperanza\" \/>\n<meta property=\"article:published_time\" content=\"2013-12-10T16:37:49+00:00\" \/>\n<meta property=\"article:modified_time\" content=\"2024-02-20T07:24:41+00:00\" \/>\n<meta property=\"og:image\" content=\"https:\/\/joven-esperanza.de\/wp-content\/uploads\/2020\/09\/3C03ABC8-6D64-4514-B7B4-DB94AA3442F2-scaled-1.jpeg\" \/>\n\t<meta property=\"og:image:width\" content=\"1707\" \/>\n\t<meta property=\"og:image:height\" content=\"2560\" \/>\n\t<meta property=\"og:image:type\" content=\"image\/jpeg\" \/>\n<meta name=\"author\" content=\"Joven Esperanza\" \/>\n<meta name=\"twitter:card\" content=\"summary_large_image\" \/>\n<meta name=\"twitter:label1\" content=\"Written by\" \/>\n\t<meta name=\"twitter:data1\" content=\"Joven Esperanza\" \/>\n\t<meta name=\"twitter:label2\" content=\"Est. reading time\" \/>\n\t<meta name=\"twitter:data2\" content=\"2 minutes\" \/>\n<script type=\"application\/ld+json\" class=\"yoast-schema-graph\">{\"@context\":\"https:\/\/schema.org\",\"@graph\":[{\"@type\":\"Article\",\"@id\":\"https:\/\/joven-esperanza.de\/blog\/wir-haben-ein-haus\/#article\",\"isPartOf\":{\"@id\":\"https:\/\/joven-esperanza.de\/blog\/wir-haben-ein-haus\/\"},\"author\":{\"name\":\"Joven Esperanza\",\"@id\":\"https:\/\/joven-esperanza.de\/#\/schema\/person\/05b4ae1a74d76612f45fe8c2fb62040e\"},\"headline\":\"Wir haben ein Haus\",\"datePublished\":\"2013-12-10T16:37:49+00:00\",\"dateModified\":\"2024-02-20T07:24:41+00:00\",\"mainEntityOfPage\":{\"@id\":\"https:\/\/joven-esperanza.de\/blog\/wir-haben-ein-haus\/\"},\"wordCount\":330,\"publisher\":{\"@id\":\"https:\/\/joven-esperanza.de\/#organization\"},\"image\":{\"@id\":\"https:\/\/joven-esperanza.de\/blog\/wir-haben-ein-haus\/#primaryimage\"},\"thumbnailUrl\":\"https:\/\/joven-esperanza.de\/wp-content\/uploads\/2020\/09\/3C03ABC8-6D64-4514-B7B4-DB94AA3442F2-scaled-1.jpeg\",\"articleSection\":[\"Infos vom PENADER\",\"News\"],\"inLanguage\":\"es-BO\"},{\"@type\":\"WebPage\",\"@id\":\"https:\/\/joven-esperanza.de\/blog\/wir-haben-ein-haus\/\",\"url\":\"https:\/\/joven-esperanza.de\/blog\/wir-haben-ein-haus\/\",\"name\":\"Wir haben ein Haus - Joven Esperanza e.V.\",\"isPartOf\":{\"@id\":\"https:\/\/joven-esperanza.de\/#website\"},\"primaryImageOfPage\":{\"@id\":\"https:\/\/joven-esperanza.de\/blog\/wir-haben-ein-haus\/#primaryimage\"},\"image\":{\"@id\":\"https:\/\/joven-esperanza.de\/blog\/wir-haben-ein-haus\/#primaryimage\"},\"thumbnailUrl\":\"https:\/\/joven-esperanza.de\/wp-content\/uploads\/2020\/09\/3C03ABC8-6D64-4514-B7B4-DB94AA3442F2-scaled-1.jpeg\",\"datePublished\":\"2013-12-10T16:37:49+00:00\",\"dateModified\":\"2024-02-20T07:24:41+00:00\",\"breadcrumb\":{\"@id\":\"https:\/\/joven-esperanza.de\/blog\/wir-haben-ein-haus\/#breadcrumb\"},\"inLanguage\":\"es-BO\",\"potentialAction\":[{\"@type\":\"ReadAction\",\"target\":[\"https:\/\/joven-esperanza.de\/blog\/wir-haben-ein-haus\/\"]}]},{\"@type\":\"ImageObject\",\"inLanguage\":\"es-BO\",\"@id\":\"https:\/\/joven-esperanza.de\/blog\/wir-haben-ein-haus\/#primaryimage\",\"url\":\"https:\/\/joven-esperanza.de\/wp-content\/uploads\/2020\/09\/3C03ABC8-6D64-4514-B7B4-DB94AA3442F2-scaled-1.jpeg\",\"contentUrl\":\"https:\/\/joven-esperanza.de\/wp-content\/uploads\/2020\/09\/3C03ABC8-6D64-4514-B7B4-DB94AA3442F2-scaled-1.jpeg\",\"width\":1707,\"height\":2560},{\"@type\":\"BreadcrumbList\",\"@id\":\"https:\/\/joven-esperanza.de\/blog\/wir-haben-ein-haus\/#breadcrumb\",\"itemListElement\":[{\"@type\":\"ListItem\",\"position\":1,\"name\":\"Startseite\",\"item\":\"https:\/\/joven-esperanza.de\/\"},{\"@type\":\"ListItem\",\"position\":2,\"name\":\"Wir haben ein Haus\"}]},{\"@type\":\"WebSite\",\"@id\":\"https:\/\/joven-esperanza.de\/#website\",\"url\":\"https:\/\/joven-esperanza.de\/\",\"name\":\"Joven Esperanza e.V.\",\"description\":\"Kindern in Camiri eine Zukunft bieten\",\"publisher\":{\"@id\":\"https:\/\/joven-esperanza.de\/#organization\"},\"potentialAction\":[{\"@type\":\"SearchAction\",\"target\":{\"@type\":\"EntryPoint\",\"urlTemplate\":\"https:\/\/joven-esperanza.de\/?s={search_term_string}\"},\"query-input\":{\"@type\":\"PropertyValueSpecification\",\"valueRequired\":true,\"valueName\":\"search_term_string\"}}],\"inLanguage\":\"es-BO\"},{\"@type\":\"Organization\",\"@id\":\"https:\/\/joven-esperanza.de\/#organization\",\"name\":\"Joven Esperanza e.V.\",\"url\":\"https:\/\/joven-esperanza.de\/\",\"logo\":{\"@type\":\"ImageObject\",\"inLanguage\":\"es-BO\",\"@id\":\"https:\/\/joven-esperanza.de\/#\/schema\/logo\/image\/\",\"url\":\"https:\/\/joven-esperanza.de\/wp-content\/uploads\/2024\/02\/joven-esperanza.png\",\"contentUrl\":\"https:\/\/joven-esperanza.de\/wp-content\/uploads\/2024\/02\/joven-esperanza.png\",\"width\":4738,\"height\":1324,\"caption\":\"Joven Esperanza e.V.\"},\"image\":{\"@id\":\"https:\/\/joven-esperanza.de\/#\/schema\/logo\/image\/\"},\"sameAs\":[\"https:\/\/www.facebook.com\/JovenEsperanza\",\"https:\/\/www.instagram.com\/joven_esperanza_ev\/\",\"https:\/\/www.linkedin.com\/company\/joven-esperanza-e.v.\/\",\"https:\/\/www.youtube.com\/@joven.esperanza\"]},{\"@type\":\"Person\",\"@id\":\"https:\/\/joven-esperanza.de\/#\/schema\/person\/05b4ae1a74d76612f45fe8c2fb62040e\",\"name\":\"Joven Esperanza\",\"image\":{\"@type\":\"ImageObject\",\"inLanguage\":\"es-BO\",\"@id\":\"https:\/\/joven-esperanza.de\/#\/schema\/person\/image\/\",\"url\":\"https:\/\/secure.gravatar.com\/avatar\/e517935b4b2a02445a70c803291d229ef42b7962df094c3c9edf5b7aac19750c?s=96&d=mm&r=g\",\"contentUrl\":\"https:\/\/secure.gravatar.com\/avatar\/e517935b4b2a02445a70c803291d229ef42b7962df094c3c9edf5b7aac19750c?s=96&d=mm&r=g\",\"caption\":\"Joven Esperanza\"},\"sameAs\":[\"https:\/\/dev.joven-esperanza.de\"]}]}<\/script>\n<!-- \/ Yoast SEO plugin. -->","yoast_head_json":{"title":"Wir haben ein Haus - Joven Esperanza e.V.","robots":{"index":"index","follow":"follow","max-snippet":"max-snippet:-1","max-image-preview":"max-image-preview:large","max-video-preview":"max-video-preview:-1"},"canonical":"https:\/\/joven-esperanza.de\/es\/blog\/wir-haben-ein-haus\/","og_locale":"es_ES","og_type":"article","og_title":"Wir haben ein Haus - Joven Esperanza e.V.","og_description":"Den ganzen Monat Januar 2013 \u00fcber war das\u00a0PENADER-Team\u00a0auf der Suche nach geeigneten R\u00e4umlichkeiten. Jetzt konnten sie ein geeignetes Haus zur Miete finden, das f\u00fcr die Kinder und Jugendlichen zu Fu\u00df gut erreichbar ist.Der gr\u00f6\u00dfte Raum des Hauses wird mit Tischen und St\u00fchlen ausgestattet werden. Dort k\u00f6nnen die Kinder und Jugendlichen mit den Erziehern zusammen zu [&hellip;]","og_url":"https:\/\/joven-esperanza.de\/es\/blog\/wir-haben-ein-haus\/","og_site_name":"Joven Esperanza e.V.","article_publisher":"https:\/\/www.facebook.com\/JovenEsperanza","article_published_time":"2013-12-10T16:37:49+00:00","article_modified_time":"2024-02-20T07:24:41+00:00","og_image":[{"width":1707,"height":2560,"url":"https:\/\/joven-esperanza.de\/wp-content\/uploads\/2020\/09\/3C03ABC8-6D64-4514-B7B4-DB94AA3442F2-scaled-1.jpeg","type":"image\/jpeg"}],"author":"Joven Esperanza","twitter_card":"summary_large_image","twitter_misc":{"Written by":"Joven Esperanza","Est. reading time":"2 minutes"},"schema":{"@context":"https:\/\/schema.org","@graph":[{"@type":"Article","@id":"https:\/\/joven-esperanza.de\/blog\/wir-haben-ein-haus\/#article","isPartOf":{"@id":"https:\/\/joven-esperanza.de\/blog\/wir-haben-ein-haus\/"},"author":{"name":"Joven Esperanza","@id":"https:\/\/joven-esperanza.de\/#\/schema\/person\/05b4ae1a74d76612f45fe8c2fb62040e"},"headline":"Wir haben ein Haus","datePublished":"2013-12-10T16:37:49+00:00","dateModified":"2024-02-20T07:24:41+00:00","mainEntityOfPage":{"@id":"https:\/\/joven-esperanza.de\/blog\/wir-haben-ein-haus\/"},"wordCount":330,"publisher":{"@id":"https:\/\/joven-esperanza.de\/#organization"},"image":{"@id":"https:\/\/joven-esperanza.de\/blog\/wir-haben-ein-haus\/#primaryimage"},"thumbnailUrl":"https:\/\/joven-esperanza.de\/wp-content\/uploads\/2020\/09\/3C03ABC8-6D64-4514-B7B4-DB94AA3442F2-scaled-1.jpeg","articleSection":["Infos vom PENADER","News"],"inLanguage":"es-BO"},{"@type":"WebPage","@id":"https:\/\/joven-esperanza.de\/blog\/wir-haben-ein-haus\/","url":"https:\/\/joven-esperanza.de\/blog\/wir-haben-ein-haus\/","name":"Wir haben ein Haus - Joven Esperanza e.V.","isPartOf":{"@id":"https:\/\/joven-esperanza.de\/#website"},"primaryImageOfPage":{"@id":"https:\/\/joven-esperanza.de\/blog\/wir-haben-ein-haus\/#primaryimage"},"image":{"@id":"https:\/\/joven-esperanza.de\/blog\/wir-haben-ein-haus\/#primaryimage"},"thumbnailUrl":"https:\/\/joven-esperanza.de\/wp-content\/uploads\/2020\/09\/3C03ABC8-6D64-4514-B7B4-DB94AA3442F2-scaled-1.jpeg","datePublished":"2013-12-10T16:37:49+00:00","dateModified":"2024-02-20T07:24:41+00:00","breadcrumb":{"@id":"https:\/\/joven-esperanza.de\/blog\/wir-haben-ein-haus\/#breadcrumb"},"inLanguage":"es-BO","potentialAction":[{"@type":"ReadAction","target":["https:\/\/joven-esperanza.de\/blog\/wir-haben-ein-haus\/"]}]},{"@type":"ImageObject","inLanguage":"es-BO","@id":"https:\/\/joven-esperanza.de\/blog\/wir-haben-ein-haus\/#primaryimage","url":"https:\/\/joven-esperanza.de\/wp-content\/uploads\/2020\/09\/3C03ABC8-6D64-4514-B7B4-DB94AA3442F2-scaled-1.jpeg","contentUrl":"https:\/\/joven-esperanza.de\/wp-content\/uploads\/2020\/09\/3C03ABC8-6D64-4514-B7B4-DB94AA3442F2-scaled-1.jpeg","width":1707,"height":2560},{"@type":"BreadcrumbList","@id":"https:\/\/joven-esperanza.de\/blog\/wir-haben-ein-haus\/#breadcrumb","itemListElement":[{"@type":"ListItem","position":1,"name":"Startseite","item":"https:\/\/joven-esperanza.de\/"},{"@type":"ListItem","position":2,"name":"Wir haben ein Haus"}]},{"@type":"WebSite","@id":"https:\/\/joven-esperanza.de\/#website","url":"https:\/\/joven-esperanza.de\/","name":"Joven Esperanza e.V.","description":"Kindern in Camiri eine Zukunft bieten","publisher":{"@id":"https:\/\/joven-esperanza.de\/#organization"},"potentialAction":[{"@type":"SearchAction","target":{"@type":"EntryPoint","urlTemplate":"https:\/\/joven-esperanza.de\/?s={search_term_string}"},"query-input":{"@type":"PropertyValueSpecification","valueRequired":true,"valueName":"search_term_string"}}],"inLanguage":"es-BO"},{"@type":"Organization","@id":"https:\/\/joven-esperanza.de\/#organization","name":"Joven Esperanza e.V.","url":"https:\/\/joven-esperanza.de\/","logo":{"@type":"ImageObject","inLanguage":"es-BO","@id":"https:\/\/joven-esperanza.de\/#\/schema\/logo\/image\/","url":"https:\/\/joven-esperanza.de\/wp-content\/uploads\/2024\/02\/joven-esperanza.png","contentUrl":"https:\/\/joven-esperanza.de\/wp-content\/uploads\/2024\/02\/joven-esperanza.png","width":4738,"height":1324,"caption":"Joven Esperanza e.V."},"image":{"@id":"https:\/\/joven-esperanza.de\/#\/schema\/logo\/image\/"},"sameAs":["https:\/\/www.facebook.com\/JovenEsperanza","https:\/\/www.instagram.com\/joven_esperanza_ev\/","https:\/\/www.linkedin.com\/company\/joven-esperanza-e.v.\/","https:\/\/www.youtube.com\/@joven.esperanza"]},{"@type":"Person","@id":"https:\/\/joven-esperanza.de\/#\/schema\/person\/05b4ae1a74d76612f45fe8c2fb62040e","name":"Joven Esperanza","image":{"@type":"ImageObject","inLanguage":"es-BO","@id":"https:\/\/joven-esperanza.de\/#\/schema\/person\/image\/","url":"https:\/\/secure.gravatar.com\/avatar\/e517935b4b2a02445a70c803291d229ef42b7962df094c3c9edf5b7aac19750c?s=96&d=mm&r=g","contentUrl":"https:\/\/secure.gravatar.com\/avatar\/e517935b4b2a02445a70c803291d229ef42b7962df094c3c9edf5b7aac19750c?s=96&d=mm&r=g","caption":"Joven Esperanza"},"sameAs":["https:\/\/dev.joven-esperanza.de"]}]}},"uagb_featured_image_src":{"full":["https:\/\/joven-esperanza.de\/wp-content\/uploads\/2020\/09\/3C03ABC8-6D64-4514-B7B4-DB94AA3442F2-scaled-1.jpeg",1707,2560,false],"thumbnail":["https:\/\/joven-esperanza.de\/wp-content\/uploads\/2020\/09\/3C03ABC8-6D64-4514-B7B4-DB94AA3442F2-scaled-1-150x150.jpeg",150,150,true],"medium":["https:\/\/joven-esperanza.de\/wp-content\/uploads\/2020\/09\/3C03ABC8-6D64-4514-B7B4-DB94AA3442F2-scaled-1-200x300.jpeg",200,300,true],"medium_large":["https:\/\/joven-esperanza.de\/wp-content\/uploads\/2020\/09\/3C03ABC8-6D64-4514-B7B4-DB94AA3442F2-scaled-1-768x1152.jpeg",768,1152,true],"large":["https:\/\/joven-esperanza.de\/wp-content\/uploads\/2020\/09\/3C03ABC8-6D64-4514-B7B4-DB94AA3442F2-scaled-1-683x1024.jpeg",683,1024,true],"1536x1536":["https:\/\/joven-esperanza.de\/wp-content\/uploads\/2020\/09\/3C03ABC8-6D64-4514-B7B4-DB94AA3442F2-scaled-1-1024x1536.jpeg",1024,1536,true],"2048x2048":["https:\/\/joven-esperanza.de\/wp-content\/uploads\/2020\/09\/3C03ABC8-6D64-4514-B7B4-DB94AA3442F2-scaled-1-1366x2048.jpeg",1366,2048,true],"trp-custom-language-flag":["https:\/\/joven-esperanza.de\/wp-content\/uploads\/2020\/09\/3C03ABC8-6D64-4514-B7B4-DB94AA3442F2-scaled-1.jpeg",8,12,false]},"uagb_author_info":{"display_name":"Joven Esperanza","author_link":"https:\/\/joven-esperanza.de\/es\/blog\/author\/admin\/"},"uagb_comment_info":0,"uagb_excerpt":"Den ganzen Monat Januar 2013 \u00fcber war das\u00a0PENADER-Team\u00a0auf der Suche nach geeigneten R\u00e4umlichkeiten. Jetzt konnten sie ein geeignetes Haus zur Miete finden, das f\u00fcr die Kinder und Jugendlichen zu Fu\u00df gut erreichbar ist.Der gr\u00f6\u00dfte Raum des Hauses wird mit Tischen und St\u00fchlen ausgestattet werden. Dort k\u00f6nnen die Kinder und Jugendlichen mit den Erziehern zusammen zu&hellip;","_links":{"self":[{"href":"https:\/\/joven-esperanza.de\/es\/wp-json\/wp\/v2\/posts\/3036","targetHints":{"allow":["GET"]}}],"collection":[{"href":"https:\/\/joven-esperanza.de\/es\/wp-json\/wp\/v2\/posts"}],"about":[{"href":"https:\/\/joven-esperanza.de\/es\/wp-json\/wp\/v2\/types\/post"}],"author":[{"embeddable":true,"href":"https:\/\/joven-esperanza.de\/es\/wp-json\/wp\/v2\/users\/1"}],"replies":[{"embeddable":true,"href":"https:\/\/joven-esperanza.de\/es\/wp-json\/wp\/v2\/comments?post=3036"}],"version-history":[{"count":2,"href":"https:\/\/joven-esperanza.de\/es\/wp-json\/wp\/v2\/posts\/3036\/revisions"}],"predecessor-version":[{"id":3558,"href":"https:\/\/joven-esperanza.de\/es\/wp-json\/wp\/v2\/posts\/3036\/revisions\/3558"}],"wp:featuredmedia":[{"embeddable":true,"href":"https:\/\/joven-esperanza.de\/es\/wp-json\/wp\/v2\/media\/352"}],"wp:attachment":[{"href":"https:\/\/joven-esperanza.de\/es\/wp-json\/wp\/v2\/media?parent=3036"}],"wp:term":[{"taxonomy":"category","embeddable":true,"href":"https:\/\/joven-esperanza.de\/es\/wp-json\/wp\/v2\/categories?post=3036"},{"taxonomy":"post_tag","embeddable":true,"href":"https:\/\/joven-esperanza.de\/es\/wp-json\/wp\/v2\/tags?post=3036"}],"curies":[{"name":"wp","href":"https:\/\/api.w.org\/{rel}","templated":true}]}}