{"id":4025,"date":"2024-05-01T10:00:00","date_gmt":"2024-05-01T10:00:00","guid":{"rendered":"https:\/\/joven-esperanza.de\/?p=4025"},"modified":"2024-04-26T12:02:56","modified_gmt":"2024-04-26T12:02:56","slug":"regenzeit-in-camiri-und-viele-feiertage","status":"publish","type":"post","link":"https:\/\/joven-esperanza.de\/es\/blog\/regenzeit-in-camiri-und-viele-feiertage\/","title":{"rendered":"Regenzeit in Camiri und viele Feiertage"},"content":{"rendered":"<p>\u00a1Hola! Ich bin Mavie und mittlerweile seit 9 Monaten als weltw\u00e4rts-Freiwillige im &#8222;Crece y Sue\u00f1a&#8220; in Camiri. Seit meinem letzten Bericht im Februar ist schon wieder einiges in Camiri passiert!<\/p>\n\n\n\n<p>Mit dem <strong>neuen Schuljahr<\/strong> hat das Projekt einen gro\u00dfen Zuwachs an neuen Kindern bekommen, die viele Umarmungen und gute Laune mitbringen. Weil das Fu\u00dfballtraining den Kindern und Jugendlichen so viel Spa\u00df bereitet, gibt es jetzt jeden Tag ein Angebot zum Trainieren &#8211; und der Fu\u00dfballplatz ist auch jeden Tag voll. Meinen <strong>Englischunterricht <\/strong>mache ich weiter zwei Tage die Woche und es ist sch\u00f6n, die Fortschritte der Sch\u00fcler zu sehen. F\u00fcr die ganz kleinen Kindern biete ich zus\u00e4tzlich einmal die Woche eine Spielstunde auf Englisch an: wir singen und tanzen zu englischen Liedern und spielen verschiedene Spiele auf Englisch.<\/p>\n\n\n\n<figure class=\"wp-block-gallery has-nested-images columns-4 is-cropped wp-block-gallery-1 is-layout-flex wp-block-gallery-is-layout-flex\">\n<figure class=\"wp-block-image size-large\"><img loading=\"lazy\" decoding=\"async\" width=\"1024\" height=\"768\" data-id=\"4028\" src=\"https:\/\/joven-esperanza.de\/wp-content\/uploads\/2024\/04\/WhatsApp-Image-2024-04-15-at-22.14.37-1024x768.jpeg\" alt=\"\" class=\"wp-image-4028\" srcset=\"https:\/\/joven-esperanza.de\/wp-content\/uploads\/2024\/04\/WhatsApp-Image-2024-04-15-at-22.14.37-1024x768.jpeg 1024w, https:\/\/joven-esperanza.de\/wp-content\/uploads\/2024\/04\/WhatsApp-Image-2024-04-15-at-22.14.37-300x225.jpeg 300w, https:\/\/joven-esperanza.de\/wp-content\/uploads\/2024\/04\/WhatsApp-Image-2024-04-15-at-22.14.37-768x576.jpeg 768w, https:\/\/joven-esperanza.de\/wp-content\/uploads\/2024\/04\/WhatsApp-Image-2024-04-15-at-22.14.37-1536x1152.jpeg 1536w, https:\/\/joven-esperanza.de\/wp-content\/uploads\/2024\/04\/WhatsApp-Image-2024-04-15-at-22.14.37-2048x1536.jpeg 2048w, https:\/\/joven-esperanza.de\/wp-content\/uploads\/2024\/04\/WhatsApp-Image-2024-04-15-at-22.14.37-16x12.jpeg 16w\" sizes=\"auto, (max-width: 1024px) 100vw, 1024px\" \/><\/figure>\n\n\n\n<figure class=\"wp-block-image size-large\"><img loading=\"lazy\" decoding=\"async\" width=\"768\" height=\"1024\" data-id=\"4029\" src=\"https:\/\/joven-esperanza.de\/wp-content\/uploads\/2024\/04\/WhatsApp-Image-2024-04-15-at-22.14.41-1-768x1024.jpeg\" alt=\"\" class=\"wp-image-4029\" srcset=\"https:\/\/joven-esperanza.de\/wp-content\/uploads\/2024\/04\/WhatsApp-Image-2024-04-15-at-22.14.41-1-768x1024.jpeg 768w, https:\/\/joven-esperanza.de\/wp-content\/uploads\/2024\/04\/WhatsApp-Image-2024-04-15-at-22.14.41-1-225x300.jpeg 225w, https:\/\/joven-esperanza.de\/wp-content\/uploads\/2024\/04\/WhatsApp-Image-2024-04-15-at-22.14.41-1-1152x1536.jpeg 1152w, https:\/\/joven-esperanza.de\/wp-content\/uploads\/2024\/04\/WhatsApp-Image-2024-04-15-at-22.14.41-1-1536x2048.jpeg 1536w, https:\/\/joven-esperanza.de\/wp-content\/uploads\/2024\/04\/WhatsApp-Image-2024-04-15-at-22.14.41-1-9x12.jpeg 9w, https:\/\/joven-esperanza.de\/wp-content\/uploads\/2024\/04\/WhatsApp-Image-2024-04-15-at-22.14.41-1-scaled.jpeg 1920w\" sizes=\"auto, (max-width: 768px) 100vw, 768px\" \/><\/figure>\n\n\n\n<figure class=\"wp-block-image size-large\"><img loading=\"lazy\" decoding=\"async\" width=\"768\" height=\"1024\" data-id=\"4031\" src=\"https:\/\/joven-esperanza.de\/wp-content\/uploads\/2024\/04\/WhatsApp-Image-2024-04-15-at-22.14.42-1-768x1024.jpeg\" alt=\"\" class=\"wp-image-4031\" srcset=\"https:\/\/joven-esperanza.de\/wp-content\/uploads\/2024\/04\/WhatsApp-Image-2024-04-15-at-22.14.42-1-768x1024.jpeg 768w, https:\/\/joven-esperanza.de\/wp-content\/uploads\/2024\/04\/WhatsApp-Image-2024-04-15-at-22.14.42-1-225x300.jpeg 225w, https:\/\/joven-esperanza.de\/wp-content\/uploads\/2024\/04\/WhatsApp-Image-2024-04-15-at-22.14.42-1-1152x1536.jpeg 1152w, https:\/\/joven-esperanza.de\/wp-content\/uploads\/2024\/04\/WhatsApp-Image-2024-04-15-at-22.14.42-1-1536x2048.jpeg 1536w, https:\/\/joven-esperanza.de\/wp-content\/uploads\/2024\/04\/WhatsApp-Image-2024-04-15-at-22.14.42-1-9x12.jpeg 9w, https:\/\/joven-esperanza.de\/wp-content\/uploads\/2024\/04\/WhatsApp-Image-2024-04-15-at-22.14.42-1-scaled.jpeg 1920w\" sizes=\"auto, (max-width: 768px) 100vw, 768px\" \/><\/figure>\n\n\n\n<figure class=\"wp-block-image size-large\"><img loading=\"lazy\" decoding=\"async\" width=\"768\" height=\"1024\" data-id=\"4030\" src=\"https:\/\/joven-esperanza.de\/wp-content\/uploads\/2024\/04\/WhatsApp-Image-2024-04-15-at-22.14.42-768x1024.jpeg\" alt=\"\" class=\"wp-image-4030\" srcset=\"https:\/\/joven-esperanza.de\/wp-content\/uploads\/2024\/04\/WhatsApp-Image-2024-04-15-at-22.14.42-768x1024.jpeg 768w, https:\/\/joven-esperanza.de\/wp-content\/uploads\/2024\/04\/WhatsApp-Image-2024-04-15-at-22.14.42-225x300.jpeg 225w, https:\/\/joven-esperanza.de\/wp-content\/uploads\/2024\/04\/WhatsApp-Image-2024-04-15-at-22.14.42-1152x1536.jpeg 1152w, https:\/\/joven-esperanza.de\/wp-content\/uploads\/2024\/04\/WhatsApp-Image-2024-04-15-at-22.14.42-1536x2048.jpeg 1536w, https:\/\/joven-esperanza.de\/wp-content\/uploads\/2024\/04\/WhatsApp-Image-2024-04-15-at-22.14.42-9x12.jpeg 9w, https:\/\/joven-esperanza.de\/wp-content\/uploads\/2024\/04\/WhatsApp-Image-2024-04-15-at-22.14.42-scaled.jpeg 1920w\" sizes=\"auto, (max-width: 768px) 100vw, 768px\" \/><\/figure>\n<\/figure>\n\n\n\n<p>Am 8. M\u00e4rz wurde der <strong>internationale Frauentag<\/strong> gefeiert. Im Projekt wurde \u00fcber die Geschichte und Wichtigkeit des Tages aufgekl\u00e4rt. Au\u00dferdem haben die Kleinen f\u00fcr das Thema umgedichtete Lieder gesungen und die Jungs haben den M\u00e4dchen Karten gebastelt und ihnen Geschenke gegeben.<\/p>\n\n\n\n<figure class=\"wp-block-gallery has-nested-images columns-default is-cropped wp-block-gallery-2 is-layout-flex wp-block-gallery-is-layout-flex\">\n<figure class=\"wp-block-image size-large\"><img loading=\"lazy\" decoding=\"async\" width=\"1024\" height=\"1024\" data-id=\"4032\" src=\"https:\/\/joven-esperanza.de\/wp-content\/uploads\/2024\/04\/WhatsApp-Image-2024-04-15-at-22.14.42-2-1024x1024.jpeg\" alt=\"\" class=\"wp-image-4032\" srcset=\"https:\/\/joven-esperanza.de\/wp-content\/uploads\/2024\/04\/WhatsApp-Image-2024-04-15-at-22.14.42-2-1024x1024.jpeg 1024w, https:\/\/joven-esperanza.de\/wp-content\/uploads\/2024\/04\/WhatsApp-Image-2024-04-15-at-22.14.42-2-300x300.jpeg 300w, https:\/\/joven-esperanza.de\/wp-content\/uploads\/2024\/04\/WhatsApp-Image-2024-04-15-at-22.14.42-2-150x150.jpeg 150w, https:\/\/joven-esperanza.de\/wp-content\/uploads\/2024\/04\/WhatsApp-Image-2024-04-15-at-22.14.42-2-768x768.jpeg 768w, https:\/\/joven-esperanza.de\/wp-content\/uploads\/2024\/04\/WhatsApp-Image-2024-04-15-at-22.14.42-2-12x12.jpeg 12w, https:\/\/joven-esperanza.de\/wp-content\/uploads\/2024\/04\/WhatsApp-Image-2024-04-15-at-22.14.42-2.jpeg 1512w\" sizes=\"auto, (max-width: 1024px) 100vw, 1024px\" \/><\/figure>\n\n\n\n<figure class=\"wp-block-image size-large\"><img loading=\"lazy\" decoding=\"async\" width=\"1024\" height=\"1024\" data-id=\"4033\" src=\"https:\/\/joven-esperanza.de\/wp-content\/uploads\/2024\/04\/WhatsApp-Image-2024-04-15-at-22.14.43-1-1024x1024.jpeg\" alt=\"\" class=\"wp-image-4033\" srcset=\"https:\/\/joven-esperanza.de\/wp-content\/uploads\/2024\/04\/WhatsApp-Image-2024-04-15-at-22.14.43-1-1024x1024.jpeg 1024w, https:\/\/joven-esperanza.de\/wp-content\/uploads\/2024\/04\/WhatsApp-Image-2024-04-15-at-22.14.43-1-300x300.jpeg 300w, https:\/\/joven-esperanza.de\/wp-content\/uploads\/2024\/04\/WhatsApp-Image-2024-04-15-at-22.14.43-1-150x150.jpeg 150w, https:\/\/joven-esperanza.de\/wp-content\/uploads\/2024\/04\/WhatsApp-Image-2024-04-15-at-22.14.43-1-768x768.jpeg 768w, https:\/\/joven-esperanza.de\/wp-content\/uploads\/2024\/04\/WhatsApp-Image-2024-04-15-at-22.14.43-1-12x12.jpeg 12w, https:\/\/joven-esperanza.de\/wp-content\/uploads\/2024\/04\/WhatsApp-Image-2024-04-15-at-22.14.43-1.jpeg 1512w\" sizes=\"auto, (max-width: 1024px) 100vw, 1024px\" \/><\/figure>\n\n\n\n<figure class=\"wp-block-image size-large\"><img loading=\"lazy\" decoding=\"async\" width=\"1024\" height=\"1024\" data-id=\"4034\" src=\"https:\/\/joven-esperanza.de\/wp-content\/uploads\/2024\/04\/WhatsApp-Image-2024-04-15-at-22.14.43-1024x1024.jpeg\" alt=\"\" class=\"wp-image-4034\" srcset=\"https:\/\/joven-esperanza.de\/wp-content\/uploads\/2024\/04\/WhatsApp-Image-2024-04-15-at-22.14.43-1024x1024.jpeg 1024w, https:\/\/joven-esperanza.de\/wp-content\/uploads\/2024\/04\/WhatsApp-Image-2024-04-15-at-22.14.43-300x300.jpeg 300w, https:\/\/joven-esperanza.de\/wp-content\/uploads\/2024\/04\/WhatsApp-Image-2024-04-15-at-22.14.43-150x150.jpeg 150w, https:\/\/joven-esperanza.de\/wp-content\/uploads\/2024\/04\/WhatsApp-Image-2024-04-15-at-22.14.43-768x768.jpeg 768w, https:\/\/joven-esperanza.de\/wp-content\/uploads\/2024\/04\/WhatsApp-Image-2024-04-15-at-22.14.43-12x12.jpeg 12w, https:\/\/joven-esperanza.de\/wp-content\/uploads\/2024\/04\/WhatsApp-Image-2024-04-15-at-22.14.43.jpeg 1512w\" sizes=\"auto, (max-width: 1024px) 100vw, 1024px\" \/><\/figure>\n<\/figure>\n\n\n\n<p>In Camiri hat im Februar au\u00dferdem die <strong>Regenzeit <\/strong>begonnen. Es regnet seitdem ca. ein- bis zweimal die Woche: dann aber richtig viel. Innerhalb von einer Stunde sehen die Stra\u00dfen wie Fl\u00fcsse aus und auch bei uns im Projekt stand das Wasser schon kniehoch, was ein gro\u00dfes Problem ist, da so Wasser in einige Zimmer und vor allem die K\u00fcche flie\u00dft. Zudem gibt es &#8211; wenn es regnet &#8211; nicht genug Platz f\u00fcr die 66 Kinder und Jugendlichen. Auch der Fluss steigt mit dem Regen nat\u00fcrlich h\u00f6her, weswegen lange die Sorge bestand, dass das Wasser die H\u00e4user einiger Familien erreichen k\u00f6nnte, was bisher zum Gl\u00fcck nicht passiert ist. Mit der Regenzeit sind auch die M\u00fccken besonders aktiv und Denguefieber ist ein wichtiges Thema. Daher wurden zum Anfang der Moskitozeit die H\u00e4user aller Kinder gegen M\u00fccken ausger\u00e4uchert und bisher haben zum Gl\u00fcck nur relativ wenige Kinder das Dengue bekommen. Jetzt ist die Regenzeit schon fast vorbei und alle freuen sich auf den besser ertr\u00e4glichen Winter, wo es dann auch mal 20 statt 40 Grad sind.<\/p>\n\n\n\n<figure class=\"wp-block-gallery has-nested-images columns-default is-cropped wp-block-gallery-3 is-layout-flex wp-block-gallery-is-layout-flex\">\n<figure class=\"wp-block-image size-large\"><img loading=\"lazy\" decoding=\"async\" width=\"599\" height=\"1024\" data-id=\"4036\" src=\"https:\/\/joven-esperanza.de\/wp-content\/uploads\/2024\/04\/WhatsApp-Image-2024-04-15-at-22.14.34-599x1024.jpeg\" alt=\"\" class=\"wp-image-4036\" srcset=\"https:\/\/joven-esperanza.de\/wp-content\/uploads\/2024\/04\/WhatsApp-Image-2024-04-15-at-22.14.34-599x1024.jpeg 599w, https:\/\/joven-esperanza.de\/wp-content\/uploads\/2024\/04\/WhatsApp-Image-2024-04-15-at-22.14.34-176x300.jpeg 176w, https:\/\/joven-esperanza.de\/wp-content\/uploads\/2024\/04\/WhatsApp-Image-2024-04-15-at-22.14.34-768x1313.jpeg 768w, https:\/\/joven-esperanza.de\/wp-content\/uploads\/2024\/04\/WhatsApp-Image-2024-04-15-at-22.14.34-899x1536.jpeg 899w, https:\/\/joven-esperanza.de\/wp-content\/uploads\/2024\/04\/WhatsApp-Image-2024-04-15-at-22.14.34-7x12.jpeg 7w, https:\/\/joven-esperanza.de\/wp-content\/uploads\/2024\/04\/WhatsApp-Image-2024-04-15-at-22.14.34.jpeg 936w\" sizes=\"auto, (max-width: 599px) 100vw, 599px\" \/><\/figure>\n\n\n\n<figure class=\"wp-block-image size-large\"><img loading=\"lazy\" decoding=\"async\" width=\"681\" height=\"1024\" data-id=\"4035\" src=\"https:\/\/joven-esperanza.de\/wp-content\/uploads\/2024\/04\/WhatsApp-Image-2024-04-15-at-22.14.35-681x1024.jpeg\" alt=\"\" class=\"wp-image-4035\" srcset=\"https:\/\/joven-esperanza.de\/wp-content\/uploads\/2024\/04\/WhatsApp-Image-2024-04-15-at-22.14.35-681x1024.jpeg 681w, https:\/\/joven-esperanza.de\/wp-content\/uploads\/2024\/04\/WhatsApp-Image-2024-04-15-at-22.14.35-200x300.jpeg 200w, https:\/\/joven-esperanza.de\/wp-content\/uploads\/2024\/04\/WhatsApp-Image-2024-04-15-at-22.14.35-768x1155.jpeg 768w, https:\/\/joven-esperanza.de\/wp-content\/uploads\/2024\/04\/WhatsApp-Image-2024-04-15-at-22.14.35-1021x1536.jpeg 1021w, https:\/\/joven-esperanza.de\/wp-content\/uploads\/2024\/04\/WhatsApp-Image-2024-04-15-at-22.14.35-8x12.jpeg 8w, https:\/\/joven-esperanza.de\/wp-content\/uploads\/2024\/04\/WhatsApp-Image-2024-04-15-at-22.14.35.jpeg 1064w\" sizes=\"auto, (max-width: 681px) 100vw, 681px\" \/><\/figure>\n\n\n\n<figure class=\"wp-block-image size-large\"><img loading=\"lazy\" decoding=\"async\" width=\"752\" height=\"1024\" data-id=\"4037\" src=\"https:\/\/joven-esperanza.de\/wp-content\/uploads\/2024\/04\/WhatsApp-Image-2024-04-15-at-22.14.36-752x1024.jpeg\" alt=\"\" class=\"wp-image-4037\" srcset=\"https:\/\/joven-esperanza.de\/wp-content\/uploads\/2024\/04\/WhatsApp-Image-2024-04-15-at-22.14.36-752x1024.jpeg 752w, https:\/\/joven-esperanza.de\/wp-content\/uploads\/2024\/04\/WhatsApp-Image-2024-04-15-at-22.14.36-220x300.jpeg 220w, https:\/\/joven-esperanza.de\/wp-content\/uploads\/2024\/04\/WhatsApp-Image-2024-04-15-at-22.14.36-768x1046.jpeg 768w, https:\/\/joven-esperanza.de\/wp-content\/uploads\/2024\/04\/WhatsApp-Image-2024-04-15-at-22.14.36-9x12.jpeg 9w, https:\/\/joven-esperanza.de\/wp-content\/uploads\/2024\/04\/WhatsApp-Image-2024-04-15-at-22.14.36.jpeg 1080w\" sizes=\"auto, (max-width: 752px) 100vw, 752px\" \/><figcaption class=\"wp-element-caption\">Das Freibad in Camiri hat es leider nicht \u00fcberstanden.<\/figcaption><\/figure>\n<\/figure>\n\n\n\n<p>Am 19. M\u00e4rz war in Bolivien dann <strong>Vatertag<\/strong>. Daf\u00fcr habe ich gemeinsam mit der Educadora Vivi einen Kuchen f\u00fcr jeden Vater des Projekts gebacken, den die Kinder nachmittags mit nach Hause genommen und mit ihrer Familie gegessen haben. Zus\u00e4tzlich hat jeder eine Karte gebastelt. Einige Tage sp\u00e4ter gab es f\u00fcr den Tag des Wassers Besuch vom \u201eGobierno Aut\u00f3nomo Municipal de Camiri\u201c: es wurde viel gespielt und auch \u00fcber die Wichtigkeit aufgekl\u00e4rt, den Fluss sauber zu halten.<\/p>\n\n\n\n<figure class=\"wp-block-gallery has-nested-images columns-default is-cropped wp-block-gallery-4 is-layout-flex wp-block-gallery-is-layout-flex\">\n<figure class=\"wp-block-image size-large\"><img loading=\"lazy\" decoding=\"async\" width=\"768\" height=\"1024\" data-id=\"4040\" src=\"https:\/\/joven-esperanza.de\/wp-content\/uploads\/2024\/04\/WhatsApp-Image-2024-04-15-at-22.14.44-768x1024.jpeg\" alt=\"\" class=\"wp-image-4040\" srcset=\"https:\/\/joven-esperanza.de\/wp-content\/uploads\/2024\/04\/WhatsApp-Image-2024-04-15-at-22.14.44-768x1024.jpeg 768w, https:\/\/joven-esperanza.de\/wp-content\/uploads\/2024\/04\/WhatsApp-Image-2024-04-15-at-22.14.44-225x300.jpeg 225w, https:\/\/joven-esperanza.de\/wp-content\/uploads\/2024\/04\/WhatsApp-Image-2024-04-15-at-22.14.44-1152x1536.jpeg 1152w, https:\/\/joven-esperanza.de\/wp-content\/uploads\/2024\/04\/WhatsApp-Image-2024-04-15-at-22.14.44-1536x2048.jpeg 1536w, https:\/\/joven-esperanza.de\/wp-content\/uploads\/2024\/04\/WhatsApp-Image-2024-04-15-at-22.14.44-9x12.jpeg 9w, https:\/\/joven-esperanza.de\/wp-content\/uploads\/2024\/04\/WhatsApp-Image-2024-04-15-at-22.14.44-scaled.jpeg 1920w\" sizes=\"auto, (max-width: 768px) 100vw, 768px\" \/><\/figure>\n\n\n\n<figure class=\"wp-block-image size-large\"><img loading=\"lazy\" decoding=\"async\" width=\"1024\" height=\"529\" data-id=\"4038\" src=\"https:\/\/joven-esperanza.de\/wp-content\/uploads\/2024\/04\/WhatsApp-Image-2024-04-15-at-22.14.45-1-1024x529.jpeg\" alt=\"\" class=\"wp-image-4038\" srcset=\"https:\/\/joven-esperanza.de\/wp-content\/uploads\/2024\/04\/WhatsApp-Image-2024-04-15-at-22.14.45-1-1024x529.jpeg 1024w, https:\/\/joven-esperanza.de\/wp-content\/uploads\/2024\/04\/WhatsApp-Image-2024-04-15-at-22.14.45-1-300x155.jpeg 300w, https:\/\/joven-esperanza.de\/wp-content\/uploads\/2024\/04\/WhatsApp-Image-2024-04-15-at-22.14.45-1-768x397.jpeg 768w, https:\/\/joven-esperanza.de\/wp-content\/uploads\/2024\/04\/WhatsApp-Image-2024-04-15-at-22.14.45-1-18x9.jpeg 18w, https:\/\/joven-esperanza.de\/wp-content\/uploads\/2024\/04\/WhatsApp-Image-2024-04-15-at-22.14.45-1.jpeg 1286w\" sizes=\"auto, (max-width: 1024px) 100vw, 1024px\" \/><\/figure>\n\n\n\n<figure class=\"wp-block-image size-large\"><img loading=\"lazy\" decoding=\"async\" width=\"1024\" height=\"924\" data-id=\"4039\" src=\"https:\/\/joven-esperanza.de\/wp-content\/uploads\/2024\/04\/WhatsApp-Image-2024-04-15-at-22.14.45-1024x924.jpeg\" alt=\"\" class=\"wp-image-4039\" srcset=\"https:\/\/joven-esperanza.de\/wp-content\/uploads\/2024\/04\/WhatsApp-Image-2024-04-15-at-22.14.45-1024x924.jpeg 1024w, https:\/\/joven-esperanza.de\/wp-content\/uploads\/2024\/04\/WhatsApp-Image-2024-04-15-at-22.14.45-300x271.jpeg 300w, https:\/\/joven-esperanza.de\/wp-content\/uploads\/2024\/04\/WhatsApp-Image-2024-04-15-at-22.14.45-768x693.jpeg 768w, https:\/\/joven-esperanza.de\/wp-content\/uploads\/2024\/04\/WhatsApp-Image-2024-04-15-at-22.14.45-13x12.jpeg 13w, https:\/\/joven-esperanza.de\/wp-content\/uploads\/2024\/04\/WhatsApp-Image-2024-04-15-at-22.14.45.jpeg 1081w\" sizes=\"auto, (max-width: 1024px) 100vw, 1024px\" \/><\/figure>\n<\/figure>\n\n\n\n<p>F\u00fcr die <strong>Aufkl\u00e4rung gegen sexuelle Gewalt, Kidnapping und Umweltschutz <\/strong>gab es dann erneut Besuch im Projekt. Highlight hier war eine Simulation eines Kidnappings vor dem Projekt, was allen einen ziemlichen Schock bereitet hat. Aber viele Kinder haben direkt super reagiert und gut geholfen.<\/p>\n\n\n\n<p>In den letzten Monaten konnte ich auch zu zwei <strong>Hausbesuchen <\/strong>neuer Kinder mitkommen. Es war f\u00fcr mich sehr emotional zu sehen in welchen Zust\u00e4nden die Kinder aufwachsen. Die riesigen Familien wohnen auf sehr kleinen Raum, viele Teile des Hauses sind selbstgebaut und nicht wasserdicht. Statt einer K\u00fcche gibt es nur ein Lagerfeuer und das Einkommen der Eltern ist so gering, dass es gerade einmal die Wasser- und Stromkosten abdecken kann. Die Eltern waren oft nur einige Jahre in der Schule und k\u00f6nnen deswegen auch nicht bei Hausaufgaben helfen. Diese Besuche haben mir nochmal deutlich gezeigt, wie wichtig die Arbeit von Joven Esperanza ist: Ein warmes und gesundes Mittagessen, ein kostenloser Fu\u00dfballverein und Hilfe bei den Hausaufgaben machen f\u00fcr diese Familien einen gro\u00dfen Unterschied.<\/p>\n\n\n\n<p>Anfang April ist dann auch die<strong> Futsal-Saison<\/strong> zu Ende gegangen. Vor allem das U-10 Team mit einigen echten Talenten konnte toll abschneiden und hat den zweiten Platz belegt, das Ziel f\u00fcr die n\u00e4chste Saison ist jetzt nat\u00fcrlich Platz 1. Die U-14 Mannschaft und das Damenteam haben zwar nicht ganz so gut abgeschnitten, aber auch tolle Leistungen gezeigt und sich in kurzer Zeit viel verbessert. Der Trainer im Projekt hat zuletzt noch ein Turnier unter allen Kindern im Projekt organisiert, bei dem alle Kinder und Jugendlichen super viel Spa\u00df hatten und die Gewinner sogar eine Medaille bekamen.<\/p>\n\n\n\n<figure class=\"wp-block-gallery has-nested-images columns-default is-cropped wp-block-gallery-5 is-layout-flex wp-block-gallery-is-layout-flex\">\n<figure class=\"wp-block-image size-large\"><img loading=\"lazy\" decoding=\"async\" width=\"1800\" height=\"1201\" data-id=\"4043\" src=\"https:\/\/joven-esperanza.de\/wp-content\/uploads\/2024\/04\/WhatsApp-Image-2024-04-15-at-22.14.38-edited.jpeg\" alt=\"\" class=\"wp-image-4043\" srcset=\"https:\/\/joven-esperanza.de\/wp-content\/uploads\/2024\/04\/WhatsApp-Image-2024-04-15-at-22.14.38-edited.jpeg 1800w, https:\/\/joven-esperanza.de\/wp-content\/uploads\/2024\/04\/WhatsApp-Image-2024-04-15-at-22.14.38-edited-300x200.jpeg 300w, https:\/\/joven-esperanza.de\/wp-content\/uploads\/2024\/04\/WhatsApp-Image-2024-04-15-at-22.14.38-edited-1024x683.jpeg 1024w, https:\/\/joven-esperanza.de\/wp-content\/uploads\/2024\/04\/WhatsApp-Image-2024-04-15-at-22.14.38-edited-768x512.jpeg 768w, https:\/\/joven-esperanza.de\/wp-content\/uploads\/2024\/04\/WhatsApp-Image-2024-04-15-at-22.14.38-edited-1536x1025.jpeg 1536w, https:\/\/joven-esperanza.de\/wp-content\/uploads\/2024\/04\/WhatsApp-Image-2024-04-15-at-22.14.38-edited-18x12.jpeg 18w\" sizes=\"auto, (max-width: 1800px) 100vw, 1800px\" \/><\/figure>\n\n\n\n<figure class=\"wp-block-image size-large\"><img loading=\"lazy\" decoding=\"async\" width=\"1024\" height=\"461\" data-id=\"4041\" src=\"https:\/\/joven-esperanza.de\/wp-content\/uploads\/2024\/04\/WhatsApp-Image-2024-04-15-at-22.14.39-1024x461.jpeg\" alt=\"\" class=\"wp-image-4041\" srcset=\"https:\/\/joven-esperanza.de\/wp-content\/uploads\/2024\/04\/WhatsApp-Image-2024-04-15-at-22.14.39-1024x461.jpeg 1024w, https:\/\/joven-esperanza.de\/wp-content\/uploads\/2024\/04\/WhatsApp-Image-2024-04-15-at-22.14.39-300x135.jpeg 300w, https:\/\/joven-esperanza.de\/wp-content\/uploads\/2024\/04\/WhatsApp-Image-2024-04-15-at-22.14.39-768x346.jpeg 768w, https:\/\/joven-esperanza.de\/wp-content\/uploads\/2024\/04\/WhatsApp-Image-2024-04-15-at-22.14.39-1536x691.jpeg 1536w, https:\/\/joven-esperanza.de\/wp-content\/uploads\/2024\/04\/WhatsApp-Image-2024-04-15-at-22.14.39-2048x922.jpeg 2048w, https:\/\/joven-esperanza.de\/wp-content\/uploads\/2024\/04\/WhatsApp-Image-2024-04-15-at-22.14.39-18x8.jpeg 18w\" sizes=\"auto, (max-width: 1024px) 100vw, 1024px\" \/><\/figure>\n<\/figure>\n\n\n\n<p>F\u00fcr den \u201e<strong>d\u00eda del ni\u00f1o<\/strong>\u201c- also den <strong>Tag des Kindes<\/strong>, haben Studierende aus Santa Cruz einen spa\u00dfigen Tag f\u00fcr alle im Projekt organisiert. Nach einem leckeren Mittagessen wurden viele Spiele gespielt, und die Gewinner haben tolle Preise gewonnen. Am Ende wurden dann noch Geschenke f\u00fcr alle Verteilt: neue Rucks\u00e4cke, Federmappen und Stifte.<\/p>\n\n\n\n<figure class=\"wp-block-gallery has-nested-images columns-default is-cropped wp-block-gallery-6 is-layout-flex wp-block-gallery-is-layout-flex\">\n<figure class=\"wp-block-image size-large\"><img loading=\"lazy\" decoding=\"async\" width=\"768\" height=\"1024\" data-id=\"4044\" src=\"https:\/\/joven-esperanza.de\/wp-content\/uploads\/2024\/04\/WhatsApp-Image-2024-04-15-at-22.14.41-768x1024.jpeg\" alt=\"\" class=\"wp-image-4044\" srcset=\"https:\/\/joven-esperanza.de\/wp-content\/uploads\/2024\/04\/WhatsApp-Image-2024-04-15-at-22.14.41-768x1024.jpeg 768w, https:\/\/joven-esperanza.de\/wp-content\/uploads\/2024\/04\/WhatsApp-Image-2024-04-15-at-22.14.41-225x300.jpeg 225w, https:\/\/joven-esperanza.de\/wp-content\/uploads\/2024\/04\/WhatsApp-Image-2024-04-15-at-22.14.41-1152x1536.jpeg 1152w, https:\/\/joven-esperanza.de\/wp-content\/uploads\/2024\/04\/WhatsApp-Image-2024-04-15-at-22.14.41-1536x2048.jpeg 1536w, https:\/\/joven-esperanza.de\/wp-content\/uploads\/2024\/04\/WhatsApp-Image-2024-04-15-at-22.14.41-9x12.jpeg 9w, https:\/\/joven-esperanza.de\/wp-content\/uploads\/2024\/04\/WhatsApp-Image-2024-04-15-at-22.14.41-scaled.jpeg 1920w\" sizes=\"auto, (max-width: 768px) 100vw, 768px\" \/><\/figure>\n\n\n\n<figure class=\"wp-block-image size-large\"><img loading=\"lazy\" decoding=\"async\" width=\"768\" height=\"1024\" data-id=\"4046\" src=\"https:\/\/joven-esperanza.de\/wp-content\/uploads\/2024\/04\/WhatsApp-Image-2024-04-15-at-22.14.45-2-768x1024.jpeg\" alt=\"\" class=\"wp-image-4046\" srcset=\"https:\/\/joven-esperanza.de\/wp-content\/uploads\/2024\/04\/WhatsApp-Image-2024-04-15-at-22.14.45-2-768x1024.jpeg 768w, https:\/\/joven-esperanza.de\/wp-content\/uploads\/2024\/04\/WhatsApp-Image-2024-04-15-at-22.14.45-2-225x300.jpeg 225w, https:\/\/joven-esperanza.de\/wp-content\/uploads\/2024\/04\/WhatsApp-Image-2024-04-15-at-22.14.45-2-1152x1536.jpeg 1152w, https:\/\/joven-esperanza.de\/wp-content\/uploads\/2024\/04\/WhatsApp-Image-2024-04-15-at-22.14.45-2-1536x2048.jpeg 1536w, https:\/\/joven-esperanza.de\/wp-content\/uploads\/2024\/04\/WhatsApp-Image-2024-04-15-at-22.14.45-2-9x12.jpeg 9w, https:\/\/joven-esperanza.de\/wp-content\/uploads\/2024\/04\/WhatsApp-Image-2024-04-15-at-22.14.45-2-scaled.jpeg 1920w\" sizes=\"auto, (max-width: 768px) 100vw, 768px\" \/><\/figure>\n\n\n\n<figure class=\"wp-block-image size-large\"><img loading=\"lazy\" decoding=\"async\" width=\"768\" height=\"1024\" data-id=\"4045\" src=\"https:\/\/joven-esperanza.de\/wp-content\/uploads\/2024\/04\/WhatsApp-Image-2024-04-15-at-22.14.46-768x1024.jpeg\" alt=\"\" class=\"wp-image-4045\" srcset=\"https:\/\/joven-esperanza.de\/wp-content\/uploads\/2024\/04\/WhatsApp-Image-2024-04-15-at-22.14.46-768x1024.jpeg 768w, https:\/\/joven-esperanza.de\/wp-content\/uploads\/2024\/04\/WhatsApp-Image-2024-04-15-at-22.14.46-225x300.jpeg 225w, https:\/\/joven-esperanza.de\/wp-content\/uploads\/2024\/04\/WhatsApp-Image-2024-04-15-at-22.14.46-1152x1536.jpeg 1152w, https:\/\/joven-esperanza.de\/wp-content\/uploads\/2024\/04\/WhatsApp-Image-2024-04-15-at-22.14.46-1536x2048.jpeg 1536w, https:\/\/joven-esperanza.de\/wp-content\/uploads\/2024\/04\/WhatsApp-Image-2024-04-15-at-22.14.46-9x12.jpeg 9w, https:\/\/joven-esperanza.de\/wp-content\/uploads\/2024\/04\/WhatsApp-Image-2024-04-15-at-22.14.46-scaled.jpeg 1920w\" sizes=\"auto, (max-width: 768px) 100vw, 768px\" \/><\/figure>\n<\/figure>\n\n\n\n<p>Jetzt stehen mir noch meine letzten drei Monate in Bolivien bevor und ich kann es kaum fassen, wie schnell die Zeit bisher vergangen ist. Ich bin gespannt was in den n\u00e4chsten Monaten noch vor mir liegt und freue mich auf die Zeit, die ich noch mit den Kindern und meinen Mitarbeitern verbringen kann.<\/p>\n\n\n\n<p>\u00a1Hasta Luego!<\/p>","protected":false},"excerpt":{"rendered":"<p>\u00a1Hola! Ich bin Mavie und mittlerweile seit 9 Monaten als weltw\u00e4rts-Freiwillige im &#8222;Crece y Sue\u00f1a&#8220; in Camiri. Seit meinem letzten Bericht im Februar ist schon wieder einiges in Camiri passiert! Mit dem neuen Schuljahr hat das Projekt einen gro\u00dfen Zuwachs an neuen Kindern bekommen, die viele Umarmungen und gute Laune mitbringen. Weil das Fu\u00dfballtraining den [&hellip;]<\/p>","protected":false},"author":3,"featured_media":4036,"comment_status":"closed","ping_status":"open","sticky":false,"template":"","format":"standard","meta":{"_uag_custom_page_level_css":"","site-sidebar-layout":"default","site-content-layout":"","ast-site-content-layout":"default","site-content-style":"default","site-sidebar-style":"default","ast-global-header-display":"","ast-banner-title-visibility":"","ast-main-header-display":"","ast-hfb-above-header-display":"","ast-hfb-below-header-display":"","ast-hfb-mobile-header-display":"","site-post-title":"","ast-breadcrumbs-content":"","ast-featured-img":"","footer-sml-layout":"","theme-transparent-header-meta":"","adv-header-id-meta":"","stick-header-meta":"","header-above-stick-meta":"","header-main-stick-meta":"","header-below-stick-meta":"","astra-migrate-meta-layouts":"set","ast-page-background-enabled":"default","ast-page-background-meta":{"desktop":{"background-color":"var(--ast-global-color-4)","background-image":"","background-repeat":"repeat","background-position":"center center","background-size":"auto","background-attachment":"scroll","background-type":"","background-media":"","overlay-type":"","overlay-color":"","overlay-gradient":""},"tablet":{"background-color":"","background-image":"","background-repeat":"repeat","background-position":"center center","background-size":"auto","background-attachment":"scroll","background-type":"","background-media":"","overlay-type":"","overlay-color":"","overlay-gradient":""},"mobile":{"background-color":"","background-image":"","background-repeat":"repeat","background-position":"center center","background-size":"auto","background-attachment":"scroll","background-type":"","background-media":"","overlay-type":"","overlay-color":"","overlay-gradient":""}},"ast-content-background-meta":{"desktop":{"background-color":"var(--ast-global-color-5)","background-image":"","background-repeat":"repeat","background-position":"center center","background-size":"auto","background-attachment":"scroll","background-type":"","background-media":"","overlay-type":"","overlay-color":"","overlay-gradient":""},"tablet":{"background-color":"var(--ast-global-color-5)","background-image":"","background-repeat":"repeat","background-position":"center center","background-size":"auto","background-attachment":"scroll","background-type":"","background-media":"","overlay-type":"","overlay-color":"","overlay-gradient":""},"mobile":{"background-color":"var(--ast-global-color-5)","background-image":"","background-repeat":"repeat","background-position":"center center","background-size":"auto","background-attachment":"scroll","background-type":"","background-media":"","overlay-type":"","overlay-color":"","overlay-gradient":""}},"footnotes":""},"categories":[10,12],"tags":[],"class_list":["post-4025","post","type-post","status-publish","format-standard","has-post-thumbnail","hentry","category-freiwillige","category-news"],"yoast_head":"<!-- This site is optimized with the Yoast SEO plugin v25.0 - https:\/\/yoast.com\/wordpress\/plugins\/seo\/ -->\n<title>Regenzeit in Camiri und viele Feiertage - Joven Esperanza e.V.<\/title>\n<meta name=\"robots\" content=\"index, follow, max-snippet:-1, max-image-preview:large, max-video-preview:-1\" \/>\n<link rel=\"canonical\" href=\"https:\/\/joven-esperanza.de\/es\/blog\/regenzeit-in-camiri-und-viele-feiertage\/\" \/>\n<meta property=\"og:locale\" content=\"es_ES\" \/>\n<meta property=\"og:type\" content=\"article\" \/>\n<meta property=\"og:title\" content=\"Regenzeit in Camiri und viele Feiertage - Joven Esperanza e.V.\" \/>\n<meta property=\"og:description\" content=\"\u00a1Hola! Ich bin Mavie und mittlerweile seit 9 Monaten als weltw\u00e4rts-Freiwillige im &#8222;Crece y Sue\u00f1a&#8220; in Camiri. Seit meinem letzten Bericht im Februar ist schon wieder einiges in Camiri passiert! Mit dem neuen Schuljahr hat das Projekt einen gro\u00dfen Zuwachs an neuen Kindern bekommen, die viele Umarmungen und gute Laune mitbringen. Weil das Fu\u00dfballtraining den [&hellip;]\" \/>\n<meta property=\"og:url\" content=\"https:\/\/joven-esperanza.de\/es\/blog\/regenzeit-in-camiri-und-viele-feiertage\/\" \/>\n<meta property=\"og:site_name\" content=\"Joven Esperanza e.V.\" \/>\n<meta property=\"article:publisher\" content=\"https:\/\/www.facebook.com\/JovenEsperanza\" \/>\n<meta property=\"article:published_time\" content=\"2024-05-01T10:00:00+00:00\" \/>\n<meta property=\"og:image\" content=\"https:\/\/joven-esperanza.de\/wp-content\/uploads\/2024\/04\/WhatsApp-Image-2024-04-15-at-22.14.34.jpeg\" \/>\n\t<meta property=\"og:image:width\" content=\"936\" \/>\n\t<meta property=\"og:image:height\" content=\"1600\" \/>\n\t<meta property=\"og:image:type\" content=\"image\/jpeg\" \/>\n<meta name=\"author\" content=\"David Wenderdel\" \/>\n<meta name=\"twitter:card\" content=\"summary_large_image\" \/>\n<meta name=\"twitter:label1\" content=\"Written by\" \/>\n\t<meta name=\"twitter:data1\" content=\"David Wenderdel\" \/>\n\t<meta name=\"twitter:label2\" content=\"Est. reading time\" \/>\n\t<meta name=\"twitter:data2\" content=\"4 minutes\" \/>\n<script type=\"application\/ld+json\" class=\"yoast-schema-graph\">{\"@context\":\"https:\/\/schema.org\",\"@graph\":[{\"@type\":\"Article\",\"@id\":\"https:\/\/joven-esperanza.de\/es\/blog\/regenzeit-in-camiri-und-viele-feiertage\/#article\",\"isPartOf\":{\"@id\":\"https:\/\/joven-esperanza.de\/es\/blog\/regenzeit-in-camiri-und-viele-feiertage\/\"},\"author\":{\"name\":\"David Wenderdel\",\"@id\":\"https:\/\/joven-esperanza.de\/#\/schema\/person\/7ac668b14b29e886249d6ed166cb07fb\"},\"headline\":\"Regenzeit in Camiri und viele Feiertage\",\"datePublished\":\"2024-05-01T10:00:00+00:00\",\"mainEntityOfPage\":{\"@id\":\"https:\/\/joven-esperanza.de\/es\/blog\/regenzeit-in-camiri-und-viele-feiertage\/\"},\"wordCount\":856,\"publisher\":{\"@id\":\"https:\/\/joven-esperanza.de\/#organization\"},\"image\":{\"@id\":\"https:\/\/joven-esperanza.de\/es\/blog\/regenzeit-in-camiri-und-viele-feiertage\/#primaryimage\"},\"thumbnailUrl\":\"https:\/\/joven-esperanza.de\/wp-content\/uploads\/2024\/04\/WhatsApp-Image-2024-04-15-at-22.14.34.jpeg\",\"articleSection\":[\"Freiwillige\",\"News\"],\"inLanguage\":\"es-BO\"},{\"@type\":\"WebPage\",\"@id\":\"https:\/\/joven-esperanza.de\/es\/blog\/regenzeit-in-camiri-und-viele-feiertage\/\",\"url\":\"https:\/\/joven-esperanza.de\/es\/blog\/regenzeit-in-camiri-und-viele-feiertage\/\",\"name\":\"Regenzeit in Camiri und viele Feiertage - Joven Esperanza e.V.\",\"isPartOf\":{\"@id\":\"https:\/\/joven-esperanza.de\/#website\"},\"primaryImageOfPage\":{\"@id\":\"https:\/\/joven-esperanza.de\/es\/blog\/regenzeit-in-camiri-und-viele-feiertage\/#primaryimage\"},\"image\":{\"@id\":\"https:\/\/joven-esperanza.de\/es\/blog\/regenzeit-in-camiri-und-viele-feiertage\/#primaryimage\"},\"thumbnailUrl\":\"https:\/\/joven-esperanza.de\/wp-content\/uploads\/2024\/04\/WhatsApp-Image-2024-04-15-at-22.14.34.jpeg\",\"datePublished\":\"2024-05-01T10:00:00+00:00\",\"breadcrumb\":{\"@id\":\"https:\/\/joven-esperanza.de\/es\/blog\/regenzeit-in-camiri-und-viele-feiertage\/#breadcrumb\"},\"inLanguage\":\"es-BO\",\"potentialAction\":[{\"@type\":\"ReadAction\",\"target\":[\"https:\/\/joven-esperanza.de\/es\/blog\/regenzeit-in-camiri-und-viele-feiertage\/\"]}]},{\"@type\":\"ImageObject\",\"inLanguage\":\"es-BO\",\"@id\":\"https:\/\/joven-esperanza.de\/es\/blog\/regenzeit-in-camiri-und-viele-feiertage\/#primaryimage\",\"url\":\"https:\/\/joven-esperanza.de\/wp-content\/uploads\/2024\/04\/WhatsApp-Image-2024-04-15-at-22.14.34.jpeg\",\"contentUrl\":\"https:\/\/joven-esperanza.de\/wp-content\/uploads\/2024\/04\/WhatsApp-Image-2024-04-15-at-22.14.34.jpeg\",\"width\":936,\"height\":1600},{\"@type\":\"BreadcrumbList\",\"@id\":\"https:\/\/joven-esperanza.de\/es\/blog\/regenzeit-in-camiri-und-viele-feiertage\/#breadcrumb\",\"itemListElement\":[{\"@type\":\"ListItem\",\"position\":1,\"name\":\"Startseite\",\"item\":\"https:\/\/joven-esperanza.de\/\"},{\"@type\":\"ListItem\",\"position\":2,\"name\":\"Regenzeit in Camiri und viele Feiertage\"}]},{\"@type\":\"WebSite\",\"@id\":\"https:\/\/joven-esperanza.de\/#website\",\"url\":\"https:\/\/joven-esperanza.de\/\",\"name\":\"Joven Esperanza e.V.\",\"description\":\"Kindern in Camiri eine Zukunft bieten\",\"publisher\":{\"@id\":\"https:\/\/joven-esperanza.de\/#organization\"},\"potentialAction\":[{\"@type\":\"SearchAction\",\"target\":{\"@type\":\"EntryPoint\",\"urlTemplate\":\"https:\/\/joven-esperanza.de\/?s={search_term_string}\"},\"query-input\":{\"@type\":\"PropertyValueSpecification\",\"valueRequired\":true,\"valueName\":\"search_term_string\"}}],\"inLanguage\":\"es-BO\"},{\"@type\":\"Organization\",\"@id\":\"https:\/\/joven-esperanza.de\/#organization\",\"name\":\"Joven Esperanza e.V.\",\"url\":\"https:\/\/joven-esperanza.de\/\",\"logo\":{\"@type\":\"ImageObject\",\"inLanguage\":\"es-BO\",\"@id\":\"https:\/\/joven-esperanza.de\/#\/schema\/logo\/image\/\",\"url\":\"https:\/\/joven-esperanza.de\/wp-content\/uploads\/2024\/02\/joven-esperanza.png\",\"contentUrl\":\"https:\/\/joven-esperanza.de\/wp-content\/uploads\/2024\/02\/joven-esperanza.png\",\"width\":4738,\"height\":1324,\"caption\":\"Joven Esperanza e.V.\"},\"image\":{\"@id\":\"https:\/\/joven-esperanza.de\/#\/schema\/logo\/image\/\"},\"sameAs\":[\"https:\/\/www.facebook.com\/JovenEsperanza\",\"https:\/\/www.instagram.com\/joven_esperanza_ev\/\",\"https:\/\/www.linkedin.com\/company\/joven-esperanza-e.v.\/\",\"https:\/\/www.youtube.com\/@joven.esperanza\"]},{\"@type\":\"Person\",\"@id\":\"https:\/\/joven-esperanza.de\/#\/schema\/person\/7ac668b14b29e886249d6ed166cb07fb\",\"name\":\"David Wenderdel\",\"image\":{\"@type\":\"ImageObject\",\"inLanguage\":\"es-BO\",\"@id\":\"https:\/\/joven-esperanza.de\/#\/schema\/person\/image\/\",\"url\":\"https:\/\/secure.gravatar.com\/avatar\/a84e178dcd509d154e59dbb782776b40f93e163b49b8e76ae7f4128cfac0ed38?s=96&d=mm&r=g\",\"contentUrl\":\"https:\/\/secure.gravatar.com\/avatar\/a84e178dcd509d154e59dbb782776b40f93e163b49b8e76ae7f4128cfac0ed38?s=96&d=mm&r=g\",\"caption\":\"David Wenderdel\"}}]}<\/script>\n<!-- \/ Yoast SEO plugin. -->","yoast_head_json":{"title":"Regenzeit in Camiri und viele Feiertage - Joven Esperanza e.V.","robots":{"index":"index","follow":"follow","max-snippet":"max-snippet:-1","max-image-preview":"max-image-preview:large","max-video-preview":"max-video-preview:-1"},"canonical":"https:\/\/joven-esperanza.de\/es\/blog\/regenzeit-in-camiri-und-viele-feiertage\/","og_locale":"es_ES","og_type":"article","og_title":"Regenzeit in Camiri und viele Feiertage - Joven Esperanza e.V.","og_description":"\u00a1Hola! Ich bin Mavie und mittlerweile seit 9 Monaten als weltw\u00e4rts-Freiwillige im &#8222;Crece y Sue\u00f1a&#8220; in Camiri. Seit meinem letzten Bericht im Februar ist schon wieder einiges in Camiri passiert! Mit dem neuen Schuljahr hat das Projekt einen gro\u00dfen Zuwachs an neuen Kindern bekommen, die viele Umarmungen und gute Laune mitbringen. Weil das Fu\u00dfballtraining den [&hellip;]","og_url":"https:\/\/joven-esperanza.de\/es\/blog\/regenzeit-in-camiri-und-viele-feiertage\/","og_site_name":"Joven Esperanza e.V.","article_publisher":"https:\/\/www.facebook.com\/JovenEsperanza","article_published_time":"2024-05-01T10:00:00+00:00","og_image":[{"width":936,"height":1600,"url":"https:\/\/joven-esperanza.de\/wp-content\/uploads\/2024\/04\/WhatsApp-Image-2024-04-15-at-22.14.34.jpeg","type":"image\/jpeg"}],"author":"David Wenderdel","twitter_card":"summary_large_image","twitter_misc":{"Written by":"David Wenderdel","Est. reading time":"4 minutes"},"schema":{"@context":"https:\/\/schema.org","@graph":[{"@type":"Article","@id":"https:\/\/joven-esperanza.de\/es\/blog\/regenzeit-in-camiri-und-viele-feiertage\/#article","isPartOf":{"@id":"https:\/\/joven-esperanza.de\/es\/blog\/regenzeit-in-camiri-und-viele-feiertage\/"},"author":{"name":"David Wenderdel","@id":"https:\/\/joven-esperanza.de\/#\/schema\/person\/7ac668b14b29e886249d6ed166cb07fb"},"headline":"Regenzeit in Camiri und viele Feiertage","datePublished":"2024-05-01T10:00:00+00:00","mainEntityOfPage":{"@id":"https:\/\/joven-esperanza.de\/es\/blog\/regenzeit-in-camiri-und-viele-feiertage\/"},"wordCount":856,"publisher":{"@id":"https:\/\/joven-esperanza.de\/#organization"},"image":{"@id":"https:\/\/joven-esperanza.de\/es\/blog\/regenzeit-in-camiri-und-viele-feiertage\/#primaryimage"},"thumbnailUrl":"https:\/\/joven-esperanza.de\/wp-content\/uploads\/2024\/04\/WhatsApp-Image-2024-04-15-at-22.14.34.jpeg","articleSection":["Freiwillige","News"],"inLanguage":"es-BO"},{"@type":"WebPage","@id":"https:\/\/joven-esperanza.de\/es\/blog\/regenzeit-in-camiri-und-viele-feiertage\/","url":"https:\/\/joven-esperanza.de\/es\/blog\/regenzeit-in-camiri-und-viele-feiertage\/","name":"Regenzeit in Camiri und viele Feiertage - Joven Esperanza e.V.","isPartOf":{"@id":"https:\/\/joven-esperanza.de\/#website"},"primaryImageOfPage":{"@id":"https:\/\/joven-esperanza.de\/es\/blog\/regenzeit-in-camiri-und-viele-feiertage\/#primaryimage"},"image":{"@id":"https:\/\/joven-esperanza.de\/es\/blog\/regenzeit-in-camiri-und-viele-feiertage\/#primaryimage"},"thumbnailUrl":"https:\/\/joven-esperanza.de\/wp-content\/uploads\/2024\/04\/WhatsApp-Image-2024-04-15-at-22.14.34.jpeg","datePublished":"2024-05-01T10:00:00+00:00","breadcrumb":{"@id":"https:\/\/joven-esperanza.de\/es\/blog\/regenzeit-in-camiri-und-viele-feiertage\/#breadcrumb"},"inLanguage":"es-BO","potentialAction":[{"@type":"ReadAction","target":["https:\/\/joven-esperanza.de\/es\/blog\/regenzeit-in-camiri-und-viele-feiertage\/"]}]},{"@type":"ImageObject","inLanguage":"es-BO","@id":"https:\/\/joven-esperanza.de\/es\/blog\/regenzeit-in-camiri-und-viele-feiertage\/#primaryimage","url":"https:\/\/joven-esperanza.de\/wp-content\/uploads\/2024\/04\/WhatsApp-Image-2024-04-15-at-22.14.34.jpeg","contentUrl":"https:\/\/joven-esperanza.de\/wp-content\/uploads\/2024\/04\/WhatsApp-Image-2024-04-15-at-22.14.34.jpeg","width":936,"height":1600},{"@type":"BreadcrumbList","@id":"https:\/\/joven-esperanza.de\/es\/blog\/regenzeit-in-camiri-und-viele-feiertage\/#breadcrumb","itemListElement":[{"@type":"ListItem","position":1,"name":"Startseite","item":"https:\/\/joven-esperanza.de\/"},{"@type":"ListItem","position":2,"name":"Regenzeit in Camiri und viele Feiertage"}]},{"@type":"WebSite","@id":"https:\/\/joven-esperanza.de\/#website","url":"https:\/\/joven-esperanza.de\/","name":"Joven Esperanza e.V.","description":"Kindern in Camiri eine Zukunft bieten","publisher":{"@id":"https:\/\/joven-esperanza.de\/#organization"},"potentialAction":[{"@type":"SearchAction","target":{"@type":"EntryPoint","urlTemplate":"https:\/\/joven-esperanza.de\/?s={search_term_string}"},"query-input":{"@type":"PropertyValueSpecification","valueRequired":true,"valueName":"search_term_string"}}],"inLanguage":"es-BO"},{"@type":"Organization","@id":"https:\/\/joven-esperanza.de\/#organization","name":"Joven Esperanza e.V.","url":"https:\/\/joven-esperanza.de\/","logo":{"@type":"ImageObject","inLanguage":"es-BO","@id":"https:\/\/joven-esperanza.de\/#\/schema\/logo\/image\/","url":"https:\/\/joven-esperanza.de\/wp-content\/uploads\/2024\/02\/joven-esperanza.png","contentUrl":"https:\/\/joven-esperanza.de\/wp-content\/uploads\/2024\/02\/joven-esperanza.png","width":4738,"height":1324,"caption":"Joven Esperanza e.V."},"image":{"@id":"https:\/\/joven-esperanza.de\/#\/schema\/logo\/image\/"},"sameAs":["https:\/\/www.facebook.com\/JovenEsperanza","https:\/\/www.instagram.com\/joven_esperanza_ev\/","https:\/\/www.linkedin.com\/company\/joven-esperanza-e.v.\/","https:\/\/www.youtube.com\/@joven.esperanza"]},{"@type":"Person","@id":"https:\/\/joven-esperanza.de\/#\/schema\/person\/7ac668b14b29e886249d6ed166cb07fb","name":"David Wenderdel","image":{"@type":"ImageObject","inLanguage":"es-BO","@id":"https:\/\/joven-esperanza.de\/#\/schema\/person\/image\/","url":"https:\/\/secure.gravatar.com\/avatar\/a84e178dcd509d154e59dbb782776b40f93e163b49b8e76ae7f4128cfac0ed38?s=96&d=mm&r=g","contentUrl":"https:\/\/secure.gravatar.com\/avatar\/a84e178dcd509d154e59dbb782776b40f93e163b49b8e76ae7f4128cfac0ed38?s=96&d=mm&r=g","caption":"David Wenderdel"}}]}},"uagb_featured_image_src":{"full":["https:\/\/joven-esperanza.de\/wp-content\/uploads\/2024\/04\/WhatsApp-Image-2024-04-15-at-22.14.34.jpeg",936,1600,false],"thumbnail":["https:\/\/joven-esperanza.de\/wp-content\/uploads\/2024\/04\/WhatsApp-Image-2024-04-15-at-22.14.34-150x150.jpeg",150,150,true],"medium":["https:\/\/joven-esperanza.de\/wp-content\/uploads\/2024\/04\/WhatsApp-Image-2024-04-15-at-22.14.34-176x300.jpeg",176,300,true],"medium_large":["https:\/\/joven-esperanza.de\/wp-content\/uploads\/2024\/04\/WhatsApp-Image-2024-04-15-at-22.14.34-768x1313.jpeg",768,1313,true],"large":["https:\/\/joven-esperanza.de\/wp-content\/uploads\/2024\/04\/WhatsApp-Image-2024-04-15-at-22.14.34-599x1024.jpeg",599,1024,true],"1536x1536":["https:\/\/joven-esperanza.de\/wp-content\/uploads\/2024\/04\/WhatsApp-Image-2024-04-15-at-22.14.34-899x1536.jpeg",899,1536,true],"2048x2048":["https:\/\/joven-esperanza.de\/wp-content\/uploads\/2024\/04\/WhatsApp-Image-2024-04-15-at-22.14.34.jpeg",936,1600,false],"trp-custom-language-flag":["https:\/\/joven-esperanza.de\/wp-content\/uploads\/2024\/04\/WhatsApp-Image-2024-04-15-at-22.14.34-7x12.jpeg",7,12,true]},"uagb_author_info":{"display_name":"David Wenderdel","author_link":"https:\/\/joven-esperanza.de\/es\/blog\/author\/david\/"},"uagb_comment_info":0,"uagb_excerpt":"\u00a1Hola! Ich bin Mavie und mittlerweile seit 9 Monaten als weltw\u00e4rts-Freiwillige im &#8222;Crece y Sue\u00f1a&#8220; in Camiri. Seit meinem letzten Bericht im Februar ist schon wieder einiges in Camiri passiert! Mit dem neuen Schuljahr hat das Projekt einen gro\u00dfen Zuwachs an neuen Kindern bekommen, die viele Umarmungen und gute Laune mitbringen. Weil das Fu\u00dfballtraining den&hellip;","_links":{"self":[{"href":"https:\/\/joven-esperanza.de\/es\/wp-json\/wp\/v2\/posts\/4025","targetHints":{"allow":["GET"]}}],"collection":[{"href":"https:\/\/joven-esperanza.de\/es\/wp-json\/wp\/v2\/posts"}],"about":[{"href":"https:\/\/joven-esperanza.de\/es\/wp-json\/wp\/v2\/types\/post"}],"author":[{"embeddable":true,"href":"https:\/\/joven-esperanza.de\/es\/wp-json\/wp\/v2\/users\/3"}],"replies":[{"embeddable":true,"href":"https:\/\/joven-esperanza.de\/es\/wp-json\/wp\/v2\/comments?post=4025"}],"version-history":[{"count":2,"href":"https:\/\/joven-esperanza.de\/es\/wp-json\/wp\/v2\/posts\/4025\/revisions"}],"predecessor-version":[{"id":4049,"href":"https:\/\/joven-esperanza.de\/es\/wp-json\/wp\/v2\/posts\/4025\/revisions\/4049"}],"wp:featuredmedia":[{"embeddable":true,"href":"https:\/\/joven-esperanza.de\/es\/wp-json\/wp\/v2\/media\/4036"}],"wp:attachment":[{"href":"https:\/\/joven-esperanza.de\/es\/wp-json\/wp\/v2\/media?parent=4025"}],"wp:term":[{"taxonomy":"category","embeddable":true,"href":"https:\/\/joven-esperanza.de\/es\/wp-json\/wp\/v2\/categories?post=4025"},{"taxonomy":"post_tag","embeddable":true,"href":"https:\/\/joven-esperanza.de\/es\/wp-json\/wp\/v2\/tags?post=4025"}],"curies":[{"name":"wp","href":"https:\/\/api.w.org\/{rel}","templated":true}]}}