{"id":4053,"date":"2024-05-27T17:18:35","date_gmt":"2024-05-27T17:18:35","guid":{"rendered":"https:\/\/joven-esperanza.de\/?p=4053"},"modified":"2024-05-27T17:19:09","modified_gmt":"2024-05-27T17:19:09","slug":"unser-gemuesegarten","status":"publish","type":"post","link":"https:\/\/joven-esperanza.de\/es\/blog\/unser-gemuesegarten\/","title":{"rendered":"Unser Gem\u00fcsegarten"},"content":{"rendered":"<p>Seit vielen Jahren ist unser Gem\u00fcsegarten Teil des Projektes. Es ist nicht nur ein Garten mit sch\u00f6nen Farben, Gem\u00fcse und vielleicht auch etwas Unkraut \u2013 Ein Gem\u00fcsegarten ist vor allem eins: Nahrung. Hier k\u00f6nnen die Kinder dabei sein, wie ihr Essen, was sie sp\u00e4ter auf dem Teller haben, w\u00e4chst.\u00a0<br>\u00a0<br>Aber ein Gem\u00fcsegarten ist noch mehr. Es ist ein\u00a0Lernen f\u00fcrs Leben. Im Projekt k\u00f6nnen die Kinder die Pflege der Pflanzen lernen, den Aufwand der dahinter steckt erkennen und nat\u00fcrlich auch gemeinsam ernten. Der Gem\u00fcsegarten bietet in Camiri die M\u00f6glichkeit die Kinder in gewisser Weise spielerisch zu schulen, sodass sie ihr Wissen mit in die Familien tragen k\u00f6nnen. Durch den Anbau des Gem\u00fcses\u00a0sparen wir auch beim Einkauf<strong>\u00a0<\/strong>auf dem Markt ein.\u00a0<br>\u00a0<br>Ein Gem\u00fcsegarten in Camiri ist \u00fcbrigens auch deshalb so besonders, weil die Witterungsbedingungen dort extrem sind. Es kommen\u00a0Wassertanks\u00a0zum Einsatz, die das Regenwasser auffangen und dann den Pflanzen gezielt zu Gute kommen. Au\u00dferdem werden auch die Gem\u00fcsereste vom Kochen auf einem\u00a0Kompost\u00a0gesammelt, sodass hiermit ged\u00fcngt werden kann und ein Kreislauf entsteht.\u00a0<\/p>\n\n\n\n<figure class=\"wp-block-embed is-type-video is-provider-youtube wp-block-embed-youtube wp-embed-aspect-16-9 wp-has-aspect-ratio\"><div class=\"wp-block-embed__wrapper\">\n<div class=\"ast-oembed-container\" style=\"height: 100%;\"><iframe loading=\"lazy\" title=\"Unser Gem\u00fcsegarten im Projekt in Camiri (Bolivien) | Joven Esperanza e.V.\" width=\"500\" height=\"281\" src=\"https:\/\/www.youtube.com\/embed\/W2tT3YIrXX4?feature=oembed\" frameborder=\"0\" allow=\"accelerometer; autoplay; clipboard-write; encrypted-media; gyroscope; picture-in-picture; web-share\" referrerpolicy=\"strict-origin-when-cross-origin\" allowfullscreen><\/iframe><\/div>\n<\/div><\/figure>\n\n\n\n<p><\/p>\n\n\n\n<p><\/p>","protected":false},"excerpt":{"rendered":"<p>Seit vielen Jahren ist unser Gem\u00fcsegarten Teil des Projektes. Es ist nicht nur ein Garten mit sch\u00f6nen Farben, Gem\u00fcse und vielleicht auch etwas Unkraut \u2013 Ein Gem\u00fcsegarten ist vor allem eins: Nahrung. Hier k\u00f6nnen die Kinder dabei sein, wie ihr Essen, was sie sp\u00e4ter auf dem Teller haben, w\u00e4chst.\u00a0\u00a0Aber ein Gem\u00fcsegarten ist noch mehr. Es [&hellip;]<\/p>","protected":false},"author":3,"featured_media":1143,"comment_status":"closed","ping_status":"open","sticky":false,"template":"","format":"standard","meta":{"_uag_custom_page_level_css":"","site-sidebar-layout":"default","site-content-layout":"","ast-site-content-layout":"default","site-content-style":"default","site-sidebar-style":"default","ast-global-header-display":"","ast-banner-title-visibility":"","ast-main-header-display":"","ast-hfb-above-header-display":"","ast-hfb-below-header-display":"","ast-hfb-mobile-header-display":"","site-post-title":"","ast-breadcrumbs-content":"","ast-featured-img":"","footer-sml-layout":"","theme-transparent-header-meta":"","adv-header-id-meta":"","stick-header-meta":"","header-above-stick-meta":"","header-main-stick-meta":"","header-below-stick-meta":"","astra-migrate-meta-layouts":"set","ast-page-background-enabled":"default","ast-page-background-meta":{"desktop":{"background-color":"var(--ast-global-color-4)","background-image":"","background-repeat":"repeat","background-position":"center center","background-size":"auto","background-attachment":"scroll","background-type":"","background-media":"","overlay-type":"","overlay-color":"","overlay-gradient":""},"tablet":{"background-color":"","background-image":"","background-repeat":"repeat","background-position":"center center","background-size":"auto","background-attachment":"scroll","background-type":"","background-media":"","overlay-type":"","overlay-color":"","overlay-gradient":""},"mobile":{"background-color":"","background-image":"","background-repeat":"repeat","background-position":"center center","background-size":"auto","background-attachment":"scroll","background-type":"","background-media":"","overlay-type":"","overlay-color":"","overlay-gradient":""}},"ast-content-background-meta":{"desktop":{"background-color":"var(--ast-global-color-5)","background-image":"","background-repeat":"repeat","background-position":"center center","background-size":"auto","background-attachment":"scroll","background-type":"","background-media":"","overlay-type":"","overlay-color":"","overlay-gradient":""},"tablet":{"background-color":"var(--ast-global-color-5)","background-image":"","background-repeat":"repeat","background-position":"center center","background-size":"auto","background-attachment":"scroll","background-type":"","background-media":"","overlay-type":"","overlay-color":"","overlay-gradient":""},"mobile":{"background-color":"var(--ast-global-color-5)","background-image":"","background-repeat":"repeat","background-position":"center center","background-size":"auto","background-attachment":"scroll","background-type":"","background-media":"","overlay-type":"","overlay-color":"","overlay-gradient":""}},"footnotes":""},"categories":[12],"tags":[],"class_list":["post-4053","post","type-post","status-publish","format-standard","has-post-thumbnail","hentry","category-news"],"yoast_head":"<!-- This site is optimized with the Yoast SEO plugin v25.0 - https:\/\/yoast.com\/wordpress\/plugins\/seo\/ -->\n<title>Unser Gem\u00fcsegarten - Joven Esperanza e.V.<\/title>\n<meta name=\"robots\" content=\"index, follow, max-snippet:-1, max-image-preview:large, max-video-preview:-1\" \/>\n<link rel=\"canonical\" href=\"https:\/\/joven-esperanza.de\/es\/blog\/unser-gemuesegarten\/\" \/>\n<meta property=\"og:locale\" content=\"es_ES\" \/>\n<meta property=\"og:type\" content=\"article\" \/>\n<meta property=\"og:title\" content=\"Unser Gem\u00fcsegarten - Joven Esperanza e.V.\" \/>\n<meta property=\"og:description\" content=\"Seit vielen Jahren ist unser Gem\u00fcsegarten Teil des Projektes. Es ist nicht nur ein Garten mit sch\u00f6nen Farben, Gem\u00fcse und vielleicht auch etwas Unkraut \u2013 Ein Gem\u00fcsegarten ist vor allem eins: Nahrung. Hier k\u00f6nnen die Kinder dabei sein, wie ihr Essen, was sie sp\u00e4ter auf dem Teller haben, w\u00e4chst.\u00a0\u00a0Aber ein Gem\u00fcsegarten ist noch mehr. Es [&hellip;]\" \/>\n<meta property=\"og:url\" content=\"https:\/\/joven-esperanza.de\/es\/blog\/unser-gemuesegarten\/\" \/>\n<meta property=\"og:site_name\" content=\"Joven Esperanza e.V.\" \/>\n<meta property=\"article:publisher\" content=\"https:\/\/www.facebook.com\/JovenEsperanza\" \/>\n<meta property=\"article:published_time\" content=\"2024-05-27T17:18:35+00:00\" \/>\n<meta property=\"article:modified_time\" content=\"2024-05-27T17:19:09+00:00\" \/>\n<meta property=\"og:image\" content=\"https:\/\/joven-esperanza.de\/wp-content\/uploads\/2023\/06\/352296502_801178354619071_8512939671741636723_n.jpg\" \/>\n\t<meta property=\"og:image:width\" content=\"897\" \/>\n\t<meta property=\"og:image:height\" content=\"414\" \/>\n\t<meta property=\"og:image:type\" content=\"image\/jpeg\" \/>\n<meta name=\"author\" content=\"David Wenderdel\" \/>\n<meta name=\"twitter:card\" content=\"summary_large_image\" \/>\n<meta name=\"twitter:label1\" content=\"Written by\" \/>\n\t<meta name=\"twitter:data1\" content=\"David Wenderdel\" \/>\n\t<meta name=\"twitter:label2\" content=\"Est. reading time\" \/>\n\t<meta name=\"twitter:data2\" content=\"2 minutes\" \/>\n<script type=\"application\/ld+json\" class=\"yoast-schema-graph\">{\"@context\":\"https:\/\/schema.org\",\"@graph\":[{\"@type\":\"Article\",\"@id\":\"https:\/\/joven-esperanza.de\/blog\/unser-gemuesegarten\/#article\",\"isPartOf\":{\"@id\":\"https:\/\/joven-esperanza.de\/blog\/unser-gemuesegarten\/\"},\"author\":{\"name\":\"David Wenderdel\",\"@id\":\"https:\/\/joven-esperanza.de\/#\/schema\/person\/7ac668b14b29e886249d6ed166cb07fb\"},\"headline\":\"Unser Gem\u00fcsegarten\",\"datePublished\":\"2024-05-27T17:18:35+00:00\",\"dateModified\":\"2024-05-27T17:19:09+00:00\",\"mainEntityOfPage\":{\"@id\":\"https:\/\/joven-esperanza.de\/blog\/unser-gemuesegarten\/\"},\"wordCount\":201,\"publisher\":{\"@id\":\"https:\/\/joven-esperanza.de\/#organization\"},\"image\":{\"@id\":\"https:\/\/joven-esperanza.de\/blog\/unser-gemuesegarten\/#primaryimage\"},\"thumbnailUrl\":\"https:\/\/joven-esperanza.de\/wp-content\/uploads\/2023\/06\/352296502_801178354619071_8512939671741636723_n.jpg\",\"articleSection\":[\"News\"],\"inLanguage\":\"es-BO\"},{\"@type\":\"WebPage\",\"@id\":\"https:\/\/joven-esperanza.de\/blog\/unser-gemuesegarten\/\",\"url\":\"https:\/\/joven-esperanza.de\/blog\/unser-gemuesegarten\/\",\"name\":\"Unser Gem\u00fcsegarten - Joven Esperanza e.V.\",\"isPartOf\":{\"@id\":\"https:\/\/joven-esperanza.de\/#website\"},\"primaryImageOfPage\":{\"@id\":\"https:\/\/joven-esperanza.de\/blog\/unser-gemuesegarten\/#primaryimage\"},\"image\":{\"@id\":\"https:\/\/joven-esperanza.de\/blog\/unser-gemuesegarten\/#primaryimage\"},\"thumbnailUrl\":\"https:\/\/joven-esperanza.de\/wp-content\/uploads\/2023\/06\/352296502_801178354619071_8512939671741636723_n.jpg\",\"datePublished\":\"2024-05-27T17:18:35+00:00\",\"dateModified\":\"2024-05-27T17:19:09+00:00\",\"breadcrumb\":{\"@id\":\"https:\/\/joven-esperanza.de\/blog\/unser-gemuesegarten\/#breadcrumb\"},\"inLanguage\":\"es-BO\",\"potentialAction\":[{\"@type\":\"ReadAction\",\"target\":[\"https:\/\/joven-esperanza.de\/blog\/unser-gemuesegarten\/\"]}]},{\"@type\":\"ImageObject\",\"inLanguage\":\"es-BO\",\"@id\":\"https:\/\/joven-esperanza.de\/blog\/unser-gemuesegarten\/#primaryimage\",\"url\":\"https:\/\/joven-esperanza.de\/wp-content\/uploads\/2023\/06\/352296502_801178354619071_8512939671741636723_n.jpg\",\"contentUrl\":\"https:\/\/joven-esperanza.de\/wp-content\/uploads\/2023\/06\/352296502_801178354619071_8512939671741636723_n.jpg\",\"width\":897,\"height\":414},{\"@type\":\"BreadcrumbList\",\"@id\":\"https:\/\/joven-esperanza.de\/blog\/unser-gemuesegarten\/#breadcrumb\",\"itemListElement\":[{\"@type\":\"ListItem\",\"position\":1,\"name\":\"Startseite\",\"item\":\"https:\/\/joven-esperanza.de\/\"},{\"@type\":\"ListItem\",\"position\":2,\"name\":\"Unser Gem\u00fcsegarten\"}]},{\"@type\":\"WebSite\",\"@id\":\"https:\/\/joven-esperanza.de\/#website\",\"url\":\"https:\/\/joven-esperanza.de\/\",\"name\":\"Joven Esperanza e.V.\",\"description\":\"Kindern in Camiri eine Zukunft bieten\",\"publisher\":{\"@id\":\"https:\/\/joven-esperanza.de\/#organization\"},\"potentialAction\":[{\"@type\":\"SearchAction\",\"target\":{\"@type\":\"EntryPoint\",\"urlTemplate\":\"https:\/\/joven-esperanza.de\/?s={search_term_string}\"},\"query-input\":{\"@type\":\"PropertyValueSpecification\",\"valueRequired\":true,\"valueName\":\"search_term_string\"}}],\"inLanguage\":\"es-BO\"},{\"@type\":\"Organization\",\"@id\":\"https:\/\/joven-esperanza.de\/#organization\",\"name\":\"Joven Esperanza e.V.\",\"url\":\"https:\/\/joven-esperanza.de\/\",\"logo\":{\"@type\":\"ImageObject\",\"inLanguage\":\"es-BO\",\"@id\":\"https:\/\/joven-esperanza.de\/#\/schema\/logo\/image\/\",\"url\":\"https:\/\/joven-esperanza.de\/wp-content\/uploads\/2024\/02\/joven-esperanza.png\",\"contentUrl\":\"https:\/\/joven-esperanza.de\/wp-content\/uploads\/2024\/02\/joven-esperanza.png\",\"width\":4738,\"height\":1324,\"caption\":\"Joven Esperanza e.V.\"},\"image\":{\"@id\":\"https:\/\/joven-esperanza.de\/#\/schema\/logo\/image\/\"},\"sameAs\":[\"https:\/\/www.facebook.com\/JovenEsperanza\",\"https:\/\/www.instagram.com\/joven_esperanza_ev\/\",\"https:\/\/www.linkedin.com\/company\/joven-esperanza-e.v.\/\",\"https:\/\/www.youtube.com\/@joven.esperanza\"]},{\"@type\":\"Person\",\"@id\":\"https:\/\/joven-esperanza.de\/#\/schema\/person\/7ac668b14b29e886249d6ed166cb07fb\",\"name\":\"David Wenderdel\",\"image\":{\"@type\":\"ImageObject\",\"inLanguage\":\"es-BO\",\"@id\":\"https:\/\/joven-esperanza.de\/#\/schema\/person\/image\/\",\"url\":\"https:\/\/secure.gravatar.com\/avatar\/a84e178dcd509d154e59dbb782776b40f93e163b49b8e76ae7f4128cfac0ed38?s=96&d=mm&r=g\",\"contentUrl\":\"https:\/\/secure.gravatar.com\/avatar\/a84e178dcd509d154e59dbb782776b40f93e163b49b8e76ae7f4128cfac0ed38?s=96&d=mm&r=g\",\"caption\":\"David Wenderdel\"}}]}<\/script>\n<!-- \/ Yoast SEO plugin. -->","yoast_head_json":{"title":"Unser Gem\u00fcsegarten - Joven Esperanza e.V.","robots":{"index":"index","follow":"follow","max-snippet":"max-snippet:-1","max-image-preview":"max-image-preview:large","max-video-preview":"max-video-preview:-1"},"canonical":"https:\/\/joven-esperanza.de\/es\/blog\/unser-gemuesegarten\/","og_locale":"es_ES","og_type":"article","og_title":"Unser Gem\u00fcsegarten - Joven Esperanza e.V.","og_description":"Seit vielen Jahren ist unser Gem\u00fcsegarten Teil des Projektes. Es ist nicht nur ein Garten mit sch\u00f6nen Farben, Gem\u00fcse und vielleicht auch etwas Unkraut \u2013 Ein Gem\u00fcsegarten ist vor allem eins: Nahrung. Hier k\u00f6nnen die Kinder dabei sein, wie ihr Essen, was sie sp\u00e4ter auf dem Teller haben, w\u00e4chst.\u00a0\u00a0Aber ein Gem\u00fcsegarten ist noch mehr. Es [&hellip;]","og_url":"https:\/\/joven-esperanza.de\/es\/blog\/unser-gemuesegarten\/","og_site_name":"Joven Esperanza e.V.","article_publisher":"https:\/\/www.facebook.com\/JovenEsperanza","article_published_time":"2024-05-27T17:18:35+00:00","article_modified_time":"2024-05-27T17:19:09+00:00","og_image":[{"width":897,"height":414,"url":"https:\/\/joven-esperanza.de\/wp-content\/uploads\/2023\/06\/352296502_801178354619071_8512939671741636723_n.jpg","type":"image\/jpeg"}],"author":"David Wenderdel","twitter_card":"summary_large_image","twitter_misc":{"Written by":"David Wenderdel","Est. reading time":"2 minutes"},"schema":{"@context":"https:\/\/schema.org","@graph":[{"@type":"Article","@id":"https:\/\/joven-esperanza.de\/blog\/unser-gemuesegarten\/#article","isPartOf":{"@id":"https:\/\/joven-esperanza.de\/blog\/unser-gemuesegarten\/"},"author":{"name":"David Wenderdel","@id":"https:\/\/joven-esperanza.de\/#\/schema\/person\/7ac668b14b29e886249d6ed166cb07fb"},"headline":"Unser Gem\u00fcsegarten","datePublished":"2024-05-27T17:18:35+00:00","dateModified":"2024-05-27T17:19:09+00:00","mainEntityOfPage":{"@id":"https:\/\/joven-esperanza.de\/blog\/unser-gemuesegarten\/"},"wordCount":201,"publisher":{"@id":"https:\/\/joven-esperanza.de\/#organization"},"image":{"@id":"https:\/\/joven-esperanza.de\/blog\/unser-gemuesegarten\/#primaryimage"},"thumbnailUrl":"https:\/\/joven-esperanza.de\/wp-content\/uploads\/2023\/06\/352296502_801178354619071_8512939671741636723_n.jpg","articleSection":["News"],"inLanguage":"es-BO"},{"@type":"WebPage","@id":"https:\/\/joven-esperanza.de\/blog\/unser-gemuesegarten\/","url":"https:\/\/joven-esperanza.de\/blog\/unser-gemuesegarten\/","name":"Unser Gem\u00fcsegarten - Joven Esperanza e.V.","isPartOf":{"@id":"https:\/\/joven-esperanza.de\/#website"},"primaryImageOfPage":{"@id":"https:\/\/joven-esperanza.de\/blog\/unser-gemuesegarten\/#primaryimage"},"image":{"@id":"https:\/\/joven-esperanza.de\/blog\/unser-gemuesegarten\/#primaryimage"},"thumbnailUrl":"https:\/\/joven-esperanza.de\/wp-content\/uploads\/2023\/06\/352296502_801178354619071_8512939671741636723_n.jpg","datePublished":"2024-05-27T17:18:35+00:00","dateModified":"2024-05-27T17:19:09+00:00","breadcrumb":{"@id":"https:\/\/joven-esperanza.de\/blog\/unser-gemuesegarten\/#breadcrumb"},"inLanguage":"es-BO","potentialAction":[{"@type":"ReadAction","target":["https:\/\/joven-esperanza.de\/blog\/unser-gemuesegarten\/"]}]},{"@type":"ImageObject","inLanguage":"es-BO","@id":"https:\/\/joven-esperanza.de\/blog\/unser-gemuesegarten\/#primaryimage","url":"https:\/\/joven-esperanza.de\/wp-content\/uploads\/2023\/06\/352296502_801178354619071_8512939671741636723_n.jpg","contentUrl":"https:\/\/joven-esperanza.de\/wp-content\/uploads\/2023\/06\/352296502_801178354619071_8512939671741636723_n.jpg","width":897,"height":414},{"@type":"BreadcrumbList","@id":"https:\/\/joven-esperanza.de\/blog\/unser-gemuesegarten\/#breadcrumb","itemListElement":[{"@type":"ListItem","position":1,"name":"Startseite","item":"https:\/\/joven-esperanza.de\/"},{"@type":"ListItem","position":2,"name":"Unser Gem\u00fcsegarten"}]},{"@type":"WebSite","@id":"https:\/\/joven-esperanza.de\/#website","url":"https:\/\/joven-esperanza.de\/","name":"Joven Esperanza e.V.","description":"Kindern in Camiri eine Zukunft bieten","publisher":{"@id":"https:\/\/joven-esperanza.de\/#organization"},"potentialAction":[{"@type":"SearchAction","target":{"@type":"EntryPoint","urlTemplate":"https:\/\/joven-esperanza.de\/?s={search_term_string}"},"query-input":{"@type":"PropertyValueSpecification","valueRequired":true,"valueName":"search_term_string"}}],"inLanguage":"es-BO"},{"@type":"Organization","@id":"https:\/\/joven-esperanza.de\/#organization","name":"Joven Esperanza e.V.","url":"https:\/\/joven-esperanza.de\/","logo":{"@type":"ImageObject","inLanguage":"es-BO","@id":"https:\/\/joven-esperanza.de\/#\/schema\/logo\/image\/","url":"https:\/\/joven-esperanza.de\/wp-content\/uploads\/2024\/02\/joven-esperanza.png","contentUrl":"https:\/\/joven-esperanza.de\/wp-content\/uploads\/2024\/02\/joven-esperanza.png","width":4738,"height":1324,"caption":"Joven Esperanza e.V."},"image":{"@id":"https:\/\/joven-esperanza.de\/#\/schema\/logo\/image\/"},"sameAs":["https:\/\/www.facebook.com\/JovenEsperanza","https:\/\/www.instagram.com\/joven_esperanza_ev\/","https:\/\/www.linkedin.com\/company\/joven-esperanza-e.v.\/","https:\/\/www.youtube.com\/@joven.esperanza"]},{"@type":"Person","@id":"https:\/\/joven-esperanza.de\/#\/schema\/person\/7ac668b14b29e886249d6ed166cb07fb","name":"David Wenderdel","image":{"@type":"ImageObject","inLanguage":"es-BO","@id":"https:\/\/joven-esperanza.de\/#\/schema\/person\/image\/","url":"https:\/\/secure.gravatar.com\/avatar\/a84e178dcd509d154e59dbb782776b40f93e163b49b8e76ae7f4128cfac0ed38?s=96&d=mm&r=g","contentUrl":"https:\/\/secure.gravatar.com\/avatar\/a84e178dcd509d154e59dbb782776b40f93e163b49b8e76ae7f4128cfac0ed38?s=96&d=mm&r=g","caption":"David Wenderdel"}}]}},"uagb_featured_image_src":{"full":["https:\/\/joven-esperanza.de\/wp-content\/uploads\/2023\/06\/352296502_801178354619071_8512939671741636723_n.jpg",897,414,false],"thumbnail":["https:\/\/joven-esperanza.de\/wp-content\/uploads\/2023\/06\/352296502_801178354619071_8512939671741636723_n-150x150.jpg",150,150,true],"medium":["https:\/\/joven-esperanza.de\/wp-content\/uploads\/2023\/06\/352296502_801178354619071_8512939671741636723_n-300x138.jpg",300,138,true],"medium_large":["https:\/\/joven-esperanza.de\/wp-content\/uploads\/2023\/06\/352296502_801178354619071_8512939671741636723_n-768x354.jpg",768,354,true],"large":["https:\/\/joven-esperanza.de\/wp-content\/uploads\/2023\/06\/352296502_801178354619071_8512939671741636723_n.jpg",897,414,false],"1536x1536":["https:\/\/joven-esperanza.de\/wp-content\/uploads\/2023\/06\/352296502_801178354619071_8512939671741636723_n.jpg",897,414,false],"2048x2048":["https:\/\/joven-esperanza.de\/wp-content\/uploads\/2023\/06\/352296502_801178354619071_8512939671741636723_n.jpg",897,414,false],"trp-custom-language-flag":["https:\/\/joven-esperanza.de\/wp-content\/uploads\/2023\/06\/352296502_801178354619071_8512939671741636723_n.jpg",18,8,false]},"uagb_author_info":{"display_name":"David Wenderdel","author_link":"https:\/\/joven-esperanza.de\/es\/blog\/author\/david\/"},"uagb_comment_info":0,"uagb_excerpt":"Seit vielen Jahren ist unser Gem\u00fcsegarten Teil des Projektes. Es ist nicht nur ein Garten mit sch\u00f6nen Farben, Gem\u00fcse und vielleicht auch etwas Unkraut \u2013 Ein Gem\u00fcsegarten ist vor allem eins: Nahrung. Hier k\u00f6nnen die Kinder dabei sein, wie ihr Essen, was sie sp\u00e4ter auf dem Teller haben, w\u00e4chst.\u00a0\u00a0Aber ein Gem\u00fcsegarten ist noch mehr. Es&hellip;","_links":{"self":[{"href":"https:\/\/joven-esperanza.de\/es\/wp-json\/wp\/v2\/posts\/4053","targetHints":{"allow":["GET"]}}],"collection":[{"href":"https:\/\/joven-esperanza.de\/es\/wp-json\/wp\/v2\/posts"}],"about":[{"href":"https:\/\/joven-esperanza.de\/es\/wp-json\/wp\/v2\/types\/post"}],"author":[{"embeddable":true,"href":"https:\/\/joven-esperanza.de\/es\/wp-json\/wp\/v2\/users\/3"}],"replies":[{"embeddable":true,"href":"https:\/\/joven-esperanza.de\/es\/wp-json\/wp\/v2\/comments?post=4053"}],"version-history":[{"count":1,"href":"https:\/\/joven-esperanza.de\/es\/wp-json\/wp\/v2\/posts\/4053\/revisions"}],"predecessor-version":[{"id":4054,"href":"https:\/\/joven-esperanza.de\/es\/wp-json\/wp\/v2\/posts\/4053\/revisions\/4054"}],"wp:featuredmedia":[{"embeddable":true,"href":"https:\/\/joven-esperanza.de\/es\/wp-json\/wp\/v2\/media\/1143"}],"wp:attachment":[{"href":"https:\/\/joven-esperanza.de\/es\/wp-json\/wp\/v2\/media?parent=4053"}],"wp:term":[{"taxonomy":"category","embeddable":true,"href":"https:\/\/joven-esperanza.de\/es\/wp-json\/wp\/v2\/categories?post=4053"},{"taxonomy":"post_tag","embeddable":true,"href":"https:\/\/joven-esperanza.de\/es\/wp-json\/wp\/v2\/tags?post=4053"}],"curies":[{"name":"wp","href":"https:\/\/api.w.org\/{rel}","templated":true}]}}