{"id":4061,"date":"2024-07-16T13:52:15","date_gmt":"2024-07-16T13:52:15","guid":{"rendered":"https:\/\/joven-esperanza.de\/?p=4061"},"modified":"2024-07-16T13:53:58","modified_gmt":"2024-07-16T13:53:58","slug":"winterferien-in-camiri","status":"publish","type":"post","link":"https:\/\/joven-esperanza.de\/es\/blog\/winterferien-in-camiri\/","title":{"rendered":"Winterferien in Camiri"},"content":{"rendered":"<p>In Bolivien sind jedes Jahr im Juli zwei Wochen Winterferien; eine Zeit, die jedes Jahr mit vielen interessanten Aktivit\u00e4ten gef\u00fcllt ist. Begleite uns auf einer zweiw\u00f6chigen Reise voller Sport und Lernen. W\u00e4hrend dieser Winterferien trainieren die Kinder t\u00e4glich Fu\u00dfball und verbessern ihre F\u00e4higkeiten. Neben dem Sport steht auch Matheunterricht auf dem Programm, bei dem die Kinder ihre Kenntnisse vertiefen. Kreativit\u00e4t wird gef\u00f6rdert: Die Kinder basteln Armb\u00e4nder und verzieren Bleistifte. Zus\u00e4tzlich bieten wir Workshops an, in denen die Kinder den Umgang mit Excel und PowerPoint erlernen. Auch im Garten gibt es viel zu tun. Die Kinder helfen mit und erleben, wie Pflanzen wachsen. Ein besonderes Highlight ist der Workshop einer Psychologin, die den Kindern den Umgang mit Emotionen n\u00e4herbringt. Schau rein und erlebe die Vielfalt unserer Winterferien in Bolivien.<\/p>\n\n\n\n<figure class=\"wp-block-embed is-type-video is-provider-youtube wp-block-embed-youtube wp-embed-aspect-16-9 wp-has-aspect-ratio\"><div class=\"wp-block-embed__wrapper\">\n<div class=\"ast-oembed-container\" style=\"height: 100%;\"><iframe loading=\"lazy\" title=\"Winterferien in Camiri (Bolivien) | Joven Esperanza e.V.\" width=\"500\" height=\"281\" src=\"https:\/\/www.youtube.com\/embed\/bzxo-ru66aA?feature=oembed\" frameborder=\"0\" allow=\"accelerometer; autoplay; clipboard-write; encrypted-media; gyroscope; picture-in-picture; web-share\" referrerpolicy=\"strict-origin-when-cross-origin\" allowfullscreen><\/iframe><\/div>\n<\/div><\/figure>\n\n\n\n<p><\/p>\n\n\n\n<p><\/p>","protected":false},"excerpt":{"rendered":"<p>In Bolivien sind jedes Jahr im Juli zwei Wochen Winterferien; eine Zeit, die jedes Jahr mit vielen interessanten Aktivit\u00e4ten gef\u00fcllt ist. Begleite uns auf einer zweiw\u00f6chigen Reise voller Sport und Lernen. W\u00e4hrend dieser Winterferien trainieren die Kinder t\u00e4glich Fu\u00dfball und verbessern ihre F\u00e4higkeiten. Neben dem Sport steht auch Matheunterricht auf dem Programm, bei dem die [&hellip;]<\/p>","protected":false},"author":3,"featured_media":3495,"comment_status":"closed","ping_status":"open","sticky":false,"template":"","format":"standard","meta":{"_uag_custom_page_level_css":"","site-sidebar-layout":"default","site-content-layout":"","ast-site-content-layout":"default","site-content-style":"default","site-sidebar-style":"default","ast-global-header-display":"","ast-banner-title-visibility":"","ast-main-header-display":"","ast-hfb-above-header-display":"","ast-hfb-below-header-display":"","ast-hfb-mobile-header-display":"","site-post-title":"","ast-breadcrumbs-content":"","ast-featured-img":"","footer-sml-layout":"","theme-transparent-header-meta":"","adv-header-id-meta":"","stick-header-meta":"","header-above-stick-meta":"","header-main-stick-meta":"","header-below-stick-meta":"","astra-migrate-meta-layouts":"set","ast-page-background-enabled":"default","ast-page-background-meta":{"desktop":{"background-color":"var(--ast-global-color-4)","background-image":"","background-repeat":"repeat","background-position":"center center","background-size":"auto","background-attachment":"scroll","background-type":"","background-media":"","overlay-type":"","overlay-color":"","overlay-gradient":""},"tablet":{"background-color":"","background-image":"","background-repeat":"repeat","background-position":"center center","background-size":"auto","background-attachment":"scroll","background-type":"","background-media":"","overlay-type":"","overlay-color":"","overlay-gradient":""},"mobile":{"background-color":"","background-image":"","background-repeat":"repeat","background-position":"center center","background-size":"auto","background-attachment":"scroll","background-type":"","background-media":"","overlay-type":"","overlay-color":"","overlay-gradient":""}},"ast-content-background-meta":{"desktop":{"background-color":"var(--ast-global-color-5)","background-image":"","background-repeat":"repeat","background-position":"center center","background-size":"auto","background-attachment":"scroll","background-type":"","background-media":"","overlay-type":"","overlay-color":"","overlay-gradient":""},"tablet":{"background-color":"var(--ast-global-color-5)","background-image":"","background-repeat":"repeat","background-position":"center center","background-size":"auto","background-attachment":"scroll","background-type":"","background-media":"","overlay-type":"","overlay-color":"","overlay-gradient":""},"mobile":{"background-color":"var(--ast-global-color-5)","background-image":"","background-repeat":"repeat","background-position":"center center","background-size":"auto","background-attachment":"scroll","background-type":"","background-media":"","overlay-type":"","overlay-color":"","overlay-gradient":""}},"footnotes":""},"categories":[12],"tags":[],"class_list":["post-4061","post","type-post","status-publish","format-standard","has-post-thumbnail","hentry","category-news"],"yoast_head":"<!-- This site is optimized with the Yoast SEO plugin v25.0 - https:\/\/yoast.com\/wordpress\/plugins\/seo\/ -->\n<title>Winterferien in Camiri - Joven Esperanza e.V.<\/title>\n<meta name=\"robots\" content=\"index, follow, max-snippet:-1, max-image-preview:large, max-video-preview:-1\" \/>\n<link rel=\"canonical\" href=\"https:\/\/joven-esperanza.de\/es\/blog\/winterferien-in-camiri\/\" \/>\n<meta property=\"og:locale\" content=\"es_ES\" \/>\n<meta property=\"og:type\" content=\"article\" \/>\n<meta property=\"og:title\" content=\"Winterferien in Camiri - Joven Esperanza e.V.\" \/>\n<meta property=\"og:description\" content=\"In Bolivien sind jedes Jahr im Juli zwei Wochen Winterferien; eine Zeit, die jedes Jahr mit vielen interessanten Aktivit\u00e4ten gef\u00fcllt ist. Begleite uns auf einer zweiw\u00f6chigen Reise voller Sport und Lernen. W\u00e4hrend dieser Winterferien trainieren die Kinder t\u00e4glich Fu\u00dfball und verbessern ihre F\u00e4higkeiten. Neben dem Sport steht auch Matheunterricht auf dem Programm, bei dem die [&hellip;]\" \/>\n<meta property=\"og:url\" content=\"https:\/\/joven-esperanza.de\/es\/blog\/winterferien-in-camiri\/\" \/>\n<meta property=\"og:site_name\" content=\"Joven Esperanza e.V.\" \/>\n<meta property=\"article:publisher\" content=\"https:\/\/www.facebook.com\/JovenEsperanza\" \/>\n<meta property=\"article:published_time\" content=\"2024-07-16T13:52:15+00:00\" \/>\n<meta property=\"article:modified_time\" content=\"2024-07-16T13:53:58+00:00\" \/>\n<meta property=\"og:image\" content=\"https:\/\/joven-esperanza.de\/wp-content\/uploads\/2024\/02\/gesundheit-scaled.jpg\" \/>\n\t<meta property=\"og:image:width\" content=\"2560\" \/>\n\t<meta property=\"og:image:height\" content=\"1707\" \/>\n\t<meta property=\"og:image:type\" content=\"image\/jpeg\" \/>\n<meta name=\"author\" content=\"David Wenderdel\" \/>\n<meta name=\"twitter:card\" content=\"summary_large_image\" \/>\n<meta name=\"twitter:label1\" content=\"Written by\" \/>\n\t<meta name=\"twitter:data1\" content=\"David Wenderdel\" \/>\n\t<meta name=\"twitter:label2\" content=\"Est. reading time\" \/>\n\t<meta name=\"twitter:data2\" content=\"1 minute\" \/>\n<script type=\"application\/ld+json\" class=\"yoast-schema-graph\">{\"@context\":\"https:\/\/schema.org\",\"@graph\":[{\"@type\":\"Article\",\"@id\":\"https:\/\/joven-esperanza.de\/blog\/winterferien-in-camiri\/#article\",\"isPartOf\":{\"@id\":\"https:\/\/joven-esperanza.de\/blog\/winterferien-in-camiri\/\"},\"author\":{\"name\":\"David Wenderdel\",\"@id\":\"https:\/\/joven-esperanza.de\/#\/schema\/person\/7ac668b14b29e886249d6ed166cb07fb\"},\"headline\":\"Winterferien in Camiri\",\"datePublished\":\"2024-07-16T13:52:15+00:00\",\"dateModified\":\"2024-07-16T13:53:58+00:00\",\"mainEntityOfPage\":{\"@id\":\"https:\/\/joven-esperanza.de\/blog\/winterferien-in-camiri\/\"},\"wordCount\":148,\"publisher\":{\"@id\":\"https:\/\/joven-esperanza.de\/#organization\"},\"image\":{\"@id\":\"https:\/\/joven-esperanza.de\/blog\/winterferien-in-camiri\/#primaryimage\"},\"thumbnailUrl\":\"https:\/\/joven-esperanza.de\/wp-content\/uploads\/2024\/02\/gesundheit-scaled.jpg\",\"articleSection\":[\"News\"],\"inLanguage\":\"es-BO\"},{\"@type\":\"WebPage\",\"@id\":\"https:\/\/joven-esperanza.de\/blog\/winterferien-in-camiri\/\",\"url\":\"https:\/\/joven-esperanza.de\/blog\/winterferien-in-camiri\/\",\"name\":\"Winterferien in Camiri - Joven Esperanza e.V.\",\"isPartOf\":{\"@id\":\"https:\/\/joven-esperanza.de\/#website\"},\"primaryImageOfPage\":{\"@id\":\"https:\/\/joven-esperanza.de\/blog\/winterferien-in-camiri\/#primaryimage\"},\"image\":{\"@id\":\"https:\/\/joven-esperanza.de\/blog\/winterferien-in-camiri\/#primaryimage\"},\"thumbnailUrl\":\"https:\/\/joven-esperanza.de\/wp-content\/uploads\/2024\/02\/gesundheit-scaled.jpg\",\"datePublished\":\"2024-07-16T13:52:15+00:00\",\"dateModified\":\"2024-07-16T13:53:58+00:00\",\"breadcrumb\":{\"@id\":\"https:\/\/joven-esperanza.de\/blog\/winterferien-in-camiri\/#breadcrumb\"},\"inLanguage\":\"es-BO\",\"potentialAction\":[{\"@type\":\"ReadAction\",\"target\":[\"https:\/\/joven-esperanza.de\/blog\/winterferien-in-camiri\/\"]}]},{\"@type\":\"ImageObject\",\"inLanguage\":\"es-BO\",\"@id\":\"https:\/\/joven-esperanza.de\/blog\/winterferien-in-camiri\/#primaryimage\",\"url\":\"https:\/\/joven-esperanza.de\/wp-content\/uploads\/2024\/02\/gesundheit-scaled.jpg\",\"contentUrl\":\"https:\/\/joven-esperanza.de\/wp-content\/uploads\/2024\/02\/gesundheit-scaled.jpg\",\"width\":2560,\"height\":1707},{\"@type\":\"BreadcrumbList\",\"@id\":\"https:\/\/joven-esperanza.de\/blog\/winterferien-in-camiri\/#breadcrumb\",\"itemListElement\":[{\"@type\":\"ListItem\",\"position\":1,\"name\":\"Startseite\",\"item\":\"https:\/\/joven-esperanza.de\/\"},{\"@type\":\"ListItem\",\"position\":2,\"name\":\"Winterferien in Camiri\"}]},{\"@type\":\"WebSite\",\"@id\":\"https:\/\/joven-esperanza.de\/#website\",\"url\":\"https:\/\/joven-esperanza.de\/\",\"name\":\"Joven Esperanza e.V.\",\"description\":\"Kindern in Camiri eine Zukunft bieten\",\"publisher\":{\"@id\":\"https:\/\/joven-esperanza.de\/#organization\"},\"potentialAction\":[{\"@type\":\"SearchAction\",\"target\":{\"@type\":\"EntryPoint\",\"urlTemplate\":\"https:\/\/joven-esperanza.de\/?s={search_term_string}\"},\"query-input\":{\"@type\":\"PropertyValueSpecification\",\"valueRequired\":true,\"valueName\":\"search_term_string\"}}],\"inLanguage\":\"es-BO\"},{\"@type\":\"Organization\",\"@id\":\"https:\/\/joven-esperanza.de\/#organization\",\"name\":\"Joven Esperanza e.V.\",\"url\":\"https:\/\/joven-esperanza.de\/\",\"logo\":{\"@type\":\"ImageObject\",\"inLanguage\":\"es-BO\",\"@id\":\"https:\/\/joven-esperanza.de\/#\/schema\/logo\/image\/\",\"url\":\"https:\/\/joven-esperanza.de\/wp-content\/uploads\/2024\/02\/joven-esperanza.png\",\"contentUrl\":\"https:\/\/joven-esperanza.de\/wp-content\/uploads\/2024\/02\/joven-esperanza.png\",\"width\":4738,\"height\":1324,\"caption\":\"Joven Esperanza e.V.\"},\"image\":{\"@id\":\"https:\/\/joven-esperanza.de\/#\/schema\/logo\/image\/\"},\"sameAs\":[\"https:\/\/www.facebook.com\/JovenEsperanza\",\"https:\/\/www.instagram.com\/joven_esperanza_ev\/\",\"https:\/\/www.linkedin.com\/company\/joven-esperanza-e.v.\/\",\"https:\/\/www.youtube.com\/@joven.esperanza\"]},{\"@type\":\"Person\",\"@id\":\"https:\/\/joven-esperanza.de\/#\/schema\/person\/7ac668b14b29e886249d6ed166cb07fb\",\"name\":\"David Wenderdel\",\"image\":{\"@type\":\"ImageObject\",\"inLanguage\":\"es-BO\",\"@id\":\"https:\/\/joven-esperanza.de\/#\/schema\/person\/image\/\",\"url\":\"https:\/\/secure.gravatar.com\/avatar\/a84e178dcd509d154e59dbb782776b40f93e163b49b8e76ae7f4128cfac0ed38?s=96&d=mm&r=g\",\"contentUrl\":\"https:\/\/secure.gravatar.com\/avatar\/a84e178dcd509d154e59dbb782776b40f93e163b49b8e76ae7f4128cfac0ed38?s=96&d=mm&r=g\",\"caption\":\"David Wenderdel\"}}]}<\/script>\n<!-- \/ Yoast SEO plugin. -->","yoast_head_json":{"title":"Winterferien in Camiri - Joven Esperanza e.V.","robots":{"index":"index","follow":"follow","max-snippet":"max-snippet:-1","max-image-preview":"max-image-preview:large","max-video-preview":"max-video-preview:-1"},"canonical":"https:\/\/joven-esperanza.de\/es\/blog\/winterferien-in-camiri\/","og_locale":"es_ES","og_type":"article","og_title":"Winterferien in Camiri - Joven Esperanza e.V.","og_description":"In Bolivien sind jedes Jahr im Juli zwei Wochen Winterferien; eine Zeit, die jedes Jahr mit vielen interessanten Aktivit\u00e4ten gef\u00fcllt ist. Begleite uns auf einer zweiw\u00f6chigen Reise voller Sport und Lernen. W\u00e4hrend dieser Winterferien trainieren die Kinder t\u00e4glich Fu\u00dfball und verbessern ihre F\u00e4higkeiten. Neben dem Sport steht auch Matheunterricht auf dem Programm, bei dem die [&hellip;]","og_url":"https:\/\/joven-esperanza.de\/es\/blog\/winterferien-in-camiri\/","og_site_name":"Joven Esperanza e.V.","article_publisher":"https:\/\/www.facebook.com\/JovenEsperanza","article_published_time":"2024-07-16T13:52:15+00:00","article_modified_time":"2024-07-16T13:53:58+00:00","og_image":[{"width":2560,"height":1707,"url":"https:\/\/joven-esperanza.de\/wp-content\/uploads\/2024\/02\/gesundheit-scaled.jpg","type":"image\/jpeg"}],"author":"David Wenderdel","twitter_card":"summary_large_image","twitter_misc":{"Written by":"David Wenderdel","Est. reading time":"1 minute"},"schema":{"@context":"https:\/\/schema.org","@graph":[{"@type":"Article","@id":"https:\/\/joven-esperanza.de\/blog\/winterferien-in-camiri\/#article","isPartOf":{"@id":"https:\/\/joven-esperanza.de\/blog\/winterferien-in-camiri\/"},"author":{"name":"David Wenderdel","@id":"https:\/\/joven-esperanza.de\/#\/schema\/person\/7ac668b14b29e886249d6ed166cb07fb"},"headline":"Winterferien in Camiri","datePublished":"2024-07-16T13:52:15+00:00","dateModified":"2024-07-16T13:53:58+00:00","mainEntityOfPage":{"@id":"https:\/\/joven-esperanza.de\/blog\/winterferien-in-camiri\/"},"wordCount":148,"publisher":{"@id":"https:\/\/joven-esperanza.de\/#organization"},"image":{"@id":"https:\/\/joven-esperanza.de\/blog\/winterferien-in-camiri\/#primaryimage"},"thumbnailUrl":"https:\/\/joven-esperanza.de\/wp-content\/uploads\/2024\/02\/gesundheit-scaled.jpg","articleSection":["News"],"inLanguage":"es-BO"},{"@type":"WebPage","@id":"https:\/\/joven-esperanza.de\/blog\/winterferien-in-camiri\/","url":"https:\/\/joven-esperanza.de\/blog\/winterferien-in-camiri\/","name":"Winterferien in Camiri - Joven Esperanza e.V.","isPartOf":{"@id":"https:\/\/joven-esperanza.de\/#website"},"primaryImageOfPage":{"@id":"https:\/\/joven-esperanza.de\/blog\/winterferien-in-camiri\/#primaryimage"},"image":{"@id":"https:\/\/joven-esperanza.de\/blog\/winterferien-in-camiri\/#primaryimage"},"thumbnailUrl":"https:\/\/joven-esperanza.de\/wp-content\/uploads\/2024\/02\/gesundheit-scaled.jpg","datePublished":"2024-07-16T13:52:15+00:00","dateModified":"2024-07-16T13:53:58+00:00","breadcrumb":{"@id":"https:\/\/joven-esperanza.de\/blog\/winterferien-in-camiri\/#breadcrumb"},"inLanguage":"es-BO","potentialAction":[{"@type":"ReadAction","target":["https:\/\/joven-esperanza.de\/blog\/winterferien-in-camiri\/"]}]},{"@type":"ImageObject","inLanguage":"es-BO","@id":"https:\/\/joven-esperanza.de\/blog\/winterferien-in-camiri\/#primaryimage","url":"https:\/\/joven-esperanza.de\/wp-content\/uploads\/2024\/02\/gesundheit-scaled.jpg","contentUrl":"https:\/\/joven-esperanza.de\/wp-content\/uploads\/2024\/02\/gesundheit-scaled.jpg","width":2560,"height":1707},{"@type":"BreadcrumbList","@id":"https:\/\/joven-esperanza.de\/blog\/winterferien-in-camiri\/#breadcrumb","itemListElement":[{"@type":"ListItem","position":1,"name":"Startseite","item":"https:\/\/joven-esperanza.de\/"},{"@type":"ListItem","position":2,"name":"Winterferien in Camiri"}]},{"@type":"WebSite","@id":"https:\/\/joven-esperanza.de\/#website","url":"https:\/\/joven-esperanza.de\/","name":"Joven Esperanza e.V.","description":"Kindern in Camiri eine Zukunft bieten","publisher":{"@id":"https:\/\/joven-esperanza.de\/#organization"},"potentialAction":[{"@type":"SearchAction","target":{"@type":"EntryPoint","urlTemplate":"https:\/\/joven-esperanza.de\/?s={search_term_string}"},"query-input":{"@type":"PropertyValueSpecification","valueRequired":true,"valueName":"search_term_string"}}],"inLanguage":"es-BO"},{"@type":"Organization","@id":"https:\/\/joven-esperanza.de\/#organization","name":"Joven Esperanza e.V.","url":"https:\/\/joven-esperanza.de\/","logo":{"@type":"ImageObject","inLanguage":"es-BO","@id":"https:\/\/joven-esperanza.de\/#\/schema\/logo\/image\/","url":"https:\/\/joven-esperanza.de\/wp-content\/uploads\/2024\/02\/joven-esperanza.png","contentUrl":"https:\/\/joven-esperanza.de\/wp-content\/uploads\/2024\/02\/joven-esperanza.png","width":4738,"height":1324,"caption":"Joven Esperanza e.V."},"image":{"@id":"https:\/\/joven-esperanza.de\/#\/schema\/logo\/image\/"},"sameAs":["https:\/\/www.facebook.com\/JovenEsperanza","https:\/\/www.instagram.com\/joven_esperanza_ev\/","https:\/\/www.linkedin.com\/company\/joven-esperanza-e.v.\/","https:\/\/www.youtube.com\/@joven.esperanza"]},{"@type":"Person","@id":"https:\/\/joven-esperanza.de\/#\/schema\/person\/7ac668b14b29e886249d6ed166cb07fb","name":"David Wenderdel","image":{"@type":"ImageObject","inLanguage":"es-BO","@id":"https:\/\/joven-esperanza.de\/#\/schema\/person\/image\/","url":"https:\/\/secure.gravatar.com\/avatar\/a84e178dcd509d154e59dbb782776b40f93e163b49b8e76ae7f4128cfac0ed38?s=96&d=mm&r=g","contentUrl":"https:\/\/secure.gravatar.com\/avatar\/a84e178dcd509d154e59dbb782776b40f93e163b49b8e76ae7f4128cfac0ed38?s=96&d=mm&r=g","caption":"David Wenderdel"}}]}},"uagb_featured_image_src":{"full":["https:\/\/joven-esperanza.de\/wp-content\/uploads\/2024\/02\/gesundheit-scaled.jpg",2560,1707,false],"thumbnail":["https:\/\/joven-esperanza.de\/wp-content\/uploads\/2024\/02\/gesundheit-150x150.jpg",150,150,true],"medium":["https:\/\/joven-esperanza.de\/wp-content\/uploads\/2024\/02\/gesundheit-300x200.jpg",300,200,true],"medium_large":["https:\/\/joven-esperanza.de\/wp-content\/uploads\/2024\/02\/gesundheit-768x512.jpg",768,512,true],"large":["https:\/\/joven-esperanza.de\/wp-content\/uploads\/2024\/02\/gesundheit-1024x683.jpg",1024,683,true],"1536x1536":["https:\/\/joven-esperanza.de\/wp-content\/uploads\/2024\/02\/gesundheit-1536x1024.jpg",1536,1024,true],"2048x2048":["https:\/\/joven-esperanza.de\/wp-content\/uploads\/2024\/02\/gesundheit-2048x1366.jpg",2048,1366,true],"trp-custom-language-flag":["https:\/\/joven-esperanza.de\/wp-content\/uploads\/2024\/02\/gesundheit-scaled.jpg",18,12,false]},"uagb_author_info":{"display_name":"David Wenderdel","author_link":"https:\/\/joven-esperanza.de\/es\/blog\/author\/david\/"},"uagb_comment_info":0,"uagb_excerpt":"In Bolivien sind jedes Jahr im Juli zwei Wochen Winterferien; eine Zeit, die jedes Jahr mit vielen interessanten Aktivit\u00e4ten gef\u00fcllt ist. Begleite uns auf einer zweiw\u00f6chigen Reise voller Sport und Lernen. W\u00e4hrend dieser Winterferien trainieren die Kinder t\u00e4glich Fu\u00dfball und verbessern ihre F\u00e4higkeiten. Neben dem Sport steht auch Matheunterricht auf dem Programm, bei dem die&hellip;","_links":{"self":[{"href":"https:\/\/joven-esperanza.de\/es\/wp-json\/wp\/v2\/posts\/4061","targetHints":{"allow":["GET"]}}],"collection":[{"href":"https:\/\/joven-esperanza.de\/es\/wp-json\/wp\/v2\/posts"}],"about":[{"href":"https:\/\/joven-esperanza.de\/es\/wp-json\/wp\/v2\/types\/post"}],"author":[{"embeddable":true,"href":"https:\/\/joven-esperanza.de\/es\/wp-json\/wp\/v2\/users\/3"}],"replies":[{"embeddable":true,"href":"https:\/\/joven-esperanza.de\/es\/wp-json\/wp\/v2\/comments?post=4061"}],"version-history":[{"count":2,"href":"https:\/\/joven-esperanza.de\/es\/wp-json\/wp\/v2\/posts\/4061\/revisions"}],"predecessor-version":[{"id":4063,"href":"https:\/\/joven-esperanza.de\/es\/wp-json\/wp\/v2\/posts\/4061\/revisions\/4063"}],"wp:featuredmedia":[{"embeddable":true,"href":"https:\/\/joven-esperanza.de\/es\/wp-json\/wp\/v2\/media\/3495"}],"wp:attachment":[{"href":"https:\/\/joven-esperanza.de\/es\/wp-json\/wp\/v2\/media?parent=4061"}],"wp:term":[{"taxonomy":"category","embeddable":true,"href":"https:\/\/joven-esperanza.de\/es\/wp-json\/wp\/v2\/categories?post=4061"},{"taxonomy":"post_tag","embeddable":true,"href":"https:\/\/joven-esperanza.de\/es\/wp-json\/wp\/v2\/tags?post=4061"}],"curies":[{"name":"wp","href":"https:\/\/api.w.org\/{rel}","templated":true}]}}