{"id":4065,"date":"2024-08-01T12:29:07","date_gmt":"2024-08-01T12:29:07","guid":{"rendered":"https:\/\/joven-esperanza.de\/?p=4065"},"modified":"2024-08-01T12:33:08","modified_gmt":"2024-08-01T12:33:08","slug":"sommerfest-2024","status":"publish","type":"post","link":"https:\/\/joven-esperanza.de\/es\/blog\/sommerfest-2024\/","title":{"rendered":"Einladung zum Sommerfest 2024"},"content":{"rendered":"<p>Wir m\u00f6chten Dich ganz herzlich zu unserem diesj\u00e4hrigen\u00a0Sommerfest\u00a0einladen.<\/p>\n\n\n\n<p>Bei (hoffentlich) bestem Wetter, Kaffee und Kuchen feiern wir\u00a0<\/p>\n\n\n\n<p>&nbsp; &nbsp; &nbsp; &nbsp; &nbsp; &nbsp; &nbsp; &nbsp; &nbsp; am&nbsp;<strong>Samstag, 28.08.2024 von 15 bis 18 Uhr im&nbsp;<\/strong><\/p>\n\n\n\n<p><strong>&nbsp; &nbsp; &nbsp; &nbsp; &nbsp; &nbsp; &nbsp; &nbsp; &nbsp; &nbsp; &nbsp; &nbsp; &nbsp; Mesterbrooksweg 32A, 22397 Hamburg.<\/strong><\/p>\n\n\n\n<p>Wir freuen uns auf ein Treffen mit Dir und einen regen Austausch. Der erweiterte Vorstand wird anwesend sein und \u00fcber die aktuelle Situation und Neuigkeiten aus Camiri berichten.\u00a0<\/p>\n\n\n\n<p>Bring gerne interessierte Freunde, Familie und Nachbarn mit. Wenn Du unsere Einladung weitergeben m\u00f6chtest und sie in Papierform ben\u00f6tigst, k\u00f6nnen wir Dir gerne welche \u00fcbersenden. Ansonsten findest Du hier auch direkt die digitale Form der Einladung zum Weiterleiten oder Ausdrucken.<\/p>\n\n\n\n<p>Damit Ines, unsere Gastgeberin, besser planen kann, bitten wir um eine kurze Anmeldung unter&nbsp;<a href=\"mailto:info@joven-esperanza.de\" target=\"_blank\" rel=\"noreferrer noopener\">info@joven-esperanza.de<\/a>.<\/p>\n\n\n\n<figure class=\"wp-block-image aligncenter size-large\"><img loading=\"lazy\" decoding=\"async\" width=\"724\" height=\"1024\" src=\"https:\/\/joven-esperanza.de\/wp-content\/uploads\/2024\/08\/1721831599471327-Sommerfest-2024-3-1-724x1024.jpg\" alt=\"\" class=\"wp-image-4068\" srcset=\"https:\/\/joven-esperanza.de\/wp-content\/uploads\/2024\/08\/1721831599471327-Sommerfest-2024-3-1-724x1024.jpg 724w, https:\/\/joven-esperanza.de\/wp-content\/uploads\/2024\/08\/1721831599471327-Sommerfest-2024-3-1-212x300.jpg 212w, https:\/\/joven-esperanza.de\/wp-content\/uploads\/2024\/08\/1721831599471327-Sommerfest-2024-3-1-768x1087.jpg 768w, https:\/\/joven-esperanza.de\/wp-content\/uploads\/2024\/08\/1721831599471327-Sommerfest-2024-3-1-8x12.jpg 8w, https:\/\/joven-esperanza.de\/wp-content\/uploads\/2024\/08\/1721831599471327-Sommerfest-2024-3-1.jpg 848w\" sizes=\"auto, (max-width: 724px) 100vw, 724px\" \/><\/figure>\n\n\n\n<p><\/p>","protected":false},"excerpt":{"rendered":"<p>Wir m\u00f6chten Dich ganz herzlich zu unserem diesj\u00e4hrigen\u00a0Sommerfest\u00a0einladen. Bei (hoffentlich) bestem Wetter, Kaffee und Kuchen feiern wir\u00a0 &nbsp; &nbsp; &nbsp; &nbsp; &nbsp; &nbsp; &nbsp; &nbsp; &nbsp; am&nbsp;Samstag, 28.08.2024 von 15 bis 18 Uhr im&nbsp; &nbsp; &nbsp; &nbsp; &nbsp; &nbsp; &nbsp; &nbsp; &nbsp; &nbsp; &nbsp; &nbsp; &nbsp; &nbsp; Mesterbrooksweg 32A, 22397 Hamburg. Wir freuen uns auf [&hellip;]<\/p>","protected":false},"author":3,"featured_media":4068,"comment_status":"closed","ping_status":"open","sticky":false,"template":"","format":"standard","meta":{"_uag_custom_page_level_css":"","site-sidebar-layout":"default","site-content-layout":"","ast-site-content-layout":"default","site-content-style":"default","site-sidebar-style":"default","ast-global-header-display":"","ast-banner-title-visibility":"","ast-main-header-display":"","ast-hfb-above-header-display":"","ast-hfb-below-header-display":"","ast-hfb-mobile-header-display":"","site-post-title":"","ast-breadcrumbs-content":"","ast-featured-img":"","footer-sml-layout":"","theme-transparent-header-meta":"","adv-header-id-meta":"","stick-header-meta":"","header-above-stick-meta":"","header-main-stick-meta":"","header-below-stick-meta":"","astra-migrate-meta-layouts":"set","ast-page-background-enabled":"default","ast-page-background-meta":{"desktop":{"background-color":"var(--ast-global-color-4)","background-image":"","background-repeat":"repeat","background-position":"center center","background-size":"auto","background-attachment":"scroll","background-type":"","background-media":"","overlay-type":"","overlay-color":"","overlay-gradient":""},"tablet":{"background-color":"","background-image":"","background-repeat":"repeat","background-position":"center center","background-size":"auto","background-attachment":"scroll","background-type":"","background-media":"","overlay-type":"","overlay-color":"","overlay-gradient":""},"mobile":{"background-color":"","background-image":"","background-repeat":"repeat","background-position":"center center","background-size":"auto","background-attachment":"scroll","background-type":"","background-media":"","overlay-type":"","overlay-color":"","overlay-gradient":""}},"ast-content-background-meta":{"desktop":{"background-color":"var(--ast-global-color-5)","background-image":"","background-repeat":"repeat","background-position":"center center","background-size":"auto","background-attachment":"scroll","background-type":"","background-media":"","overlay-type":"","overlay-color":"","overlay-gradient":""},"tablet":{"background-color":"var(--ast-global-color-5)","background-image":"","background-repeat":"repeat","background-position":"center center","background-size":"auto","background-attachment":"scroll","background-type":"","background-media":"","overlay-type":"","overlay-color":"","overlay-gradient":""},"mobile":{"background-color":"var(--ast-global-color-5)","background-image":"","background-repeat":"repeat","background-position":"center center","background-size":"auto","background-attachment":"scroll","background-type":"","background-media":"","overlay-type":"","overlay-color":"","overlay-gradient":""}},"footnotes":""},"categories":[13,12],"tags":[],"class_list":["post-4065","post","type-post","status-publish","format-standard","has-post-thumbnail","hentry","category-mitgliedschaft","category-news"],"yoast_head":"<!-- This site is optimized with the Yoast SEO plugin v25.0 - https:\/\/yoast.com\/wordpress\/plugins\/seo\/ -->\n<title>Einladung zum Sommerfest 2024 - Joven Esperanza e.V.<\/title>\n<meta name=\"robots\" content=\"index, follow, max-snippet:-1, max-image-preview:large, max-video-preview:-1\" \/>\n<link rel=\"canonical\" href=\"https:\/\/joven-esperanza.de\/es\/blog\/sommerfest-2024\/\" \/>\n<meta property=\"og:locale\" content=\"es_ES\" \/>\n<meta property=\"og:type\" content=\"article\" \/>\n<meta property=\"og:title\" content=\"Einladung zum Sommerfest 2024 - Joven Esperanza e.V.\" \/>\n<meta property=\"og:description\" content=\"Wir m\u00f6chten Dich ganz herzlich zu unserem diesj\u00e4hrigen\u00a0Sommerfest\u00a0einladen. Bei (hoffentlich) bestem Wetter, Kaffee und Kuchen feiern wir\u00a0 &nbsp; &nbsp; &nbsp; &nbsp; &nbsp; &nbsp; &nbsp; &nbsp; &nbsp; am&nbsp;Samstag, 28.08.2024 von 15 bis 18 Uhr im&nbsp; &nbsp; &nbsp; &nbsp; &nbsp; &nbsp; &nbsp; &nbsp; &nbsp; &nbsp; &nbsp; &nbsp; &nbsp; &nbsp; Mesterbrooksweg 32A, 22397 Hamburg. Wir freuen uns auf [&hellip;]\" \/>\n<meta property=\"og:url\" content=\"https:\/\/joven-esperanza.de\/es\/blog\/sommerfest-2024\/\" \/>\n<meta property=\"og:site_name\" content=\"Joven Esperanza e.V.\" \/>\n<meta property=\"article:publisher\" content=\"https:\/\/www.facebook.com\/JovenEsperanza\" \/>\n<meta property=\"article:published_time\" content=\"2024-08-01T12:29:07+00:00\" \/>\n<meta property=\"article:modified_time\" content=\"2024-08-01T12:33:08+00:00\" \/>\n<meta property=\"og:image\" content=\"https:\/\/joven-esperanza.de\/wp-content\/uploads\/2024\/08\/1721831599471327-Sommerfest-2024-3-1.jpg\" \/>\n\t<meta property=\"og:image:width\" content=\"848\" \/>\n\t<meta property=\"og:image:height\" content=\"1200\" \/>\n\t<meta property=\"og:image:type\" content=\"image\/jpeg\" \/>\n<meta name=\"author\" content=\"David Wenderdel\" \/>\n<meta name=\"twitter:card\" content=\"summary_large_image\" \/>\n<meta name=\"twitter:label1\" content=\"Written by\" \/>\n\t<meta name=\"twitter:data1\" content=\"David Wenderdel\" \/>\n\t<meta name=\"twitter:label2\" content=\"Est. reading time\" \/>\n\t<meta name=\"twitter:data2\" content=\"2 minutes\" \/>\n<script type=\"application\/ld+json\" class=\"yoast-schema-graph\">{\"@context\":\"https:\/\/schema.org\",\"@graph\":[{\"@type\":\"Article\",\"@id\":\"https:\/\/joven-esperanza.de\/blog\/sommerfest-2024\/#article\",\"isPartOf\":{\"@id\":\"https:\/\/joven-esperanza.de\/blog\/sommerfest-2024\/\"},\"author\":{\"name\":\"David Wenderdel\",\"@id\":\"https:\/\/joven-esperanza.de\/#\/schema\/person\/7ac668b14b29e886249d6ed166cb07fb\"},\"headline\":\"Einladung zum Sommerfest 2024\",\"datePublished\":\"2024-08-01T12:29:07+00:00\",\"dateModified\":\"2024-08-01T12:33:08+00:00\",\"mainEntityOfPage\":{\"@id\":\"https:\/\/joven-esperanza.de\/blog\/sommerfest-2024\/\"},\"wordCount\":146,\"publisher\":{\"@id\":\"https:\/\/joven-esperanza.de\/#organization\"},\"image\":{\"@id\":\"https:\/\/joven-esperanza.de\/blog\/sommerfest-2024\/#primaryimage\"},\"thumbnailUrl\":\"https:\/\/joven-esperanza.de\/wp-content\/uploads\/2024\/08\/1721831599471327-Sommerfest-2024-3-1.jpg\",\"articleSection\":[\"Mitgliedschaft\",\"News\"],\"inLanguage\":\"es-BO\"},{\"@type\":\"WebPage\",\"@id\":\"https:\/\/joven-esperanza.de\/blog\/sommerfest-2024\/\",\"url\":\"https:\/\/joven-esperanza.de\/blog\/sommerfest-2024\/\",\"name\":\"Einladung zum Sommerfest 2024 - Joven Esperanza e.V.\",\"isPartOf\":{\"@id\":\"https:\/\/joven-esperanza.de\/#website\"},\"primaryImageOfPage\":{\"@id\":\"https:\/\/joven-esperanza.de\/blog\/sommerfest-2024\/#primaryimage\"},\"image\":{\"@id\":\"https:\/\/joven-esperanza.de\/blog\/sommerfest-2024\/#primaryimage\"},\"thumbnailUrl\":\"https:\/\/joven-esperanza.de\/wp-content\/uploads\/2024\/08\/1721831599471327-Sommerfest-2024-3-1.jpg\",\"datePublished\":\"2024-08-01T12:29:07+00:00\",\"dateModified\":\"2024-08-01T12:33:08+00:00\",\"breadcrumb\":{\"@id\":\"https:\/\/joven-esperanza.de\/blog\/sommerfest-2024\/#breadcrumb\"},\"inLanguage\":\"es-BO\",\"potentialAction\":[{\"@type\":\"ReadAction\",\"target\":[\"https:\/\/joven-esperanza.de\/blog\/sommerfest-2024\/\"]}]},{\"@type\":\"ImageObject\",\"inLanguage\":\"es-BO\",\"@id\":\"https:\/\/joven-esperanza.de\/blog\/sommerfest-2024\/#primaryimage\",\"url\":\"https:\/\/joven-esperanza.de\/wp-content\/uploads\/2024\/08\/1721831599471327-Sommerfest-2024-3-1.jpg\",\"contentUrl\":\"https:\/\/joven-esperanza.de\/wp-content\/uploads\/2024\/08\/1721831599471327-Sommerfest-2024-3-1.jpg\",\"width\":848,\"height\":1200},{\"@type\":\"BreadcrumbList\",\"@id\":\"https:\/\/joven-esperanza.de\/blog\/sommerfest-2024\/#breadcrumb\",\"itemListElement\":[{\"@type\":\"ListItem\",\"position\":1,\"name\":\"Startseite\",\"item\":\"https:\/\/joven-esperanza.de\/\"},{\"@type\":\"ListItem\",\"position\":2,\"name\":\"Einladung zum Sommerfest 2024\"}]},{\"@type\":\"WebSite\",\"@id\":\"https:\/\/joven-esperanza.de\/#website\",\"url\":\"https:\/\/joven-esperanza.de\/\",\"name\":\"Joven Esperanza e.V.\",\"description\":\"Kindern in Camiri eine Zukunft bieten\",\"publisher\":{\"@id\":\"https:\/\/joven-esperanza.de\/#organization\"},\"potentialAction\":[{\"@type\":\"SearchAction\",\"target\":{\"@type\":\"EntryPoint\",\"urlTemplate\":\"https:\/\/joven-esperanza.de\/?s={search_term_string}\"},\"query-input\":{\"@type\":\"PropertyValueSpecification\",\"valueRequired\":true,\"valueName\":\"search_term_string\"}}],\"inLanguage\":\"es-BO\"},{\"@type\":\"Organization\",\"@id\":\"https:\/\/joven-esperanza.de\/#organization\",\"name\":\"Joven Esperanza e.V.\",\"url\":\"https:\/\/joven-esperanza.de\/\",\"logo\":{\"@type\":\"ImageObject\",\"inLanguage\":\"es-BO\",\"@id\":\"https:\/\/joven-esperanza.de\/#\/schema\/logo\/image\/\",\"url\":\"https:\/\/joven-esperanza.de\/wp-content\/uploads\/2024\/02\/joven-esperanza.png\",\"contentUrl\":\"https:\/\/joven-esperanza.de\/wp-content\/uploads\/2024\/02\/joven-esperanza.png\",\"width\":4738,\"height\":1324,\"caption\":\"Joven Esperanza e.V.\"},\"image\":{\"@id\":\"https:\/\/joven-esperanza.de\/#\/schema\/logo\/image\/\"},\"sameAs\":[\"https:\/\/www.facebook.com\/JovenEsperanza\",\"https:\/\/www.instagram.com\/joven_esperanza_ev\/\",\"https:\/\/www.linkedin.com\/company\/joven-esperanza-e.v.\/\",\"https:\/\/www.youtube.com\/@joven.esperanza\"]},{\"@type\":\"Person\",\"@id\":\"https:\/\/joven-esperanza.de\/#\/schema\/person\/7ac668b14b29e886249d6ed166cb07fb\",\"name\":\"David Wenderdel\",\"image\":{\"@type\":\"ImageObject\",\"inLanguage\":\"es-BO\",\"@id\":\"https:\/\/joven-esperanza.de\/#\/schema\/person\/image\/\",\"url\":\"https:\/\/secure.gravatar.com\/avatar\/a84e178dcd509d154e59dbb782776b40f93e163b49b8e76ae7f4128cfac0ed38?s=96&d=mm&r=g\",\"contentUrl\":\"https:\/\/secure.gravatar.com\/avatar\/a84e178dcd509d154e59dbb782776b40f93e163b49b8e76ae7f4128cfac0ed38?s=96&d=mm&r=g\",\"caption\":\"David Wenderdel\"}}]}<\/script>\n<!-- \/ Yoast SEO plugin. -->","yoast_head_json":{"title":"Einladung zum Sommerfest 2024 - Joven Esperanza e.V.","robots":{"index":"index","follow":"follow","max-snippet":"max-snippet:-1","max-image-preview":"max-image-preview:large","max-video-preview":"max-video-preview:-1"},"canonical":"https:\/\/joven-esperanza.de\/es\/blog\/sommerfest-2024\/","og_locale":"es_ES","og_type":"article","og_title":"Einladung zum Sommerfest 2024 - Joven Esperanza e.V.","og_description":"Wir m\u00f6chten Dich ganz herzlich zu unserem diesj\u00e4hrigen\u00a0Sommerfest\u00a0einladen. Bei (hoffentlich) bestem Wetter, Kaffee und Kuchen feiern wir\u00a0 &nbsp; &nbsp; &nbsp; &nbsp; &nbsp; &nbsp; &nbsp; &nbsp; &nbsp; am&nbsp;Samstag, 28.08.2024 von 15 bis 18 Uhr im&nbsp; &nbsp; &nbsp; &nbsp; &nbsp; &nbsp; &nbsp; &nbsp; &nbsp; &nbsp; &nbsp; &nbsp; &nbsp; &nbsp; Mesterbrooksweg 32A, 22397 Hamburg. Wir freuen uns auf [&hellip;]","og_url":"https:\/\/joven-esperanza.de\/es\/blog\/sommerfest-2024\/","og_site_name":"Joven Esperanza e.V.","article_publisher":"https:\/\/www.facebook.com\/JovenEsperanza","article_published_time":"2024-08-01T12:29:07+00:00","article_modified_time":"2024-08-01T12:33:08+00:00","og_image":[{"width":848,"height":1200,"url":"https:\/\/joven-esperanza.de\/wp-content\/uploads\/2024\/08\/1721831599471327-Sommerfest-2024-3-1.jpg","type":"image\/jpeg"}],"author":"David Wenderdel","twitter_card":"summary_large_image","twitter_misc":{"Written by":"David Wenderdel","Est. reading time":"2 minutes"},"schema":{"@context":"https:\/\/schema.org","@graph":[{"@type":"Article","@id":"https:\/\/joven-esperanza.de\/blog\/sommerfest-2024\/#article","isPartOf":{"@id":"https:\/\/joven-esperanza.de\/blog\/sommerfest-2024\/"},"author":{"name":"David Wenderdel","@id":"https:\/\/joven-esperanza.de\/#\/schema\/person\/7ac668b14b29e886249d6ed166cb07fb"},"headline":"Einladung zum Sommerfest 2024","datePublished":"2024-08-01T12:29:07+00:00","dateModified":"2024-08-01T12:33:08+00:00","mainEntityOfPage":{"@id":"https:\/\/joven-esperanza.de\/blog\/sommerfest-2024\/"},"wordCount":146,"publisher":{"@id":"https:\/\/joven-esperanza.de\/#organization"},"image":{"@id":"https:\/\/joven-esperanza.de\/blog\/sommerfest-2024\/#primaryimage"},"thumbnailUrl":"https:\/\/joven-esperanza.de\/wp-content\/uploads\/2024\/08\/1721831599471327-Sommerfest-2024-3-1.jpg","articleSection":["Mitgliedschaft","News"],"inLanguage":"es-BO"},{"@type":"WebPage","@id":"https:\/\/joven-esperanza.de\/blog\/sommerfest-2024\/","url":"https:\/\/joven-esperanza.de\/blog\/sommerfest-2024\/","name":"Einladung zum Sommerfest 2024 - Joven Esperanza e.V.","isPartOf":{"@id":"https:\/\/joven-esperanza.de\/#website"},"primaryImageOfPage":{"@id":"https:\/\/joven-esperanza.de\/blog\/sommerfest-2024\/#primaryimage"},"image":{"@id":"https:\/\/joven-esperanza.de\/blog\/sommerfest-2024\/#primaryimage"},"thumbnailUrl":"https:\/\/joven-esperanza.de\/wp-content\/uploads\/2024\/08\/1721831599471327-Sommerfest-2024-3-1.jpg","datePublished":"2024-08-01T12:29:07+00:00","dateModified":"2024-08-01T12:33:08+00:00","breadcrumb":{"@id":"https:\/\/joven-esperanza.de\/blog\/sommerfest-2024\/#breadcrumb"},"inLanguage":"es-BO","potentialAction":[{"@type":"ReadAction","target":["https:\/\/joven-esperanza.de\/blog\/sommerfest-2024\/"]}]},{"@type":"ImageObject","inLanguage":"es-BO","@id":"https:\/\/joven-esperanza.de\/blog\/sommerfest-2024\/#primaryimage","url":"https:\/\/joven-esperanza.de\/wp-content\/uploads\/2024\/08\/1721831599471327-Sommerfest-2024-3-1.jpg","contentUrl":"https:\/\/joven-esperanza.de\/wp-content\/uploads\/2024\/08\/1721831599471327-Sommerfest-2024-3-1.jpg","width":848,"height":1200},{"@type":"BreadcrumbList","@id":"https:\/\/joven-esperanza.de\/blog\/sommerfest-2024\/#breadcrumb","itemListElement":[{"@type":"ListItem","position":1,"name":"Startseite","item":"https:\/\/joven-esperanza.de\/"},{"@type":"ListItem","position":2,"name":"Einladung zum Sommerfest 2024"}]},{"@type":"WebSite","@id":"https:\/\/joven-esperanza.de\/#website","url":"https:\/\/joven-esperanza.de\/","name":"Joven Esperanza e.V.","description":"Kindern in Camiri eine Zukunft bieten","publisher":{"@id":"https:\/\/joven-esperanza.de\/#organization"},"potentialAction":[{"@type":"SearchAction","target":{"@type":"EntryPoint","urlTemplate":"https:\/\/joven-esperanza.de\/?s={search_term_string}"},"query-input":{"@type":"PropertyValueSpecification","valueRequired":true,"valueName":"search_term_string"}}],"inLanguage":"es-BO"},{"@type":"Organization","@id":"https:\/\/joven-esperanza.de\/#organization","name":"Joven Esperanza e.V.","url":"https:\/\/joven-esperanza.de\/","logo":{"@type":"ImageObject","inLanguage":"es-BO","@id":"https:\/\/joven-esperanza.de\/#\/schema\/logo\/image\/","url":"https:\/\/joven-esperanza.de\/wp-content\/uploads\/2024\/02\/joven-esperanza.png","contentUrl":"https:\/\/joven-esperanza.de\/wp-content\/uploads\/2024\/02\/joven-esperanza.png","width":4738,"height":1324,"caption":"Joven Esperanza e.V."},"image":{"@id":"https:\/\/joven-esperanza.de\/#\/schema\/logo\/image\/"},"sameAs":["https:\/\/www.facebook.com\/JovenEsperanza","https:\/\/www.instagram.com\/joven_esperanza_ev\/","https:\/\/www.linkedin.com\/company\/joven-esperanza-e.v.\/","https:\/\/www.youtube.com\/@joven.esperanza"]},{"@type":"Person","@id":"https:\/\/joven-esperanza.de\/#\/schema\/person\/7ac668b14b29e886249d6ed166cb07fb","name":"David Wenderdel","image":{"@type":"ImageObject","inLanguage":"es-BO","@id":"https:\/\/joven-esperanza.de\/#\/schema\/person\/image\/","url":"https:\/\/secure.gravatar.com\/avatar\/a84e178dcd509d154e59dbb782776b40f93e163b49b8e76ae7f4128cfac0ed38?s=96&d=mm&r=g","contentUrl":"https:\/\/secure.gravatar.com\/avatar\/a84e178dcd509d154e59dbb782776b40f93e163b49b8e76ae7f4128cfac0ed38?s=96&d=mm&r=g","caption":"David Wenderdel"}}]}},"uagb_featured_image_src":{"full":["https:\/\/joven-esperanza.de\/wp-content\/uploads\/2024\/08\/1721831599471327-Sommerfest-2024-3-1.jpg",848,1200,false],"thumbnail":["https:\/\/joven-esperanza.de\/wp-content\/uploads\/2024\/08\/1721831599471327-Sommerfest-2024-3-1-150x150.jpg",150,150,true],"medium":["https:\/\/joven-esperanza.de\/wp-content\/uploads\/2024\/08\/1721831599471327-Sommerfest-2024-3-1-212x300.jpg",212,300,true],"medium_large":["https:\/\/joven-esperanza.de\/wp-content\/uploads\/2024\/08\/1721831599471327-Sommerfest-2024-3-1-768x1087.jpg",768,1087,true],"large":["https:\/\/joven-esperanza.de\/wp-content\/uploads\/2024\/08\/1721831599471327-Sommerfest-2024-3-1-724x1024.jpg",724,1024,true],"1536x1536":["https:\/\/joven-esperanza.de\/wp-content\/uploads\/2024\/08\/1721831599471327-Sommerfest-2024-3-1.jpg",848,1200,false],"2048x2048":["https:\/\/joven-esperanza.de\/wp-content\/uploads\/2024\/08\/1721831599471327-Sommerfest-2024-3-1.jpg",848,1200,false],"trp-custom-language-flag":["https:\/\/joven-esperanza.de\/wp-content\/uploads\/2024\/08\/1721831599471327-Sommerfest-2024-3-1-8x12.jpg",8,12,true]},"uagb_author_info":{"display_name":"David Wenderdel","author_link":"https:\/\/joven-esperanza.de\/es\/blog\/author\/david\/"},"uagb_comment_info":0,"uagb_excerpt":"Wir m\u00f6chten Dich ganz herzlich zu unserem diesj\u00e4hrigen\u00a0Sommerfest\u00a0einladen. Bei (hoffentlich) bestem Wetter, Kaffee und Kuchen feiern wir\u00a0 &nbsp; &nbsp; &nbsp; &nbsp; &nbsp; &nbsp; &nbsp; &nbsp; &nbsp; am&nbsp;Samstag, 28.08.2024 von 15 bis 18 Uhr im&nbsp; &nbsp; &nbsp; &nbsp; &nbsp; &nbsp; &nbsp; &nbsp; &nbsp; &nbsp; &nbsp; &nbsp; &nbsp; &nbsp; Mesterbrooksweg 32A, 22397 Hamburg. Wir freuen uns auf&hellip;","_links":{"self":[{"href":"https:\/\/joven-esperanza.de\/es\/wp-json\/wp\/v2\/posts\/4065","targetHints":{"allow":["GET"]}}],"collection":[{"href":"https:\/\/joven-esperanza.de\/es\/wp-json\/wp\/v2\/posts"}],"about":[{"href":"https:\/\/joven-esperanza.de\/es\/wp-json\/wp\/v2\/types\/post"}],"author":[{"embeddable":true,"href":"https:\/\/joven-esperanza.de\/es\/wp-json\/wp\/v2\/users\/3"}],"replies":[{"embeddable":true,"href":"https:\/\/joven-esperanza.de\/es\/wp-json\/wp\/v2\/comments?post=4065"}],"version-history":[{"count":4,"href":"https:\/\/joven-esperanza.de\/es\/wp-json\/wp\/v2\/posts\/4065\/revisions"}],"predecessor-version":[{"id":4071,"href":"https:\/\/joven-esperanza.de\/es\/wp-json\/wp\/v2\/posts\/4065\/revisions\/4071"}],"wp:featuredmedia":[{"embeddable":true,"href":"https:\/\/joven-esperanza.de\/es\/wp-json\/wp\/v2\/media\/4068"}],"wp:attachment":[{"href":"https:\/\/joven-esperanza.de\/es\/wp-json\/wp\/v2\/media?parent=4065"}],"wp:term":[{"taxonomy":"category","embeddable":true,"href":"https:\/\/joven-esperanza.de\/es\/wp-json\/wp\/v2\/categories?post=4065"},{"taxonomy":"post_tag","embeddable":true,"href":"https:\/\/joven-esperanza.de\/es\/wp-json\/wp\/v2\/tags?post=4065"}],"curies":[{"name":"wp","href":"https:\/\/api.w.org\/{rel}","templated":true}]}}