{"id":4237,"date":"2024-10-06T12:57:18","date_gmt":"2024-10-06T12:57:18","guid":{"rendered":"https:\/\/joven-esperanza.de\/?p=4237"},"modified":"2024-10-06T12:58:23","modified_gmt":"2024-10-06T12:58:23","slug":"strategie-treffen-und-sommerfest","status":"publish","type":"post","link":"https:\/\/joven-esperanza.de\/es\/blog\/strategie-treffen-und-sommerfest\/","title":{"rendered":"Strategie-Treffen und Sommerfest"},"content":{"rendered":"<p>Einmal im Jahr treffen sich Vorstand und erweiterter Vorstand &#8211; neben vielen weiteren regelm\u00e4\u00dfigen Treffen &#8211; f\u00fcr ein intensives Arbeitswochenende und besprechen\u00a0die aktuelle Situation im Verein. Dabei werden konkrete Verbesserungsvorschl\u00e4ge erarbeitet,\u00a0Rollen\u00a0neu aufgesetzt, Aufgaben (anders) verteilt und auch die Struktur im Vorstand \u00fcberdacht. Dies wird aus einem ganz bestimmten Grund gemacht:\u00a0Jedes Vorstandsmitglied wirkt zu 100% ehrenamtlich bei Joven Esperanza mit.\u00a0Daher ist es wichtig, dass die anfallenden Arbeiten m\u00f6glichst effizient\u00a0erledigt werden.<br><br>Bei so einem Treffen sind die Vorst\u00e4nde aber nicht alleine. Gro\u00dfartige Unterst\u00fctzung wurde wieder einmal von &#8222;digital hub&#8220;, einer Beratung f\u00fcr Vereine, geleistet.\u00a0Sie begleiteten uns durch den Tag und \u00fcbernahmen die Aufgabe der Moderation.\u00a0Mit konkreten Methoden, einem\u00a0jederzeit\u00a0herrschenden \u00dcberblick\u00a0sowie\u00a0dem dezenten Mitschreiben und &#8218;Vor Augen f\u00fchren&#8216; konnten uns die beiden Workshop-Leitenden an diesem Tag wieder einen optimalen Austausch bescheeren.\u00a0Um genau diesen Austausch geht es schlie\u00dflich bei pers\u00f6nlichen Pr\u00e4senz-Meetings.\u00a0Das &#8222;doppelte Vereinsleben&#8220; bei Joven Esperanza mit zahlreichen T\u00e4tigkeiten in Bolivien sowie in Deutschland\u00a0verlangt des \u00d6fteren, sich in beide Positionen hineinzuversetzen.<\/p>\n\n\n\n<p>Mit vielen tollen Ideen, neuen\u00a0Arbeitsverteilungen, dem Bewusstsein, dass\u00a0Ver\u00e4nderungen manchmal\u00a0notwendig sind, um den Verein weiter wachsen zu lassen, aber auch mit ganz viel neuer Motivation konnten der Vorstand und der erweiterte Vorstand vom Strategie-Treffen ersch\u00f6pft, aber auch erleichtert zur\u00fcck nach Hause fahren. Denn eines steht fest: Joven Esperanza ist auf einem guten Weg und f\u00fcr alle ist klar, dass die Kinder in Camiri immer an erster Stelle stehen.<\/p>\n\n\n\n<figure class=\"wp-block-gallery has-nested-images columns-default is-cropped wp-block-gallery-1 is-layout-flex wp-block-gallery-is-layout-flex\">\n<figure class=\"wp-block-image size-large\"><img loading=\"lazy\" decoding=\"async\" width=\"1024\" height=\"768\" data-id=\"4241\" src=\"https:\/\/joven-esperanza.de\/wp-content\/uploads\/2024\/10\/strategietreffen-1024x768.jpg\" alt=\"\" class=\"wp-image-4241\" srcset=\"https:\/\/joven-esperanza.de\/wp-content\/uploads\/2024\/10\/strategietreffen-1024x768.jpg 1024w, https:\/\/joven-esperanza.de\/wp-content\/uploads\/2024\/10\/strategietreffen-300x225.jpg 300w, https:\/\/joven-esperanza.de\/wp-content\/uploads\/2024\/10\/strategietreffen-768x576.jpg 768w, https:\/\/joven-esperanza.de\/wp-content\/uploads\/2024\/10\/strategietreffen-1536x1152.jpg 1536w, https:\/\/joven-esperanza.de\/wp-content\/uploads\/2024\/10\/strategietreffen-16x12.jpg 16w, https:\/\/joven-esperanza.de\/wp-content\/uploads\/2024\/10\/strategietreffen.jpg 2048w\" sizes=\"auto, (max-width: 1024px) 100vw, 1024px\" \/><\/figure>\n<\/figure>\n\n\n\n<p>Am 28.08. war es dann endlich wieder soweit und wir haben in Hamburg das diesj\u00e4hrige Sommerfest gefeiert. Mit Kaffee und Kuchen gab es einen angeregten Austausch \u00fcber die Lage in Camiri. Da das Wetter leider nicht mitgespielt und es immer wieder geregnet hat, mussten wir das Sommerfest nach drinnen verlagern, was mit bolivianischer Spontanit\u00e4t nat\u00fcrlich kein Problem war. Mit etwas \u00fcber zwanzig Mitgliedern und Interessierten waren wir in einer angenehmen Gruppe, wollen aber beim n\u00e4chsten Sommerfest noch mehr sein!<br>Die Mitglieder aus dem Vorstand und dem erweiterten Vorstand konnten verschiedene Fragen beantworten und \u00fcber Neuigkeiten informieren. So wurde in einer Pr\u00e4sentation von Julius und Jojo das Projekt vorgestellt und die momentane Situation in Bolivien geschildert: Mittlerweile ist der lang ersehnte Anbau vom Haus fertiggestellt und dadurch gibt es die M\u00f6glichkeit, noch mehr Kinder in das Projekt aufzunehmen. Um diese Kinder finanzieren zu k\u00f6nnen, wurde die neue Option ein Patenkind oder Stipendium zu \u00dcbernehmen vorgestellt. <\/p>\n\n\n\n<p>Au\u00dferdem hat der Bau von Sanit\u00e4ranlagen auf dem Grundst\u00fcck begonnen, sodass die Kinder in Zukunft ohne Probleme auch im Projekt duschen k\u00f6nnen, da sie Zuhause meistens keine M\u00f6glichkeit dazu haben und sich im Fluss waschen m\u00fcssen. Zudem hat Mavie Eindr\u00fccke aus ihrem Freiwilligendienst im vergangenen Jahr im Crece y Sue\u00f1a geschildert. Mit leckerem Kuchen und spannenden Gespr\u00e4chen haben wir den Samstag gemeinsam ausklingen lassen.<\/p>\n\n\n\n<p>Vielen Dank an unsere Gastgeberin Ines und ihre Familie f\u00fcr die tolle Vorbereitung und ein gro\u00dfes Dankesch\u00f6n an alle die gekommen sind! Wir freuen uns schon auf das n\u00e4chste Jahr mit hoffentlich noch mehr Mitgliedern.<\/p>\n\n\n\n<p><\/p>\n\n\n\n<figure class=\"wp-block-gallery has-nested-images columns-default wp-block-gallery-2 is-layout-flex wp-block-gallery-is-layout-flex\">\n<figure class=\"wp-block-image size-large\"><img loading=\"lazy\" decoding=\"async\" width=\"1024\" height=\"768\" data-id=\"4238\" src=\"https:\/\/joven-esperanza.de\/wp-content\/uploads\/2024\/10\/sommerfest-1-1024x768.jpg\" alt=\"\" class=\"wp-image-4238\" srcset=\"https:\/\/joven-esperanza.de\/wp-content\/uploads\/2024\/10\/sommerfest-1-1024x768.jpg 1024w, https:\/\/joven-esperanza.de\/wp-content\/uploads\/2024\/10\/sommerfest-1-300x225.jpg 300w, https:\/\/joven-esperanza.de\/wp-content\/uploads\/2024\/10\/sommerfest-1-768x576.jpg 768w, https:\/\/joven-esperanza.de\/wp-content\/uploads\/2024\/10\/sommerfest-1-1536x1152.jpg 1536w, https:\/\/joven-esperanza.de\/wp-content\/uploads\/2024\/10\/sommerfest-1-16x12.jpg 16w, https:\/\/joven-esperanza.de\/wp-content\/uploads\/2024\/10\/sommerfest-1.jpg 2048w\" sizes=\"auto, (max-width: 1024px) 100vw, 1024px\" \/><\/figure>\n\n\n\n<figure class=\"wp-block-image size-large\"><img loading=\"lazy\" decoding=\"async\" width=\"768\" height=\"1024\" data-id=\"4239\" src=\"https:\/\/joven-esperanza.de\/wp-content\/uploads\/2024\/10\/sommerfest-2-768x1024.jpg\" alt=\"\" class=\"wp-image-4239\" srcset=\"https:\/\/joven-esperanza.de\/wp-content\/uploads\/2024\/10\/sommerfest-2-768x1024.jpg 768w, https:\/\/joven-esperanza.de\/wp-content\/uploads\/2024\/10\/sommerfest-2-225x300.jpg 225w, https:\/\/joven-esperanza.de\/wp-content\/uploads\/2024\/10\/sommerfest-2-1152x1536.jpg 1152w, https:\/\/joven-esperanza.de\/wp-content\/uploads\/2024\/10\/sommerfest-2-9x12.jpg 9w, https:\/\/joven-esperanza.de\/wp-content\/uploads\/2024\/10\/sommerfest-2.jpg 1536w\" sizes=\"auto, (max-width: 768px) 100vw, 768px\" \/><\/figure>\n\n\n\n<figure class=\"wp-block-image size-large\"><img loading=\"lazy\" decoding=\"async\" width=\"1024\" height=\"768\" data-id=\"4240\" src=\"https:\/\/joven-esperanza.de\/wp-content\/uploads\/2024\/10\/sommerfest-3-1024x768.jpg\" alt=\"\" class=\"wp-image-4240\" srcset=\"https:\/\/joven-esperanza.de\/wp-content\/uploads\/2024\/10\/sommerfest-3-1024x768.jpg 1024w, https:\/\/joven-esperanza.de\/wp-content\/uploads\/2024\/10\/sommerfest-3-300x225.jpg 300w, https:\/\/joven-esperanza.de\/wp-content\/uploads\/2024\/10\/sommerfest-3-768x576.jpg 768w, https:\/\/joven-esperanza.de\/wp-content\/uploads\/2024\/10\/sommerfest-3-1536x1152.jpg 1536w, https:\/\/joven-esperanza.de\/wp-content\/uploads\/2024\/10\/sommerfest-3-16x12.jpg 16w, https:\/\/joven-esperanza.de\/wp-content\/uploads\/2024\/10\/sommerfest-3.jpg 2048w\" sizes=\"auto, (max-width: 1024px) 100vw, 1024px\" \/><\/figure>\n<\/figure>","protected":false},"excerpt":{"rendered":"<p>Einmal im Jahr treffen sich Vorstand und erweiterter Vorstand &#8211; neben vielen weiteren regelm\u00e4\u00dfigen Treffen &#8211; f\u00fcr ein intensives Arbeitswochenende und besprechen\u00a0die aktuelle Situation im Verein. Dabei werden konkrete Verbesserungsvorschl\u00e4ge erarbeitet,\u00a0Rollen\u00a0neu aufgesetzt, Aufgaben (anders) verteilt und auch die Struktur im Vorstand \u00fcberdacht. Dies wird aus einem ganz bestimmten Grund gemacht:\u00a0Jedes Vorstandsmitglied wirkt zu 100% ehrenamtlich [&hellip;]<\/p>","protected":false},"author":3,"featured_media":4241,"comment_status":"closed","ping_status":"open","sticky":false,"template":"","format":"standard","meta":{"_uag_custom_page_level_css":"","site-sidebar-layout":"default","site-content-layout":"","ast-site-content-layout":"default","site-content-style":"default","site-sidebar-style":"default","ast-global-header-display":"","ast-banner-title-visibility":"","ast-main-header-display":"","ast-hfb-above-header-display":"","ast-hfb-below-header-display":"","ast-hfb-mobile-header-display":"","site-post-title":"","ast-breadcrumbs-content":"","ast-featured-img":"","footer-sml-layout":"","theme-transparent-header-meta":"","adv-header-id-meta":"","stick-header-meta":"","header-above-stick-meta":"","header-main-stick-meta":"","header-below-stick-meta":"","astra-migrate-meta-layouts":"set","ast-page-background-enabled":"default","ast-page-background-meta":{"desktop":{"background-color":"var(--ast-global-color-4)","background-image":"","background-repeat":"repeat","background-position":"center center","background-size":"auto","background-attachment":"scroll","background-type":"","background-media":"","overlay-type":"","overlay-color":"","overlay-gradient":""},"tablet":{"background-color":"","background-image":"","background-repeat":"repeat","background-position":"center center","background-size":"auto","background-attachment":"scroll","background-type":"","background-media":"","overlay-type":"","overlay-color":"","overlay-gradient":""},"mobile":{"background-color":"","background-image":"","background-repeat":"repeat","background-position":"center center","background-size":"auto","background-attachment":"scroll","background-type":"","background-media":"","overlay-type":"","overlay-color":"","overlay-gradient":""}},"ast-content-background-meta":{"desktop":{"background-color":"var(--ast-global-color-5)","background-image":"","background-repeat":"repeat","background-position":"center center","background-size":"auto","background-attachment":"scroll","background-type":"","background-media":"","overlay-type":"","overlay-color":"","overlay-gradient":""},"tablet":{"background-color":"var(--ast-global-color-5)","background-image":"","background-repeat":"repeat","background-position":"center center","background-size":"auto","background-attachment":"scroll","background-type":"","background-media":"","overlay-type":"","overlay-color":"","overlay-gradient":""},"mobile":{"background-color":"var(--ast-global-color-5)","background-image":"","background-repeat":"repeat","background-position":"center center","background-size":"auto","background-attachment":"scroll","background-type":"","background-media":"","overlay-type":"","overlay-color":"","overlay-gradient":""}},"footnotes":""},"categories":[13,12],"tags":[],"class_list":["post-4237","post","type-post","status-publish","format-standard","has-post-thumbnail","hentry","category-mitgliedschaft","category-news"],"yoast_head":"<!-- This site is optimized with the Yoast SEO plugin v25.0 - https:\/\/yoast.com\/wordpress\/plugins\/seo\/ -->\n<title>Strategie-Treffen und Sommerfest - Joven Esperanza e.V.<\/title>\n<meta name=\"robots\" content=\"index, follow, max-snippet:-1, max-image-preview:large, max-video-preview:-1\" \/>\n<link rel=\"canonical\" href=\"https:\/\/joven-esperanza.de\/es\/blog\/strategie-treffen-und-sommerfest\/\" \/>\n<meta property=\"og:locale\" content=\"es_ES\" \/>\n<meta property=\"og:type\" content=\"article\" \/>\n<meta property=\"og:title\" content=\"Strategie-Treffen und Sommerfest - Joven Esperanza e.V.\" \/>\n<meta property=\"og:description\" content=\"Einmal im Jahr treffen sich Vorstand und erweiterter Vorstand &#8211; neben vielen weiteren regelm\u00e4\u00dfigen Treffen &#8211; f\u00fcr ein intensives Arbeitswochenende und besprechen\u00a0die aktuelle Situation im Verein. Dabei werden konkrete Verbesserungsvorschl\u00e4ge erarbeitet,\u00a0Rollen\u00a0neu aufgesetzt, Aufgaben (anders) verteilt und auch die Struktur im Vorstand \u00fcberdacht. Dies wird aus einem ganz bestimmten Grund gemacht:\u00a0Jedes Vorstandsmitglied wirkt zu 100% ehrenamtlich [&hellip;]\" \/>\n<meta property=\"og:url\" content=\"https:\/\/joven-esperanza.de\/es\/blog\/strategie-treffen-und-sommerfest\/\" \/>\n<meta property=\"og:site_name\" content=\"Joven Esperanza e.V.\" \/>\n<meta property=\"article:publisher\" content=\"https:\/\/www.facebook.com\/JovenEsperanza\" \/>\n<meta property=\"article:published_time\" content=\"2024-10-06T12:57:18+00:00\" \/>\n<meta property=\"article:modified_time\" content=\"2024-10-06T12:58:23+00:00\" \/>\n<meta property=\"og:image\" content=\"https:\/\/joven-esperanza.de\/wp-content\/uploads\/2024\/10\/strategietreffen.jpg\" \/>\n\t<meta property=\"og:image:width\" content=\"2048\" \/>\n\t<meta property=\"og:image:height\" content=\"1536\" \/>\n\t<meta property=\"og:image:type\" content=\"image\/jpeg\" \/>\n<meta name=\"author\" content=\"David Wenderdel\" \/>\n<meta name=\"twitter:card\" content=\"summary_large_image\" \/>\n<meta name=\"twitter:label1\" content=\"Written by\" \/>\n\t<meta name=\"twitter:data1\" content=\"David Wenderdel\" \/>\n\t<meta name=\"twitter:label2\" content=\"Est. reading time\" \/>\n\t<meta name=\"twitter:data2\" content=\"4 minutes\" \/>\n<script type=\"application\/ld+json\" class=\"yoast-schema-graph\">{\"@context\":\"https:\/\/schema.org\",\"@graph\":[{\"@type\":\"Article\",\"@id\":\"https:\/\/joven-esperanza.de\/blog\/strategie-treffen-und-sommerfest\/#article\",\"isPartOf\":{\"@id\":\"https:\/\/joven-esperanza.de\/blog\/strategie-treffen-und-sommerfest\/\"},\"author\":{\"name\":\"David Wenderdel\",\"@id\":\"https:\/\/joven-esperanza.de\/#\/schema\/person\/7ac668b14b29e886249d6ed166cb07fb\"},\"headline\":\"Strategie-Treffen und Sommerfest\",\"datePublished\":\"2024-10-06T12:57:18+00:00\",\"dateModified\":\"2024-10-06T12:58:23+00:00\",\"mainEntityOfPage\":{\"@id\":\"https:\/\/joven-esperanza.de\/blog\/strategie-treffen-und-sommerfest\/\"},\"wordCount\":531,\"publisher\":{\"@id\":\"https:\/\/joven-esperanza.de\/#organization\"},\"image\":{\"@id\":\"https:\/\/joven-esperanza.de\/blog\/strategie-treffen-und-sommerfest\/#primaryimage\"},\"thumbnailUrl\":\"https:\/\/joven-esperanza.de\/wp-content\/uploads\/2024\/10\/strategietreffen.jpg\",\"articleSection\":[\"Mitgliedschaft\",\"News\"],\"inLanguage\":\"es-BO\"},{\"@type\":\"WebPage\",\"@id\":\"https:\/\/joven-esperanza.de\/blog\/strategie-treffen-und-sommerfest\/\",\"url\":\"https:\/\/joven-esperanza.de\/blog\/strategie-treffen-und-sommerfest\/\",\"name\":\"Strategie-Treffen und Sommerfest - Joven Esperanza e.V.\",\"isPartOf\":{\"@id\":\"https:\/\/joven-esperanza.de\/#website\"},\"primaryImageOfPage\":{\"@id\":\"https:\/\/joven-esperanza.de\/blog\/strategie-treffen-und-sommerfest\/#primaryimage\"},\"image\":{\"@id\":\"https:\/\/joven-esperanza.de\/blog\/strategie-treffen-und-sommerfest\/#primaryimage\"},\"thumbnailUrl\":\"https:\/\/joven-esperanza.de\/wp-content\/uploads\/2024\/10\/strategietreffen.jpg\",\"datePublished\":\"2024-10-06T12:57:18+00:00\",\"dateModified\":\"2024-10-06T12:58:23+00:00\",\"breadcrumb\":{\"@id\":\"https:\/\/joven-esperanza.de\/blog\/strategie-treffen-und-sommerfest\/#breadcrumb\"},\"inLanguage\":\"es-BO\",\"potentialAction\":[{\"@type\":\"ReadAction\",\"target\":[\"https:\/\/joven-esperanza.de\/blog\/strategie-treffen-und-sommerfest\/\"]}]},{\"@type\":\"ImageObject\",\"inLanguage\":\"es-BO\",\"@id\":\"https:\/\/joven-esperanza.de\/blog\/strategie-treffen-und-sommerfest\/#primaryimage\",\"url\":\"https:\/\/joven-esperanza.de\/wp-content\/uploads\/2024\/10\/strategietreffen.jpg\",\"contentUrl\":\"https:\/\/joven-esperanza.de\/wp-content\/uploads\/2024\/10\/strategietreffen.jpg\",\"width\":2048,\"height\":1536},{\"@type\":\"BreadcrumbList\",\"@id\":\"https:\/\/joven-esperanza.de\/blog\/strategie-treffen-und-sommerfest\/#breadcrumb\",\"itemListElement\":[{\"@type\":\"ListItem\",\"position\":1,\"name\":\"Startseite\",\"item\":\"https:\/\/joven-esperanza.de\/\"},{\"@type\":\"ListItem\",\"position\":2,\"name\":\"Strategie-Treffen und Sommerfest\"}]},{\"@type\":\"WebSite\",\"@id\":\"https:\/\/joven-esperanza.de\/#website\",\"url\":\"https:\/\/joven-esperanza.de\/\",\"name\":\"Joven Esperanza e.V.\",\"description\":\"Kindern in Camiri eine Zukunft bieten\",\"publisher\":{\"@id\":\"https:\/\/joven-esperanza.de\/#organization\"},\"potentialAction\":[{\"@type\":\"SearchAction\",\"target\":{\"@type\":\"EntryPoint\",\"urlTemplate\":\"https:\/\/joven-esperanza.de\/?s={search_term_string}\"},\"query-input\":{\"@type\":\"PropertyValueSpecification\",\"valueRequired\":true,\"valueName\":\"search_term_string\"}}],\"inLanguage\":\"es-BO\"},{\"@type\":\"Organization\",\"@id\":\"https:\/\/joven-esperanza.de\/#organization\",\"name\":\"Joven Esperanza e.V.\",\"url\":\"https:\/\/joven-esperanza.de\/\",\"logo\":{\"@type\":\"ImageObject\",\"inLanguage\":\"es-BO\",\"@id\":\"https:\/\/joven-esperanza.de\/#\/schema\/logo\/image\/\",\"url\":\"https:\/\/joven-esperanza.de\/wp-content\/uploads\/2024\/02\/joven-esperanza.png\",\"contentUrl\":\"https:\/\/joven-esperanza.de\/wp-content\/uploads\/2024\/02\/joven-esperanza.png\",\"width\":4738,\"height\":1324,\"caption\":\"Joven Esperanza e.V.\"},\"image\":{\"@id\":\"https:\/\/joven-esperanza.de\/#\/schema\/logo\/image\/\"},\"sameAs\":[\"https:\/\/www.facebook.com\/JovenEsperanza\",\"https:\/\/www.instagram.com\/joven_esperanza_ev\/\",\"https:\/\/www.linkedin.com\/company\/joven-esperanza-e.v.\/\",\"https:\/\/www.youtube.com\/@joven.esperanza\"]},{\"@type\":\"Person\",\"@id\":\"https:\/\/joven-esperanza.de\/#\/schema\/person\/7ac668b14b29e886249d6ed166cb07fb\",\"name\":\"David Wenderdel\",\"image\":{\"@type\":\"ImageObject\",\"inLanguage\":\"es-BO\",\"@id\":\"https:\/\/joven-esperanza.de\/#\/schema\/person\/image\/\",\"url\":\"https:\/\/secure.gravatar.com\/avatar\/a84e178dcd509d154e59dbb782776b40f93e163b49b8e76ae7f4128cfac0ed38?s=96&d=mm&r=g\",\"contentUrl\":\"https:\/\/secure.gravatar.com\/avatar\/a84e178dcd509d154e59dbb782776b40f93e163b49b8e76ae7f4128cfac0ed38?s=96&d=mm&r=g\",\"caption\":\"David Wenderdel\"}}]}<\/script>\n<!-- \/ Yoast SEO plugin. -->","yoast_head_json":{"title":"Strategie-Treffen und Sommerfest - Joven Esperanza e.V.","robots":{"index":"index","follow":"follow","max-snippet":"max-snippet:-1","max-image-preview":"max-image-preview:large","max-video-preview":"max-video-preview:-1"},"canonical":"https:\/\/joven-esperanza.de\/es\/blog\/strategie-treffen-und-sommerfest\/","og_locale":"es_ES","og_type":"article","og_title":"Strategie-Treffen und Sommerfest - Joven Esperanza e.V.","og_description":"Einmal im Jahr treffen sich Vorstand und erweiterter Vorstand &#8211; neben vielen weiteren regelm\u00e4\u00dfigen Treffen &#8211; f\u00fcr ein intensives Arbeitswochenende und besprechen\u00a0die aktuelle Situation im Verein. Dabei werden konkrete Verbesserungsvorschl\u00e4ge erarbeitet,\u00a0Rollen\u00a0neu aufgesetzt, Aufgaben (anders) verteilt und auch die Struktur im Vorstand \u00fcberdacht. Dies wird aus einem ganz bestimmten Grund gemacht:\u00a0Jedes Vorstandsmitglied wirkt zu 100% ehrenamtlich [&hellip;]","og_url":"https:\/\/joven-esperanza.de\/es\/blog\/strategie-treffen-und-sommerfest\/","og_site_name":"Joven Esperanza e.V.","article_publisher":"https:\/\/www.facebook.com\/JovenEsperanza","article_published_time":"2024-10-06T12:57:18+00:00","article_modified_time":"2024-10-06T12:58:23+00:00","og_image":[{"width":2048,"height":1536,"url":"https:\/\/joven-esperanza.de\/wp-content\/uploads\/2024\/10\/strategietreffen.jpg","type":"image\/jpeg"}],"author":"David Wenderdel","twitter_card":"summary_large_image","twitter_misc":{"Written by":"David Wenderdel","Est. reading time":"4 minutes"},"schema":{"@context":"https:\/\/schema.org","@graph":[{"@type":"Article","@id":"https:\/\/joven-esperanza.de\/blog\/strategie-treffen-und-sommerfest\/#article","isPartOf":{"@id":"https:\/\/joven-esperanza.de\/blog\/strategie-treffen-und-sommerfest\/"},"author":{"name":"David Wenderdel","@id":"https:\/\/joven-esperanza.de\/#\/schema\/person\/7ac668b14b29e886249d6ed166cb07fb"},"headline":"Strategie-Treffen und Sommerfest","datePublished":"2024-10-06T12:57:18+00:00","dateModified":"2024-10-06T12:58:23+00:00","mainEntityOfPage":{"@id":"https:\/\/joven-esperanza.de\/blog\/strategie-treffen-und-sommerfest\/"},"wordCount":531,"publisher":{"@id":"https:\/\/joven-esperanza.de\/#organization"},"image":{"@id":"https:\/\/joven-esperanza.de\/blog\/strategie-treffen-und-sommerfest\/#primaryimage"},"thumbnailUrl":"https:\/\/joven-esperanza.de\/wp-content\/uploads\/2024\/10\/strategietreffen.jpg","articleSection":["Mitgliedschaft","News"],"inLanguage":"es-BO"},{"@type":"WebPage","@id":"https:\/\/joven-esperanza.de\/blog\/strategie-treffen-und-sommerfest\/","url":"https:\/\/joven-esperanza.de\/blog\/strategie-treffen-und-sommerfest\/","name":"Strategie-Treffen und Sommerfest - Joven Esperanza e.V.","isPartOf":{"@id":"https:\/\/joven-esperanza.de\/#website"},"primaryImageOfPage":{"@id":"https:\/\/joven-esperanza.de\/blog\/strategie-treffen-und-sommerfest\/#primaryimage"},"image":{"@id":"https:\/\/joven-esperanza.de\/blog\/strategie-treffen-und-sommerfest\/#primaryimage"},"thumbnailUrl":"https:\/\/joven-esperanza.de\/wp-content\/uploads\/2024\/10\/strategietreffen.jpg","datePublished":"2024-10-06T12:57:18+00:00","dateModified":"2024-10-06T12:58:23+00:00","breadcrumb":{"@id":"https:\/\/joven-esperanza.de\/blog\/strategie-treffen-und-sommerfest\/#breadcrumb"},"inLanguage":"es-BO","potentialAction":[{"@type":"ReadAction","target":["https:\/\/joven-esperanza.de\/blog\/strategie-treffen-und-sommerfest\/"]}]},{"@type":"ImageObject","inLanguage":"es-BO","@id":"https:\/\/joven-esperanza.de\/blog\/strategie-treffen-und-sommerfest\/#primaryimage","url":"https:\/\/joven-esperanza.de\/wp-content\/uploads\/2024\/10\/strategietreffen.jpg","contentUrl":"https:\/\/joven-esperanza.de\/wp-content\/uploads\/2024\/10\/strategietreffen.jpg","width":2048,"height":1536},{"@type":"BreadcrumbList","@id":"https:\/\/joven-esperanza.de\/blog\/strategie-treffen-und-sommerfest\/#breadcrumb","itemListElement":[{"@type":"ListItem","position":1,"name":"Startseite","item":"https:\/\/joven-esperanza.de\/"},{"@type":"ListItem","position":2,"name":"Strategie-Treffen und Sommerfest"}]},{"@type":"WebSite","@id":"https:\/\/joven-esperanza.de\/#website","url":"https:\/\/joven-esperanza.de\/","name":"Joven Esperanza e.V.","description":"Kindern in Camiri eine Zukunft bieten","publisher":{"@id":"https:\/\/joven-esperanza.de\/#organization"},"potentialAction":[{"@type":"SearchAction","target":{"@type":"EntryPoint","urlTemplate":"https:\/\/joven-esperanza.de\/?s={search_term_string}"},"query-input":{"@type":"PropertyValueSpecification","valueRequired":true,"valueName":"search_term_string"}}],"inLanguage":"es-BO"},{"@type":"Organization","@id":"https:\/\/joven-esperanza.de\/#organization","name":"Joven Esperanza e.V.","url":"https:\/\/joven-esperanza.de\/","logo":{"@type":"ImageObject","inLanguage":"es-BO","@id":"https:\/\/joven-esperanza.de\/#\/schema\/logo\/image\/","url":"https:\/\/joven-esperanza.de\/wp-content\/uploads\/2024\/02\/joven-esperanza.png","contentUrl":"https:\/\/joven-esperanza.de\/wp-content\/uploads\/2024\/02\/joven-esperanza.png","width":4738,"height":1324,"caption":"Joven Esperanza e.V."},"image":{"@id":"https:\/\/joven-esperanza.de\/#\/schema\/logo\/image\/"},"sameAs":["https:\/\/www.facebook.com\/JovenEsperanza","https:\/\/www.instagram.com\/joven_esperanza_ev\/","https:\/\/www.linkedin.com\/company\/joven-esperanza-e.v.\/","https:\/\/www.youtube.com\/@joven.esperanza"]},{"@type":"Person","@id":"https:\/\/joven-esperanza.de\/#\/schema\/person\/7ac668b14b29e886249d6ed166cb07fb","name":"David Wenderdel","image":{"@type":"ImageObject","inLanguage":"es-BO","@id":"https:\/\/joven-esperanza.de\/#\/schema\/person\/image\/","url":"https:\/\/secure.gravatar.com\/avatar\/a84e178dcd509d154e59dbb782776b40f93e163b49b8e76ae7f4128cfac0ed38?s=96&d=mm&r=g","contentUrl":"https:\/\/secure.gravatar.com\/avatar\/a84e178dcd509d154e59dbb782776b40f93e163b49b8e76ae7f4128cfac0ed38?s=96&d=mm&r=g","caption":"David Wenderdel"}}]}},"uagb_featured_image_src":{"full":["https:\/\/joven-esperanza.de\/wp-content\/uploads\/2024\/10\/strategietreffen.jpg",2048,1536,false],"thumbnail":["https:\/\/joven-esperanza.de\/wp-content\/uploads\/2024\/10\/strategietreffen-150x150.jpg",150,150,true],"medium":["https:\/\/joven-esperanza.de\/wp-content\/uploads\/2024\/10\/strategietreffen-300x225.jpg",300,225,true],"medium_large":["https:\/\/joven-esperanza.de\/wp-content\/uploads\/2024\/10\/strategietreffen-768x576.jpg",768,576,true],"large":["https:\/\/joven-esperanza.de\/wp-content\/uploads\/2024\/10\/strategietreffen-1024x768.jpg",1024,768,true],"1536x1536":["https:\/\/joven-esperanza.de\/wp-content\/uploads\/2024\/10\/strategietreffen-1536x1152.jpg",1536,1152,true],"2048x2048":["https:\/\/joven-esperanza.de\/wp-content\/uploads\/2024\/10\/strategietreffen.jpg",2048,1536,false],"trp-custom-language-flag":["https:\/\/joven-esperanza.de\/wp-content\/uploads\/2024\/10\/strategietreffen-16x12.jpg",16,12,true]},"uagb_author_info":{"display_name":"David Wenderdel","author_link":"https:\/\/joven-esperanza.de\/es\/blog\/author\/david\/"},"uagb_comment_info":0,"uagb_excerpt":"Einmal im Jahr treffen sich Vorstand und erweiterter Vorstand &#8211; neben vielen weiteren regelm\u00e4\u00dfigen Treffen &#8211; f\u00fcr ein intensives Arbeitswochenende und besprechen\u00a0die aktuelle Situation im Verein. Dabei werden konkrete Verbesserungsvorschl\u00e4ge erarbeitet,\u00a0Rollen\u00a0neu aufgesetzt, Aufgaben (anders) verteilt und auch die Struktur im Vorstand \u00fcberdacht. Dies wird aus einem ganz bestimmten Grund gemacht:\u00a0Jedes Vorstandsmitglied wirkt zu 100% ehrenamtlich&hellip;","_links":{"self":[{"href":"https:\/\/joven-esperanza.de\/es\/wp-json\/wp\/v2\/posts\/4237","targetHints":{"allow":["GET"]}}],"collection":[{"href":"https:\/\/joven-esperanza.de\/es\/wp-json\/wp\/v2\/posts"}],"about":[{"href":"https:\/\/joven-esperanza.de\/es\/wp-json\/wp\/v2\/types\/post"}],"author":[{"embeddable":true,"href":"https:\/\/joven-esperanza.de\/es\/wp-json\/wp\/v2\/users\/3"}],"replies":[{"embeddable":true,"href":"https:\/\/joven-esperanza.de\/es\/wp-json\/wp\/v2\/comments?post=4237"}],"version-history":[{"count":2,"href":"https:\/\/joven-esperanza.de\/es\/wp-json\/wp\/v2\/posts\/4237\/revisions"}],"predecessor-version":[{"id":4243,"href":"https:\/\/joven-esperanza.de\/es\/wp-json\/wp\/v2\/posts\/4237\/revisions\/4243"}],"wp:featuredmedia":[{"embeddable":true,"href":"https:\/\/joven-esperanza.de\/es\/wp-json\/wp\/v2\/media\/4241"}],"wp:attachment":[{"href":"https:\/\/joven-esperanza.de\/es\/wp-json\/wp\/v2\/media?parent=4237"}],"wp:term":[{"taxonomy":"category","embeddable":true,"href":"https:\/\/joven-esperanza.de\/es\/wp-json\/wp\/v2\/categories?post=4237"},{"taxonomy":"post_tag","embeddable":true,"href":"https:\/\/joven-esperanza.de\/es\/wp-json\/wp\/v2\/tags?post=4237"}],"curies":[{"name":"wp","href":"https:\/\/api.w.org\/{rel}","templated":true}]}}