{"id":4261,"date":"2024-10-25T06:15:03","date_gmt":"2024-10-25T06:15:03","guid":{"rendered":"https:\/\/joven-esperanza.de\/?p=4261"},"modified":"2024-10-25T06:15:05","modified_gmt":"2024-10-25T06:15:05","slug":"davids-zeit-in-camiri","status":"publish","type":"post","link":"https:\/\/joven-esperanza.de\/es\/blog\/davids-zeit-in-camiri\/","title":{"rendered":"Davids Zeit in Camiri"},"content":{"rendered":"<p>Unser Freiwilliger David war als &#8222;Wiederholungst\u00e4ter&#8220; (er war bereits 2017 f\u00fcr ein Jahr in Camiri) dieses Jahr von Mai bis September in unserem Projekt vor Ort. In seinem Abschlussbericht erz\u00e4hlt er von seinen Erlebnissen:<\/p>\n\n\n\n<p>Voller Vorfreude kam ich Mitte Mai um 1 Uhr nachts am Busterminal in Camiri an. Das letzte mal, dass ich hier war, war 7 Jahre her, damals hatte ich hier einen Freiwilligendienst gemacht.<\/p>\n\n\n\n<p>Trotz der sp\u00e4ten Stunde wurde ich herzlich von Graciela und Brolin um 1 Uhr morgens am Terminal empfangen. Und gemeinsam fuhren wir zu dem neuen Haus von Joven Esperanza, in welchem ich die n\u00e4chsten 3 Monate wohnen w\u00fcrde.<\/p>\n\n\n\n<p>W\u00e4hrend meines Aufenthalts unterst\u00fctzte ich die Educadores im Alltag, half beim Aufr\u00e4umen, Hausaufgabenbetreuung und Spielen mit den Kindern. Besonders Fabiola, die mit den Kleinsten immer alle H\u00e4nde voll zu tun hatte, konnte jede Hilfe gebrauchen. Und so habe ich viel Zeit damit verbracht, den Kindern einfache S\u00e4tze zu diktieren oder bei den Rechenaufgaben zu helfen.<\/p>\n\n\n\n<p>Ein Highlight war der Besuch meiner ehemaligen Schule in Imbochi, wo ich meine alten Kollegen traf und in Erinnerungen schwelgte. Auch die gemeinsamen Feste, wie der Muttertag mit Popcorn und Spielen, der Dia de los Profesores mit Geschenken von den Kindern und Abendessen mit den Educadores, und das Jubil\u00e4um von Camiri waren besondere Erlebnisse.<\/p>\n\n\n\n<p>Neben der Unterst\u00fctzung im Alltag konnte ich auch eigene Projekte umsetzen.<\/p>\n\n\n\n<p><strong>Computerunterricht<\/strong><\/p>\n\n\n\n<p>In den Ferien gab ich den \u00e4lteren Kindern einen dreiw\u00f6chigen Kurs in Word, PowerPoint und Excel. W\u00e4hrenddessen kam sogar einmal eine Delegation aus der Alcaldia zu Besuch.<\/p>\n\n\n\n<p class=\"has-text-align-center\"><img loading=\"lazy\" decoding=\"async\" src=\"https:\/\/lh7-rt.googleusercontent.com\/docsz\/AD_4nXe_wghiyJBbnRhZxz7fpGRZ-nt1ax3t7RciPt1Ojkh_TJrFhfw9kzeqcNczvOJszfUcurU19HqyDuFfO7MTUu9GisM5KwdLPu4VcTrGR1LD95QjuMmlS4oH3Uucio3QMg8OJnQkUbG346rxu1RPO1YS0ec?key=Sw104gDlCzxvfH_CpkCoLA\" width=\"566\" height=\"422\"><\/p>\n\n\n\n<p><strong>DIY Deodorant<\/strong><\/p>\n\n\n\n<p>Ich zeigte den Kindern, wie man sein eigenes Deo aus Kokosnussfett und Natriumbicarbonat selbst herstellen kann. Am Ende hat jeder ein D\u00f6schen mit Deo bekommen.<\/p>\n\n\n\n<p class=\"has-text-align-center\"><img loading=\"lazy\" decoding=\"async\" src=\"https:\/\/lh7-rt.googleusercontent.com\/docsz\/AD_4nXcIz_1JGrVXtT3wsfZ1XFpBB78lvGl16k6snNOPDsE3RBQoi2XjJPKPjJ_ra4GU-OYckSZ_Gm35XeGYx9O126qpqI1Ue3cFirqvkeHNNgqRLFdpKwfNSI4pw-asToT_Up-ycECuWGKm3nPdP-5bRahMLFQu?key=Sw104gDlCzxvfH_CpkCoLA\" width=\"363\" height=\"272\"><\/p>\n\n\n\n<p><strong>Wasserfilter<\/strong><\/p>\n\n\n\n<p>Zum Abschluss meines Aufenthalts bauten wir gemeinsam einen Wasserfilter. Die Idee entstand dadurch, dass eine Analyse des Wassers in Camiri durchgef\u00fchrt wurde, bei der extrem hohe Verunreinigungen mit F\u00e4kalien festgestellt wurden. Der neue Sandfilter kann hoffentlich dabei helfen, gen\u00fcgend Wasser gerade in den hei\u00dfen Monaten f\u00fcr die Kinder zur Verf\u00fcgung zu stellen.<\/p>\n\n\n\n<p class=\"has-text-align-center\"><img loading=\"lazy\" decoding=\"async\" width=\"382\" height=\"510\" src=\"https:\/\/lh7-rt.googleusercontent.com\/docsz\/AD_4nXe4cZIx4Sqj3_FKxs4ryvHGUvH5cdUZdHD22cvj2L5OepoQNb758MTm9a6UjrSOPOp3MEaWvcTG14i9UG9n_V7v9y9bXplaOhalQV39s-cWehi6UV4DDq9Hlqp5MtXKtYxF1kBRN4HRKTwwM_SSVMCCT8l_?key=Sw104gDlCzxvfH_CpkCoLA\"><img loading=\"lazy\" decoding=\"async\" src=\"https:\/\/lh7-rt.googleusercontent.com\/docsz\/AD_4nXfoVhRkjAsNTZt3ejBcMJCzdpaQIlcMhW-KycVxMIRpHEBTP2cPx1qPYoVriKjPxUkJdF5S25Oq8gyWvy6_A01XcyZWMKnuh7pJeAFWnX_2joiSM1Bo4fBhouX9GpIc49m8ttHlKjCY4DnewmeGXOsgt0nc?key=Sw104gDlCzxvfH_CpkCoLA\" width=\"456\" height=\"608\"><\/p>\n\n\n\n<p class=\"has-text-align-center\"><\/p>\n\n\n\n<p>Auch die Ausfl\u00fcge mit den Kindern haben mir Spa\u00df gemacht. So ging es zum Beispiel zum Aussichtspunkt Cruz, der Park vom Barrio Ex Campamento wurde mit einer Pflanzaktion versch\u00f6nert und wir sind zum Spielen und Austoben zum Instituto Hebr\u00f3n gewandert. Und nat\u00fcrlich durfte der Fu\u00dfball nicht fehlen: W\u00e4hrend des Camiri-weiten Schulturniers feuerte ich die Kids bei ihren Spielen an.<\/p>\n\n\n\n<p class=\"has-text-align-center\"><img loading=\"lazy\" decoding=\"async\" src=\"https:\/\/lh7-rt.googleusercontent.com\/docsz\/AD_4nXcBEbq1HJZuuUu0EzAN9e1D-P76snZThTaiC3H1tDCfW5Pzhvw3KL0XPYt-3vmVWXtfVDhUGXDInu93yRirbhLMgbNgK_P7D4DVfVrNRSdRUV3WcZlvJHXClG7nrsJEPz5rO-85OOf1oIjuelBD349i4_CA?key=Sw104gDlCzxvfH_CpkCoLA\" width=\"602\" height=\"401\"><\/p>\n\n\n\n<p>Die Zeit in Camiri hat mir auch dieses Mal sehr gefallen und ich werde die gemeinsamen Momente mit den Kindern, den Educadores und den anderen Kollegen f\u00fcr immer in Erinnerung behalten. Zu sehen, wie sehr das Projekt in den sieben Jahren gewachsen ist, war sehr eindrucksvoll. Au\u00dferdem m\u00f6chte ich mich herzlich bei allen Unterst\u00fctzern von Joven Esperanza f\u00fcr die M\u00f6glichkeit bedanken, erneut eine so tolle Zeit in Camiri verbracht haben zu d\u00fcrfen.<br><\/p>","protected":false},"excerpt":{"rendered":"<p>Unser Freiwilliger David war als &#8222;Wiederholungst\u00e4ter&#8220; (er war bereits 2017 f\u00fcr ein Jahr in Camiri) dieses Jahr von Mai bis September in unserem Projekt vor Ort. In seinem Abschlussbericht erz\u00e4hlt er von seinen Erlebnissen: Voller Vorfreude kam ich Mitte Mai um 1 Uhr nachts am Busterminal in Camiri an. Das letzte mal, dass ich hier [&hellip;]<\/p>","protected":false},"author":3,"featured_media":4262,"comment_status":"closed","ping_status":"open","sticky":false,"template":"","format":"standard","meta":{"_uag_custom_page_level_css":"","site-sidebar-layout":"default","site-content-layout":"","ast-site-content-layout":"default","site-content-style":"default","site-sidebar-style":"default","ast-global-header-display":"","ast-banner-title-visibility":"","ast-main-header-display":"","ast-hfb-above-header-display":"","ast-hfb-below-header-display":"","ast-hfb-mobile-header-display":"","site-post-title":"","ast-breadcrumbs-content":"","ast-featured-img":"","footer-sml-layout":"","theme-transparent-header-meta":"","adv-header-id-meta":"","stick-header-meta":"","header-above-stick-meta":"","header-main-stick-meta":"","header-below-stick-meta":"","astra-migrate-meta-layouts":"set","ast-page-background-enabled":"default","ast-page-background-meta":{"desktop":{"background-color":"var(--ast-global-color-4)","background-image":"","background-repeat":"repeat","background-position":"center center","background-size":"auto","background-attachment":"scroll","background-type":"","background-media":"","overlay-type":"","overlay-color":"","overlay-gradient":""},"tablet":{"background-color":"","background-image":"","background-repeat":"repeat","background-position":"center center","background-size":"auto","background-attachment":"scroll","background-type":"","background-media":"","overlay-type":"","overlay-color":"","overlay-gradient":""},"mobile":{"background-color":"","background-image":"","background-repeat":"repeat","background-position":"center center","background-size":"auto","background-attachment":"scroll","background-type":"","background-media":"","overlay-type":"","overlay-color":"","overlay-gradient":""}},"ast-content-background-meta":{"desktop":{"background-color":"var(--ast-global-color-5)","background-image":"","background-repeat":"repeat","background-position":"center center","background-size":"auto","background-attachment":"scroll","background-type":"","background-media":"","overlay-type":"","overlay-color":"","overlay-gradient":""},"tablet":{"background-color":"var(--ast-global-color-5)","background-image":"","background-repeat":"repeat","background-position":"center center","background-size":"auto","background-attachment":"scroll","background-type":"","background-media":"","overlay-type":"","overlay-color":"","overlay-gradient":""},"mobile":{"background-color":"var(--ast-global-color-5)","background-image":"","background-repeat":"repeat","background-position":"center center","background-size":"auto","background-attachment":"scroll","background-type":"","background-media":"","overlay-type":"","overlay-color":"","overlay-gradient":""}},"footnotes":""},"categories":[10,12],"tags":[],"class_list":["post-4261","post","type-post","status-publish","format-standard","has-post-thumbnail","hentry","category-freiwillige","category-news"],"yoast_head":"<!-- This site is optimized with the Yoast SEO plugin v25.0 - https:\/\/yoast.com\/wordpress\/plugins\/seo\/ -->\n<title>Davids Zeit in Camiri - Joven Esperanza e.V.<\/title>\n<meta name=\"robots\" content=\"index, follow, max-snippet:-1, max-image-preview:large, max-video-preview:-1\" \/>\n<link rel=\"canonical\" href=\"https:\/\/joven-esperanza.de\/es\/blog\/davids-zeit-in-camiri\/\" \/>\n<meta property=\"og:locale\" content=\"es_ES\" \/>\n<meta property=\"og:type\" content=\"article\" \/>\n<meta property=\"og:title\" content=\"Davids Zeit in Camiri - Joven Esperanza e.V.\" \/>\n<meta property=\"og:description\" content=\"Unser Freiwilliger David war als &#8222;Wiederholungst\u00e4ter&#8220; (er war bereits 2017 f\u00fcr ein Jahr in Camiri) dieses Jahr von Mai bis September in unserem Projekt vor Ort. In seinem Abschlussbericht erz\u00e4hlt er von seinen Erlebnissen: Voller Vorfreude kam ich Mitte Mai um 1 Uhr nachts am Busterminal in Camiri an. Das letzte mal, dass ich hier [&hellip;]\" \/>\n<meta property=\"og:url\" content=\"https:\/\/joven-esperanza.de\/es\/blog\/davids-zeit-in-camiri\/\" \/>\n<meta property=\"og:site_name\" content=\"Joven Esperanza e.V.\" \/>\n<meta property=\"article:publisher\" content=\"https:\/\/www.facebook.com\/JovenEsperanza\" \/>\n<meta property=\"article:published_time\" content=\"2024-10-25T06:15:03+00:00\" \/>\n<meta property=\"article:modified_time\" content=\"2024-10-25T06:15:05+00:00\" \/>\n<meta property=\"og:image\" content=\"https:\/\/joven-esperanza.de\/wp-content\/uploads\/2024\/10\/unnamed.png\" \/>\n\t<meta property=\"og:image:width\" content=\"512\" \/>\n\t<meta property=\"og:image:height\" content=\"341\" \/>\n\t<meta property=\"og:image:type\" content=\"image\/png\" \/>\n<meta name=\"author\" content=\"David Wenderdel\" \/>\n<meta name=\"twitter:card\" content=\"summary_large_image\" \/>\n<meta name=\"twitter:label1\" content=\"Written by\" \/>\n\t<meta name=\"twitter:data1\" content=\"David Wenderdel\" \/>\n\t<meta name=\"twitter:label2\" content=\"Est. reading time\" \/>\n\t<meta name=\"twitter:data2\" content=\"4 minutes\" \/>\n<script type=\"application\/ld+json\" class=\"yoast-schema-graph\">{\"@context\":\"https:\/\/schema.org\",\"@graph\":[{\"@type\":\"Article\",\"@id\":\"https:\/\/joven-esperanza.de\/blog\/davids-zeit-in-camiri\/#article\",\"isPartOf\":{\"@id\":\"https:\/\/joven-esperanza.de\/blog\/davids-zeit-in-camiri\/\"},\"author\":{\"name\":\"David Wenderdel\",\"@id\":\"https:\/\/joven-esperanza.de\/#\/schema\/person\/7ac668b14b29e886249d6ed166cb07fb\"},\"headline\":\"Davids Zeit in Camiri\",\"datePublished\":\"2024-10-25T06:15:03+00:00\",\"dateModified\":\"2024-10-25T06:15:05+00:00\",\"mainEntityOfPage\":{\"@id\":\"https:\/\/joven-esperanza.de\/blog\/davids-zeit-in-camiri\/\"},\"wordCount\":498,\"publisher\":{\"@id\":\"https:\/\/joven-esperanza.de\/#organization\"},\"image\":{\"@id\":\"https:\/\/joven-esperanza.de\/blog\/davids-zeit-in-camiri\/#primaryimage\"},\"thumbnailUrl\":\"https:\/\/joven-esperanza.de\/wp-content\/uploads\/2024\/10\/unnamed.png\",\"articleSection\":[\"Freiwillige\",\"News\"],\"inLanguage\":\"es-BO\"},{\"@type\":\"WebPage\",\"@id\":\"https:\/\/joven-esperanza.de\/blog\/davids-zeit-in-camiri\/\",\"url\":\"https:\/\/joven-esperanza.de\/blog\/davids-zeit-in-camiri\/\",\"name\":\"Davids Zeit in Camiri - Joven Esperanza e.V.\",\"isPartOf\":{\"@id\":\"https:\/\/joven-esperanza.de\/#website\"},\"primaryImageOfPage\":{\"@id\":\"https:\/\/joven-esperanza.de\/blog\/davids-zeit-in-camiri\/#primaryimage\"},\"image\":{\"@id\":\"https:\/\/joven-esperanza.de\/blog\/davids-zeit-in-camiri\/#primaryimage\"},\"thumbnailUrl\":\"https:\/\/joven-esperanza.de\/wp-content\/uploads\/2024\/10\/unnamed.png\",\"datePublished\":\"2024-10-25T06:15:03+00:00\",\"dateModified\":\"2024-10-25T06:15:05+00:00\",\"breadcrumb\":{\"@id\":\"https:\/\/joven-esperanza.de\/blog\/davids-zeit-in-camiri\/#breadcrumb\"},\"inLanguage\":\"es-BO\",\"potentialAction\":[{\"@type\":\"ReadAction\",\"target\":[\"https:\/\/joven-esperanza.de\/blog\/davids-zeit-in-camiri\/\"]}]},{\"@type\":\"ImageObject\",\"inLanguage\":\"es-BO\",\"@id\":\"https:\/\/joven-esperanza.de\/blog\/davids-zeit-in-camiri\/#primaryimage\",\"url\":\"https:\/\/joven-esperanza.de\/wp-content\/uploads\/2024\/10\/unnamed.png\",\"contentUrl\":\"https:\/\/joven-esperanza.de\/wp-content\/uploads\/2024\/10\/unnamed.png\",\"width\":512,\"height\":341},{\"@type\":\"BreadcrumbList\",\"@id\":\"https:\/\/joven-esperanza.de\/blog\/davids-zeit-in-camiri\/#breadcrumb\",\"itemListElement\":[{\"@type\":\"ListItem\",\"position\":1,\"name\":\"Startseite\",\"item\":\"https:\/\/joven-esperanza.de\/\"},{\"@type\":\"ListItem\",\"position\":2,\"name\":\"Davids Zeit in Camiri\"}]},{\"@type\":\"WebSite\",\"@id\":\"https:\/\/joven-esperanza.de\/#website\",\"url\":\"https:\/\/joven-esperanza.de\/\",\"name\":\"Joven Esperanza e.V.\",\"description\":\"Kindern in Camiri eine Zukunft bieten\",\"publisher\":{\"@id\":\"https:\/\/joven-esperanza.de\/#organization\"},\"potentialAction\":[{\"@type\":\"SearchAction\",\"target\":{\"@type\":\"EntryPoint\",\"urlTemplate\":\"https:\/\/joven-esperanza.de\/?s={search_term_string}\"},\"query-input\":{\"@type\":\"PropertyValueSpecification\",\"valueRequired\":true,\"valueName\":\"search_term_string\"}}],\"inLanguage\":\"es-BO\"},{\"@type\":\"Organization\",\"@id\":\"https:\/\/joven-esperanza.de\/#organization\",\"name\":\"Joven Esperanza e.V.\",\"url\":\"https:\/\/joven-esperanza.de\/\",\"logo\":{\"@type\":\"ImageObject\",\"inLanguage\":\"es-BO\",\"@id\":\"https:\/\/joven-esperanza.de\/#\/schema\/logo\/image\/\",\"url\":\"https:\/\/joven-esperanza.de\/wp-content\/uploads\/2024\/02\/joven-esperanza.png\",\"contentUrl\":\"https:\/\/joven-esperanza.de\/wp-content\/uploads\/2024\/02\/joven-esperanza.png\",\"width\":4738,\"height\":1324,\"caption\":\"Joven Esperanza e.V.\"},\"image\":{\"@id\":\"https:\/\/joven-esperanza.de\/#\/schema\/logo\/image\/\"},\"sameAs\":[\"https:\/\/www.facebook.com\/JovenEsperanza\",\"https:\/\/www.instagram.com\/joven_esperanza_ev\/\",\"https:\/\/www.linkedin.com\/company\/joven-esperanza-e.v.\/\",\"https:\/\/www.youtube.com\/@joven.esperanza\"]},{\"@type\":\"Person\",\"@id\":\"https:\/\/joven-esperanza.de\/#\/schema\/person\/7ac668b14b29e886249d6ed166cb07fb\",\"name\":\"David Wenderdel\",\"image\":{\"@type\":\"ImageObject\",\"inLanguage\":\"es-BO\",\"@id\":\"https:\/\/joven-esperanza.de\/#\/schema\/person\/image\/\",\"url\":\"https:\/\/secure.gravatar.com\/avatar\/a84e178dcd509d154e59dbb782776b40f93e163b49b8e76ae7f4128cfac0ed38?s=96&d=mm&r=g\",\"contentUrl\":\"https:\/\/secure.gravatar.com\/avatar\/a84e178dcd509d154e59dbb782776b40f93e163b49b8e76ae7f4128cfac0ed38?s=96&d=mm&r=g\",\"caption\":\"David Wenderdel\"}}]}<\/script>\n<!-- \/ Yoast SEO plugin. -->","yoast_head_json":{"title":"Davids Zeit in Camiri - Joven Esperanza e.V.","robots":{"index":"index","follow":"follow","max-snippet":"max-snippet:-1","max-image-preview":"max-image-preview:large","max-video-preview":"max-video-preview:-1"},"canonical":"https:\/\/joven-esperanza.de\/es\/blog\/davids-zeit-in-camiri\/","og_locale":"es_ES","og_type":"article","og_title":"Davids Zeit in Camiri - Joven Esperanza e.V.","og_description":"Unser Freiwilliger David war als &#8222;Wiederholungst\u00e4ter&#8220; (er war bereits 2017 f\u00fcr ein Jahr in Camiri) dieses Jahr von Mai bis September in unserem Projekt vor Ort. In seinem Abschlussbericht erz\u00e4hlt er von seinen Erlebnissen: Voller Vorfreude kam ich Mitte Mai um 1 Uhr nachts am Busterminal in Camiri an. Das letzte mal, dass ich hier [&hellip;]","og_url":"https:\/\/joven-esperanza.de\/es\/blog\/davids-zeit-in-camiri\/","og_site_name":"Joven Esperanza e.V.","article_publisher":"https:\/\/www.facebook.com\/JovenEsperanza","article_published_time":"2024-10-25T06:15:03+00:00","article_modified_time":"2024-10-25T06:15:05+00:00","og_image":[{"width":512,"height":341,"url":"https:\/\/joven-esperanza.de\/wp-content\/uploads\/2024\/10\/unnamed.png","type":"image\/png"}],"author":"David Wenderdel","twitter_card":"summary_large_image","twitter_misc":{"Written by":"David Wenderdel","Est. reading time":"4 minutes"},"schema":{"@context":"https:\/\/schema.org","@graph":[{"@type":"Article","@id":"https:\/\/joven-esperanza.de\/blog\/davids-zeit-in-camiri\/#article","isPartOf":{"@id":"https:\/\/joven-esperanza.de\/blog\/davids-zeit-in-camiri\/"},"author":{"name":"David Wenderdel","@id":"https:\/\/joven-esperanza.de\/#\/schema\/person\/7ac668b14b29e886249d6ed166cb07fb"},"headline":"Davids Zeit in Camiri","datePublished":"2024-10-25T06:15:03+00:00","dateModified":"2024-10-25T06:15:05+00:00","mainEntityOfPage":{"@id":"https:\/\/joven-esperanza.de\/blog\/davids-zeit-in-camiri\/"},"wordCount":498,"publisher":{"@id":"https:\/\/joven-esperanza.de\/#organization"},"image":{"@id":"https:\/\/joven-esperanza.de\/blog\/davids-zeit-in-camiri\/#primaryimage"},"thumbnailUrl":"https:\/\/joven-esperanza.de\/wp-content\/uploads\/2024\/10\/unnamed.png","articleSection":["Freiwillige","News"],"inLanguage":"es-BO"},{"@type":"WebPage","@id":"https:\/\/joven-esperanza.de\/blog\/davids-zeit-in-camiri\/","url":"https:\/\/joven-esperanza.de\/blog\/davids-zeit-in-camiri\/","name":"Davids Zeit in Camiri - Joven Esperanza e.V.","isPartOf":{"@id":"https:\/\/joven-esperanza.de\/#website"},"primaryImageOfPage":{"@id":"https:\/\/joven-esperanza.de\/blog\/davids-zeit-in-camiri\/#primaryimage"},"image":{"@id":"https:\/\/joven-esperanza.de\/blog\/davids-zeit-in-camiri\/#primaryimage"},"thumbnailUrl":"https:\/\/joven-esperanza.de\/wp-content\/uploads\/2024\/10\/unnamed.png","datePublished":"2024-10-25T06:15:03+00:00","dateModified":"2024-10-25T06:15:05+00:00","breadcrumb":{"@id":"https:\/\/joven-esperanza.de\/blog\/davids-zeit-in-camiri\/#breadcrumb"},"inLanguage":"es-BO","potentialAction":[{"@type":"ReadAction","target":["https:\/\/joven-esperanza.de\/blog\/davids-zeit-in-camiri\/"]}]},{"@type":"ImageObject","inLanguage":"es-BO","@id":"https:\/\/joven-esperanza.de\/blog\/davids-zeit-in-camiri\/#primaryimage","url":"https:\/\/joven-esperanza.de\/wp-content\/uploads\/2024\/10\/unnamed.png","contentUrl":"https:\/\/joven-esperanza.de\/wp-content\/uploads\/2024\/10\/unnamed.png","width":512,"height":341},{"@type":"BreadcrumbList","@id":"https:\/\/joven-esperanza.de\/blog\/davids-zeit-in-camiri\/#breadcrumb","itemListElement":[{"@type":"ListItem","position":1,"name":"Startseite","item":"https:\/\/joven-esperanza.de\/"},{"@type":"ListItem","position":2,"name":"Davids Zeit in Camiri"}]},{"@type":"WebSite","@id":"https:\/\/joven-esperanza.de\/#website","url":"https:\/\/joven-esperanza.de\/","name":"Joven Esperanza e.V.","description":"Kindern in Camiri eine Zukunft bieten","publisher":{"@id":"https:\/\/joven-esperanza.de\/#organization"},"potentialAction":[{"@type":"SearchAction","target":{"@type":"EntryPoint","urlTemplate":"https:\/\/joven-esperanza.de\/?s={search_term_string}"},"query-input":{"@type":"PropertyValueSpecification","valueRequired":true,"valueName":"search_term_string"}}],"inLanguage":"es-BO"},{"@type":"Organization","@id":"https:\/\/joven-esperanza.de\/#organization","name":"Joven Esperanza e.V.","url":"https:\/\/joven-esperanza.de\/","logo":{"@type":"ImageObject","inLanguage":"es-BO","@id":"https:\/\/joven-esperanza.de\/#\/schema\/logo\/image\/","url":"https:\/\/joven-esperanza.de\/wp-content\/uploads\/2024\/02\/joven-esperanza.png","contentUrl":"https:\/\/joven-esperanza.de\/wp-content\/uploads\/2024\/02\/joven-esperanza.png","width":4738,"height":1324,"caption":"Joven Esperanza e.V."},"image":{"@id":"https:\/\/joven-esperanza.de\/#\/schema\/logo\/image\/"},"sameAs":["https:\/\/www.facebook.com\/JovenEsperanza","https:\/\/www.instagram.com\/joven_esperanza_ev\/","https:\/\/www.linkedin.com\/company\/joven-esperanza-e.v.\/","https:\/\/www.youtube.com\/@joven.esperanza"]},{"@type":"Person","@id":"https:\/\/joven-esperanza.de\/#\/schema\/person\/7ac668b14b29e886249d6ed166cb07fb","name":"David Wenderdel","image":{"@type":"ImageObject","inLanguage":"es-BO","@id":"https:\/\/joven-esperanza.de\/#\/schema\/person\/image\/","url":"https:\/\/secure.gravatar.com\/avatar\/a84e178dcd509d154e59dbb782776b40f93e163b49b8e76ae7f4128cfac0ed38?s=96&d=mm&r=g","contentUrl":"https:\/\/secure.gravatar.com\/avatar\/a84e178dcd509d154e59dbb782776b40f93e163b49b8e76ae7f4128cfac0ed38?s=96&d=mm&r=g","caption":"David Wenderdel"}}]}},"uagb_featured_image_src":{"full":["https:\/\/joven-esperanza.de\/wp-content\/uploads\/2024\/10\/unnamed.png",512,341,false],"thumbnail":["https:\/\/joven-esperanza.de\/wp-content\/uploads\/2024\/10\/unnamed-150x150.png",150,150,true],"medium":["https:\/\/joven-esperanza.de\/wp-content\/uploads\/2024\/10\/unnamed-300x200.png",300,200,true],"medium_large":["https:\/\/joven-esperanza.de\/wp-content\/uploads\/2024\/10\/unnamed.png",512,341,false],"large":["https:\/\/joven-esperanza.de\/wp-content\/uploads\/2024\/10\/unnamed.png",512,341,false],"1536x1536":["https:\/\/joven-esperanza.de\/wp-content\/uploads\/2024\/10\/unnamed.png",512,341,false],"2048x2048":["https:\/\/joven-esperanza.de\/wp-content\/uploads\/2024\/10\/unnamed.png",512,341,false],"trp-custom-language-flag":["https:\/\/joven-esperanza.de\/wp-content\/uploads\/2024\/10\/unnamed-18x12.png",18,12,true]},"uagb_author_info":{"display_name":"David Wenderdel","author_link":"https:\/\/joven-esperanza.de\/es\/blog\/author\/david\/"},"uagb_comment_info":0,"uagb_excerpt":"Unser Freiwilliger David war als &#8222;Wiederholungst\u00e4ter&#8220; (er war bereits 2017 f\u00fcr ein Jahr in Camiri) dieses Jahr von Mai bis September in unserem Projekt vor Ort. In seinem Abschlussbericht erz\u00e4hlt er von seinen Erlebnissen: Voller Vorfreude kam ich Mitte Mai um 1 Uhr nachts am Busterminal in Camiri an. Das letzte mal, dass ich hier&hellip;","_links":{"self":[{"href":"https:\/\/joven-esperanza.de\/es\/wp-json\/wp\/v2\/posts\/4261","targetHints":{"allow":["GET"]}}],"collection":[{"href":"https:\/\/joven-esperanza.de\/es\/wp-json\/wp\/v2\/posts"}],"about":[{"href":"https:\/\/joven-esperanza.de\/es\/wp-json\/wp\/v2\/types\/post"}],"author":[{"embeddable":true,"href":"https:\/\/joven-esperanza.de\/es\/wp-json\/wp\/v2\/users\/3"}],"replies":[{"embeddable":true,"href":"https:\/\/joven-esperanza.de\/es\/wp-json\/wp\/v2\/comments?post=4261"}],"version-history":[{"count":1,"href":"https:\/\/joven-esperanza.de\/es\/wp-json\/wp\/v2\/posts\/4261\/revisions"}],"predecessor-version":[{"id":4263,"href":"https:\/\/joven-esperanza.de\/es\/wp-json\/wp\/v2\/posts\/4261\/revisions\/4263"}],"wp:featuredmedia":[{"embeddable":true,"href":"https:\/\/joven-esperanza.de\/es\/wp-json\/wp\/v2\/media\/4262"}],"wp:attachment":[{"href":"https:\/\/joven-esperanza.de\/es\/wp-json\/wp\/v2\/media?parent=4261"}],"wp:term":[{"taxonomy":"category","embeddable":true,"href":"https:\/\/joven-esperanza.de\/es\/wp-json\/wp\/v2\/categories?post=4261"},{"taxonomy":"post_tag","embeddable":true,"href":"https:\/\/joven-esperanza.de\/es\/wp-json\/wp\/v2\/tags?post=4261"}],"curies":[{"name":"wp","href":"https:\/\/api.w.org\/{rel}","templated":true}]}}