{"id":4283,"date":"2024-12-01T18:00:51","date_gmt":"2024-12-01T18:00:51","guid":{"rendered":"https:\/\/joven-esperanza.de\/?p=4283"},"modified":"2024-12-01T18:00:53","modified_gmt":"2024-12-01T18:00:53","slug":"zoe-und-freddy-ueber-den-alltag-in-camiri","status":"publish","type":"post","link":"https:\/\/joven-esperanza.de\/es\/blog\/zoe-und-freddy-ueber-den-alltag-in-camiri\/","title":{"rendered":"Zo\u00e9 und Freddy \u00fcber den Alltag in Camiri"},"content":{"rendered":"<p>Hola! Hier sind Zo\u00e9 und Freddy. Wir sind die aktuellen Freiwilligen von Crece y Sue\u00f1a und arbeiten hier seit September. Ich (Zo\u00e9) bin zwar schon einen Monat l\u00e4nger da, aber wir sind mittlerweile trotzdem ein sehr gutes Team geworden. Zusammen unterst\u00fctzen wir Fabiola und helfen den Erst- bis Drittkl\u00e4sslern bei der Bew\u00e4ltigung ihrer Hausaufgaben (meistens m\u00fcssen sie S\u00e4tze bilden), beim Wiederholen des kleinen 1 x 1 oder bei sonstigen Projekten, die f\u00fcr die Schule anstehen. Um ihre Kenntnisse zu vertiefen, spielen wir Satzgliederspiele, lesen mit ihnen oder leiten sowohl Mathe-Bingo als auch Mathe-Memory an. Wenn die Kinder die Konzentration verlieren, wird auch mal zu Uno oder Halli Galli gewechselt. Au\u00dferdem haben wir damit angefangen, Spiele f\u00fcr Drau\u00dfen einzuf\u00fchren (Himmel oder H\u00f6lle, Rotes Licht &#8211; Gr\u00fcnes Licht), wodurch wir versuchen einen Ausgleich f\u00fcr das lange Sitzen herzustellen. Ansonsten machen wir mit den Kindern spielerischen Englischunterricht (die Fr\u00fcchte kennen sie jetzt schon, gerade lernen wir die Klamotten). Ab 16 Uhr brechen viele Kinder (auch die \u00c4lteren) zum Fu\u00dfballtraining auf oder bleiben hier im Hof, um mit Aldair eine Chacarerra-Choreo einzustudieren. Die Bewegung tut allen sehr gut, und es ist sch\u00f6n zu sehen, dass jedes Kind irgendwo eine Gelegenheit bekommt, sich auszutoben und mit den anderen Spa\u00df am Sport zu haben. Der Tag endet f\u00fcr alle um 17:30 Uhr, nach einem kleinen Snack mit Getr\u00e4nk. Einige (vor allem die Jugendlichen) essen auch noch die Reste des \u00fcbriggebliebenen Mittagessens und nehmen sich manchmal was mit nach Hause, sodass eigentlich nie etwas vom Essen \u00fcbrig bleibt (weggeschmissen wird es sowieso nicht, denn zur Not essen der Hund oder die Katze der Fundaci\u00f3n den Rest). <\/p>\n\n\n\n<figure class=\"wp-block-image aligncenter size-large\"><img loading=\"lazy\" decoding=\"async\" width=\"1024\" height=\"768\" src=\"https:\/\/joven-esperanza.de\/wp-content\/uploads\/2024\/12\/zoe-freddy-02-1024x768.jpg\" alt=\"\" class=\"wp-image-4293\" srcset=\"https:\/\/joven-esperanza.de\/wp-content\/uploads\/2024\/12\/zoe-freddy-02-1024x768.jpg 1024w, https:\/\/joven-esperanza.de\/wp-content\/uploads\/2024\/12\/zoe-freddy-02-300x225.jpg 300w, https:\/\/joven-esperanza.de\/wp-content\/uploads\/2024\/12\/zoe-freddy-02-768x576.jpg 768w, https:\/\/joven-esperanza.de\/wp-content\/uploads\/2024\/12\/zoe-freddy-02-1536x1152.jpg 1536w, https:\/\/joven-esperanza.de\/wp-content\/uploads\/2024\/12\/zoe-freddy-02-2048x1536.jpg 2048w, https:\/\/joven-esperanza.de\/wp-content\/uploads\/2024\/12\/zoe-freddy-02-16x12.jpg 16w\" sizes=\"auto, (max-width: 1024px) 100vw, 1024px\" \/><\/figure>\n\n\n\n<p>Au\u00dferdem gibt es zus\u00e4tzlich zu dem Gem\u00fcsegarten hier auf dem Grundst\u00fcck jetzt auch einen weiteren zehn Gehminuten entfernt, zu dem die Kinder h\u00e4ufig laufen, um mit dem G\u00e4rtner Juan-Carlos Mais, K\u00fcrbis und Kartoffeln anzupflanzen. Es macht allen viel Spa\u00df hierher zu kommen, vor allem weil schon nach nur ein paar Wochen das Gem\u00fcse um einiges gewachsen ist, welches sp\u00e4ter in der Fundaci\u00f3n gekocht und gegessen wird. <\/p>\n\n\n\n<figure class=\"wp-block-gallery has-nested-images columns-default is-cropped wp-block-gallery-1 is-layout-flex wp-block-gallery-is-layout-flex\">\n<figure class=\"wp-block-image size-large\"><img loading=\"lazy\" decoding=\"async\" width=\"1024\" height=\"768\" data-id=\"4284\" src=\"https:\/\/joven-esperanza.de\/wp-content\/uploads\/2024\/12\/zoe-freddy-10-1024x768.jpg\" alt=\"\" class=\"wp-image-4284\" srcset=\"https:\/\/joven-esperanza.de\/wp-content\/uploads\/2024\/12\/zoe-freddy-10-1024x768.jpg 1024w, https:\/\/joven-esperanza.de\/wp-content\/uploads\/2024\/12\/zoe-freddy-10-300x225.jpg 300w, https:\/\/joven-esperanza.de\/wp-content\/uploads\/2024\/12\/zoe-freddy-10-768x576.jpg 768w, https:\/\/joven-esperanza.de\/wp-content\/uploads\/2024\/12\/zoe-freddy-10-16x12.jpg 16w, https:\/\/joven-esperanza.de\/wp-content\/uploads\/2024\/12\/zoe-freddy-10.jpg 1280w\" sizes=\"auto, (max-width: 1024px) 100vw, 1024px\" \/><\/figure>\n\n\n\n<figure class=\"wp-block-image size-large\"><img loading=\"lazy\" decoding=\"async\" width=\"768\" height=\"1024\" data-id=\"4290\" src=\"https:\/\/joven-esperanza.de\/wp-content\/uploads\/2024\/12\/zoe-freddy-04-768x1024.jpg\" alt=\"\" class=\"wp-image-4290\" srcset=\"https:\/\/joven-esperanza.de\/wp-content\/uploads\/2024\/12\/zoe-freddy-04-768x1024.jpg 768w, https:\/\/joven-esperanza.de\/wp-content\/uploads\/2024\/12\/zoe-freddy-04-225x300.jpg 225w, https:\/\/joven-esperanza.de\/wp-content\/uploads\/2024\/12\/zoe-freddy-04-1152x1536.jpg 1152w, https:\/\/joven-esperanza.de\/wp-content\/uploads\/2024\/12\/zoe-freddy-04-1536x2048.jpg 1536w, https:\/\/joven-esperanza.de\/wp-content\/uploads\/2024\/12\/zoe-freddy-04-9x12.jpg 9w, https:\/\/joven-esperanza.de\/wp-content\/uploads\/2024\/12\/zoe-freddy-04-scaled.jpg 1920w\" sizes=\"auto, (max-width: 768px) 100vw, 768px\" \/><\/figure>\n\n\n\n<figure class=\"wp-block-image size-large\"><img loading=\"lazy\" decoding=\"async\" width=\"768\" height=\"1024\" data-id=\"4291\" src=\"https:\/\/joven-esperanza.de\/wp-content\/uploads\/2024\/12\/zoe-freddy-03-768x1024.jpg\" alt=\"\" class=\"wp-image-4291\" srcset=\"https:\/\/joven-esperanza.de\/wp-content\/uploads\/2024\/12\/zoe-freddy-03-768x1024.jpg 768w, https:\/\/joven-esperanza.de\/wp-content\/uploads\/2024\/12\/zoe-freddy-03-225x300.jpg 225w, https:\/\/joven-esperanza.de\/wp-content\/uploads\/2024\/12\/zoe-freddy-03-1152x1536.jpg 1152w, https:\/\/joven-esperanza.de\/wp-content\/uploads\/2024\/12\/zoe-freddy-03-1536x2048.jpg 1536w, https:\/\/joven-esperanza.de\/wp-content\/uploads\/2024\/12\/zoe-freddy-03-9x12.jpg 9w, https:\/\/joven-esperanza.de\/wp-content\/uploads\/2024\/12\/zoe-freddy-03-scaled.jpg 1920w\" sizes=\"auto, (max-width: 768px) 100vw, 768px\" \/><\/figure>\n\n\n\n<figure class=\"wp-block-image size-large\"><img loading=\"lazy\" decoding=\"async\" width=\"1024\" height=\"768\" data-id=\"4289\" src=\"https:\/\/joven-esperanza.de\/wp-content\/uploads\/2024\/12\/zoe-freddy-05-1024x768.jpg\" alt=\"\" class=\"wp-image-4289\" srcset=\"https:\/\/joven-esperanza.de\/wp-content\/uploads\/2024\/12\/zoe-freddy-05-1024x768.jpg 1024w, https:\/\/joven-esperanza.de\/wp-content\/uploads\/2024\/12\/zoe-freddy-05-300x225.jpg 300w, https:\/\/joven-esperanza.de\/wp-content\/uploads\/2024\/12\/zoe-freddy-05-768x576.jpg 768w, https:\/\/joven-esperanza.de\/wp-content\/uploads\/2024\/12\/zoe-freddy-05-1536x1152.jpg 1536w, https:\/\/joven-esperanza.de\/wp-content\/uploads\/2024\/12\/zoe-freddy-05-2048x1536.jpg 2048w, https:\/\/joven-esperanza.de\/wp-content\/uploads\/2024\/12\/zoe-freddy-05-16x12.jpg 16w\" sizes=\"auto, (max-width: 1024px) 100vw, 1024px\" \/><\/figure>\n<\/figure>\n\n\n\n<p>Eine weitere Aktivit\u00e4t, an der alle gerne teilnehmen, ist das Bemalen von Steinen oder das Kn\u00fcpfen von Armb\u00e4ndern. Ein gro\u00dfer Hit ist auch die Lern-App \u201eAnton\u201c, mit der die Sch\u00fcler nach ihren Hausaufgaben arbeiten d\u00fcrfen. Neben unserem normalen Alltag, gibt es hier au\u00dferdem immer wieder kleine Aktionen oder Projekte, meistens anl\u00e4sslich der anstehenden Feiertage. So haben wir am D\u00eda del Estudiante (Tag des Sch\u00fclers) mit den Kindern einen Ausflug ins Freibad unternommen oder an Halloween abends \u201eCoco\u201c geguckt und leckere (von uns gemachte) Pancakes gegessen. Ein Mal haben wir auf dem Markt am Platz auch den selbstangebauten Koriander und Salat verkauft oder bei einer M\u00fcllsammelaktion des Flusses Parapet\u00ed teilgenommen. Daf\u00fcr kamen einen Tag vorher auch Spezialisten, um die Kinder \u00fcber M\u00fclltrennung und Recycling aufzukl\u00e4ren. <\/p>\n\n\n\n<figure class=\"wp-block-gallery has-nested-images columns-default is-cropped wp-block-gallery-2 is-layout-flex wp-block-gallery-is-layout-flex\">\n<figure class=\"wp-block-image size-large\"><img loading=\"lazy\" decoding=\"async\" width=\"768\" height=\"1024\" data-id=\"4285\" src=\"https:\/\/joven-esperanza.de\/wp-content\/uploads\/2024\/12\/zoe-freddy-07-768x1024.jpg\" alt=\"\" class=\"wp-image-4285\" srcset=\"https:\/\/joven-esperanza.de\/wp-content\/uploads\/2024\/12\/zoe-freddy-07-768x1024.jpg 768w, https:\/\/joven-esperanza.de\/wp-content\/uploads\/2024\/12\/zoe-freddy-07-225x300.jpg 225w, https:\/\/joven-esperanza.de\/wp-content\/uploads\/2024\/12\/zoe-freddy-07-1152x1536.jpg 1152w, https:\/\/joven-esperanza.de\/wp-content\/uploads\/2024\/12\/zoe-freddy-07-1536x2048.jpg 1536w, https:\/\/joven-esperanza.de\/wp-content\/uploads\/2024\/12\/zoe-freddy-07-9x12.jpg 9w, https:\/\/joven-esperanza.de\/wp-content\/uploads\/2024\/12\/zoe-freddy-07-scaled.jpg 1920w\" sizes=\"auto, (max-width: 768px) 100vw, 768px\" \/><\/figure>\n\n\n\n<figure class=\"wp-block-image size-large\"><img loading=\"lazy\" decoding=\"async\" width=\"768\" height=\"1024\" data-id=\"4288\" src=\"https:\/\/joven-esperanza.de\/wp-content\/uploads\/2024\/12\/zoe-freddy-09-768x1024.jpg\" alt=\"\" class=\"wp-image-4288\" srcset=\"https:\/\/joven-esperanza.de\/wp-content\/uploads\/2024\/12\/zoe-freddy-09-768x1024.jpg 768w, https:\/\/joven-esperanza.de\/wp-content\/uploads\/2024\/12\/zoe-freddy-09-225x300.jpg 225w, https:\/\/joven-esperanza.de\/wp-content\/uploads\/2024\/12\/zoe-freddy-09-1152x1536.jpg 1152w, https:\/\/joven-esperanza.de\/wp-content\/uploads\/2024\/12\/zoe-freddy-09-1536x2048.jpg 1536w, https:\/\/joven-esperanza.de\/wp-content\/uploads\/2024\/12\/zoe-freddy-09-9x12.jpg 9w, https:\/\/joven-esperanza.de\/wp-content\/uploads\/2024\/12\/zoe-freddy-09-scaled.jpg 1920w\" sizes=\"auto, (max-width: 768px) 100vw, 768px\" \/><\/figure>\n\n\n\n<figure class=\"wp-block-image size-large\"><img loading=\"lazy\" decoding=\"async\" width=\"1024\" height=\"768\" data-id=\"4286\" src=\"https:\/\/joven-esperanza.de\/wp-content\/uploads\/2024\/12\/zoe-freddy-06-1024x768.jpg\" alt=\"\" class=\"wp-image-4286\" srcset=\"https:\/\/joven-esperanza.de\/wp-content\/uploads\/2024\/12\/zoe-freddy-06-1024x768.jpg 1024w, https:\/\/joven-esperanza.de\/wp-content\/uploads\/2024\/12\/zoe-freddy-06-300x225.jpg 300w, https:\/\/joven-esperanza.de\/wp-content\/uploads\/2024\/12\/zoe-freddy-06-768x576.jpg 768w, https:\/\/joven-esperanza.de\/wp-content\/uploads\/2024\/12\/zoe-freddy-06-1536x1152.jpg 1536w, https:\/\/joven-esperanza.de\/wp-content\/uploads\/2024\/12\/zoe-freddy-06-2048x1536.jpg 2048w, https:\/\/joven-esperanza.de\/wp-content\/uploads\/2024\/12\/zoe-freddy-06-16x12.jpg 16w\" sizes=\"auto, (max-width: 1024px) 100vw, 1024px\" \/><\/figure>\n\n\n\n<figure class=\"wp-block-image size-large\"><img loading=\"lazy\" decoding=\"async\" width=\"768\" height=\"1024\" data-id=\"4294\" src=\"https:\/\/joven-esperanza.de\/wp-content\/uploads\/2024\/12\/zoe-freddy-freibad-768x1024.jpg\" alt=\"\" class=\"wp-image-4294\" srcset=\"https:\/\/joven-esperanza.de\/wp-content\/uploads\/2024\/12\/zoe-freddy-freibad-768x1024.jpg 768w, https:\/\/joven-esperanza.de\/wp-content\/uploads\/2024\/12\/zoe-freddy-freibad-225x300.jpg 225w, https:\/\/joven-esperanza.de\/wp-content\/uploads\/2024\/12\/zoe-freddy-freibad-1152x1536.jpg 1152w, https:\/\/joven-esperanza.de\/wp-content\/uploads\/2024\/12\/zoe-freddy-freibad-1536x2048.jpg 1536w, https:\/\/joven-esperanza.de\/wp-content\/uploads\/2024\/12\/zoe-freddy-freibad-9x12.jpg 9w, https:\/\/joven-esperanza.de\/wp-content\/uploads\/2024\/12\/zoe-freddy-freibad-scaled.jpg 1920w\" sizes=\"auto, (max-width: 768px) 100vw, 768px\" \/><\/figure>\n\n\n\n<figure class=\"wp-block-image size-large\"><img loading=\"lazy\" decoding=\"async\" width=\"768\" height=\"1024\" data-id=\"4292\" src=\"https:\/\/joven-esperanza.de\/wp-content\/uploads\/2024\/12\/zoe-freddy-01-768x1024.jpg\" alt=\"\" class=\"wp-image-4292\" srcset=\"https:\/\/joven-esperanza.de\/wp-content\/uploads\/2024\/12\/zoe-freddy-01-768x1024.jpg 768w, https:\/\/joven-esperanza.de\/wp-content\/uploads\/2024\/12\/zoe-freddy-01-225x300.jpg 225w, https:\/\/joven-esperanza.de\/wp-content\/uploads\/2024\/12\/zoe-freddy-01-1152x1536.jpg 1152w, https:\/\/joven-esperanza.de\/wp-content\/uploads\/2024\/12\/zoe-freddy-01-1536x2048.jpg 1536w, https:\/\/joven-esperanza.de\/wp-content\/uploads\/2024\/12\/zoe-freddy-01-9x12.jpg 9w, https:\/\/joven-esperanza.de\/wp-content\/uploads\/2024\/12\/zoe-freddy-01-scaled.jpg 1920w\" sizes=\"auto, (max-width: 768px) 100vw, 768px\" \/><\/figure>\n\n\n\n<figure class=\"wp-block-image size-large\"><img loading=\"lazy\" decoding=\"async\" width=\"768\" height=\"1024\" data-id=\"4287\" src=\"https:\/\/joven-esperanza.de\/wp-content\/uploads\/2024\/12\/zoe-freddy-08-768x1024.jpg\" alt=\"\" class=\"wp-image-4287\" srcset=\"https:\/\/joven-esperanza.de\/wp-content\/uploads\/2024\/12\/zoe-freddy-08-768x1024.jpg 768w, https:\/\/joven-esperanza.de\/wp-content\/uploads\/2024\/12\/zoe-freddy-08-225x300.jpg 225w, https:\/\/joven-esperanza.de\/wp-content\/uploads\/2024\/12\/zoe-freddy-08-1152x1536.jpg 1152w, https:\/\/joven-esperanza.de\/wp-content\/uploads\/2024\/12\/zoe-freddy-08-1536x2048.jpg 1536w, https:\/\/joven-esperanza.de\/wp-content\/uploads\/2024\/12\/zoe-freddy-08-9x12.jpg 9w, https:\/\/joven-esperanza.de\/wp-content\/uploads\/2024\/12\/zoe-freddy-08-scaled.jpg 1920w\" sizes=\"auto, (max-width: 768px) 100vw, 768px\" \/><\/figure>\n<\/figure>\n\n\n\n<p>Was zum Schluss nat\u00fcrlich noch erw\u00e4hnt werden muss, sind die Fu\u00dfballspiele des Joven-Esperanza Teams, die abends unter der Woche stattfinden. Freddy und ich, aber auch die anderen Educadores, haben sehr viel Spa\u00df daran, den Kindern bei ihren Spielen zuzugucken. Da h\u00e4ufig die Familie nicht da ist, freuen sich die Kinder umso mehr, wenn wir sie tatkr\u00e4ftig anfeuern. Obwohl erst drei Monate vergangen sind, haben wir hier schon vieles erlebt und gesehen und genie\u00dfen die Arbeit mit den Kindern sehr. Wir freuen uns auf jeden Fall auf die folgende Zeit, denn Weihnachten steht schon vor der T\u00fcr, sodass schon allerlei neue Projekte anliegen.<\/p>\n\n\n\n<p>Hasta luego!<br>Zo\u00e9 &amp; Freddy<\/p>","protected":false},"excerpt":{"rendered":"<p>Hola! Hier sind Zo\u00e9 und Freddy. Wir sind die aktuellen Freiwilligen von Crece y Sue\u00f1a und arbeiten hier seit September. Ich (Zo\u00e9) bin zwar schon einen Monat l\u00e4nger da, aber wir sind mittlerweile trotzdem ein sehr gutes Team geworden. Zusammen unterst\u00fctzen wir Fabiola und helfen den Erst- bis Drittkl\u00e4sslern bei der Bew\u00e4ltigung ihrer Hausaufgaben (meistens [&hellip;]<\/p>","protected":false},"author":3,"featured_media":4289,"comment_status":"closed","ping_status":"open","sticky":false,"template":"","format":"standard","meta":{"_uag_custom_page_level_css":"","site-sidebar-layout":"default","site-content-layout":"","ast-site-content-layout":"default","site-content-style":"default","site-sidebar-style":"default","ast-global-header-display":"","ast-banner-title-visibility":"","ast-main-header-display":"","ast-hfb-above-header-display":"","ast-hfb-below-header-display":"","ast-hfb-mobile-header-display":"","site-post-title":"","ast-breadcrumbs-content":"","ast-featured-img":"","footer-sml-layout":"","theme-transparent-header-meta":"","adv-header-id-meta":"","stick-header-meta":"","header-above-stick-meta":"","header-main-stick-meta":"","header-below-stick-meta":"","astra-migrate-meta-layouts":"set","ast-page-background-enabled":"default","ast-page-background-meta":{"desktop":{"background-color":"var(--ast-global-color-4)","background-image":"","background-repeat":"repeat","background-position":"center center","background-size":"auto","background-attachment":"scroll","background-type":"","background-media":"","overlay-type":"","overlay-color":"","overlay-gradient":""},"tablet":{"background-color":"","background-image":"","background-repeat":"repeat","background-position":"center center","background-size":"auto","background-attachment":"scroll","background-type":"","background-media":"","overlay-type":"","overlay-color":"","overlay-gradient":""},"mobile":{"background-color":"","background-image":"","background-repeat":"repeat","background-position":"center center","background-size":"auto","background-attachment":"scroll","background-type":"","background-media":"","overlay-type":"","overlay-color":"","overlay-gradient":""}},"ast-content-background-meta":{"desktop":{"background-color":"var(--ast-global-color-5)","background-image":"","background-repeat":"repeat","background-position":"center center","background-size":"auto","background-attachment":"scroll","background-type":"","background-media":"","overlay-type":"","overlay-color":"","overlay-gradient":""},"tablet":{"background-color":"var(--ast-global-color-5)","background-image":"","background-repeat":"repeat","background-position":"center center","background-size":"auto","background-attachment":"scroll","background-type":"","background-media":"","overlay-type":"","overlay-color":"","overlay-gradient":""},"mobile":{"background-color":"var(--ast-global-color-5)","background-image":"","background-repeat":"repeat","background-position":"center center","background-size":"auto","background-attachment":"scroll","background-type":"","background-media":"","overlay-type":"","overlay-color":"","overlay-gradient":""}},"footnotes":""},"categories":[12],"tags":[],"class_list":["post-4283","post","type-post","status-publish","format-standard","has-post-thumbnail","hentry","category-news"],"yoast_head":"<!-- This site is optimized with the Yoast SEO plugin v25.0 - https:\/\/yoast.com\/wordpress\/plugins\/seo\/ -->\n<title>Zo\u00e9 und Freddy \u00fcber den Alltag in Camiri - Joven Esperanza e.V.<\/title>\n<meta name=\"robots\" content=\"index, follow, max-snippet:-1, max-image-preview:large, max-video-preview:-1\" \/>\n<link rel=\"canonical\" href=\"https:\/\/joven-esperanza.de\/es\/blog\/zoe-und-freddy-ueber-den-alltag-in-camiri\/\" \/>\n<meta property=\"og:locale\" content=\"es_ES\" \/>\n<meta property=\"og:type\" content=\"article\" \/>\n<meta property=\"og:title\" content=\"Zo\u00e9 und Freddy \u00fcber den Alltag in Camiri - Joven Esperanza e.V.\" \/>\n<meta property=\"og:description\" content=\"Hola! Hier sind Zo\u00e9 und Freddy. Wir sind die aktuellen Freiwilligen von Crece y Sue\u00f1a und arbeiten hier seit September. Ich (Zo\u00e9) bin zwar schon einen Monat l\u00e4nger da, aber wir sind mittlerweile trotzdem ein sehr gutes Team geworden. Zusammen unterst\u00fctzen wir Fabiola und helfen den Erst- bis Drittkl\u00e4sslern bei der Bew\u00e4ltigung ihrer Hausaufgaben (meistens [&hellip;]\" \/>\n<meta property=\"og:url\" content=\"https:\/\/joven-esperanza.de\/es\/blog\/zoe-und-freddy-ueber-den-alltag-in-camiri\/\" \/>\n<meta property=\"og:site_name\" content=\"Joven Esperanza e.V.\" \/>\n<meta property=\"article:publisher\" content=\"https:\/\/www.facebook.com\/JovenEsperanza\" \/>\n<meta property=\"article:published_time\" content=\"2024-12-01T18:00:51+00:00\" \/>\n<meta property=\"article:modified_time\" content=\"2024-12-01T18:00:53+00:00\" \/>\n<meta property=\"og:image\" content=\"https:\/\/joven-esperanza.de\/wp-content\/uploads\/2024\/12\/zoe-freddy-05-scaled.jpg\" \/>\n\t<meta property=\"og:image:width\" content=\"2560\" \/>\n\t<meta property=\"og:image:height\" content=\"1920\" \/>\n\t<meta property=\"og:image:type\" content=\"image\/jpeg\" \/>\n<meta name=\"author\" content=\"David Wenderdel\" \/>\n<meta name=\"twitter:card\" content=\"summary_large_image\" \/>\n<meta name=\"twitter:label1\" content=\"Written by\" \/>\n\t<meta name=\"twitter:data1\" content=\"David Wenderdel\" \/>\n\t<meta name=\"twitter:label2\" content=\"Est. reading time\" \/>\n\t<meta name=\"twitter:data2\" content=\"6 minutes\" \/>\n<script type=\"application\/ld+json\" class=\"yoast-schema-graph\">{\"@context\":\"https:\/\/schema.org\",\"@graph\":[{\"@type\":\"Article\",\"@id\":\"https:\/\/joven-esperanza.de\/blog\/zoe-und-freddy-ueber-den-alltag-in-camiri\/#article\",\"isPartOf\":{\"@id\":\"https:\/\/joven-esperanza.de\/blog\/zoe-und-freddy-ueber-den-alltag-in-camiri\/\"},\"author\":{\"name\":\"David Wenderdel\",\"@id\":\"https:\/\/joven-esperanza.de\/#\/schema\/person\/7ac668b14b29e886249d6ed166cb07fb\"},\"headline\":\"Zo\u00e9 und Freddy \u00fcber den Alltag in Camiri\",\"datePublished\":\"2024-12-01T18:00:51+00:00\",\"dateModified\":\"2024-12-01T18:00:53+00:00\",\"mainEntityOfPage\":{\"@id\":\"https:\/\/joven-esperanza.de\/blog\/zoe-und-freddy-ueber-den-alltag-in-camiri\/\"},\"wordCount\":622,\"publisher\":{\"@id\":\"https:\/\/joven-esperanza.de\/#organization\"},\"image\":{\"@id\":\"https:\/\/joven-esperanza.de\/blog\/zoe-und-freddy-ueber-den-alltag-in-camiri\/#primaryimage\"},\"thumbnailUrl\":\"https:\/\/joven-esperanza.de\/wp-content\/uploads\/2024\/12\/zoe-freddy-05-scaled.jpg\",\"articleSection\":[\"News\"],\"inLanguage\":\"es-BO\"},{\"@type\":\"WebPage\",\"@id\":\"https:\/\/joven-esperanza.de\/blog\/zoe-und-freddy-ueber-den-alltag-in-camiri\/\",\"url\":\"https:\/\/joven-esperanza.de\/blog\/zoe-und-freddy-ueber-den-alltag-in-camiri\/\",\"name\":\"Zo\u00e9 und Freddy \u00fcber den Alltag in Camiri - Joven Esperanza e.V.\",\"isPartOf\":{\"@id\":\"https:\/\/joven-esperanza.de\/#website\"},\"primaryImageOfPage\":{\"@id\":\"https:\/\/joven-esperanza.de\/blog\/zoe-und-freddy-ueber-den-alltag-in-camiri\/#primaryimage\"},\"image\":{\"@id\":\"https:\/\/joven-esperanza.de\/blog\/zoe-und-freddy-ueber-den-alltag-in-camiri\/#primaryimage\"},\"thumbnailUrl\":\"https:\/\/joven-esperanza.de\/wp-content\/uploads\/2024\/12\/zoe-freddy-05-scaled.jpg\",\"datePublished\":\"2024-12-01T18:00:51+00:00\",\"dateModified\":\"2024-12-01T18:00:53+00:00\",\"breadcrumb\":{\"@id\":\"https:\/\/joven-esperanza.de\/blog\/zoe-und-freddy-ueber-den-alltag-in-camiri\/#breadcrumb\"},\"inLanguage\":\"es-BO\",\"potentialAction\":[{\"@type\":\"ReadAction\",\"target\":[\"https:\/\/joven-esperanza.de\/blog\/zoe-und-freddy-ueber-den-alltag-in-camiri\/\"]}]},{\"@type\":\"ImageObject\",\"inLanguage\":\"es-BO\",\"@id\":\"https:\/\/joven-esperanza.de\/blog\/zoe-und-freddy-ueber-den-alltag-in-camiri\/#primaryimage\",\"url\":\"https:\/\/joven-esperanza.de\/wp-content\/uploads\/2024\/12\/zoe-freddy-05-scaled.jpg\",\"contentUrl\":\"https:\/\/joven-esperanza.de\/wp-content\/uploads\/2024\/12\/zoe-freddy-05-scaled.jpg\",\"width\":2560,\"height\":1920},{\"@type\":\"BreadcrumbList\",\"@id\":\"https:\/\/joven-esperanza.de\/blog\/zoe-und-freddy-ueber-den-alltag-in-camiri\/#breadcrumb\",\"itemListElement\":[{\"@type\":\"ListItem\",\"position\":1,\"name\":\"Startseite\",\"item\":\"https:\/\/joven-esperanza.de\/\"},{\"@type\":\"ListItem\",\"position\":2,\"name\":\"Zo\u00e9 und Freddy \u00fcber den Alltag in Camiri\"}]},{\"@type\":\"WebSite\",\"@id\":\"https:\/\/joven-esperanza.de\/#website\",\"url\":\"https:\/\/joven-esperanza.de\/\",\"name\":\"Joven Esperanza e.V.\",\"description\":\"Kindern in Camiri eine Zukunft bieten\",\"publisher\":{\"@id\":\"https:\/\/joven-esperanza.de\/#organization\"},\"potentialAction\":[{\"@type\":\"SearchAction\",\"target\":{\"@type\":\"EntryPoint\",\"urlTemplate\":\"https:\/\/joven-esperanza.de\/?s={search_term_string}\"},\"query-input\":{\"@type\":\"PropertyValueSpecification\",\"valueRequired\":true,\"valueName\":\"search_term_string\"}}],\"inLanguage\":\"es-BO\"},{\"@type\":\"Organization\",\"@id\":\"https:\/\/joven-esperanza.de\/#organization\",\"name\":\"Joven Esperanza e.V.\",\"url\":\"https:\/\/joven-esperanza.de\/\",\"logo\":{\"@type\":\"ImageObject\",\"inLanguage\":\"es-BO\",\"@id\":\"https:\/\/joven-esperanza.de\/#\/schema\/logo\/image\/\",\"url\":\"https:\/\/joven-esperanza.de\/wp-content\/uploads\/2024\/02\/joven-esperanza.png\",\"contentUrl\":\"https:\/\/joven-esperanza.de\/wp-content\/uploads\/2024\/02\/joven-esperanza.png\",\"width\":4738,\"height\":1324,\"caption\":\"Joven Esperanza e.V.\"},\"image\":{\"@id\":\"https:\/\/joven-esperanza.de\/#\/schema\/logo\/image\/\"},\"sameAs\":[\"https:\/\/www.facebook.com\/JovenEsperanza\",\"https:\/\/www.instagram.com\/joven_esperanza_ev\/\",\"https:\/\/www.linkedin.com\/company\/joven-esperanza-e.v.\/\",\"https:\/\/www.youtube.com\/@joven.esperanza\"]},{\"@type\":\"Person\",\"@id\":\"https:\/\/joven-esperanza.de\/#\/schema\/person\/7ac668b14b29e886249d6ed166cb07fb\",\"name\":\"David Wenderdel\",\"image\":{\"@type\":\"ImageObject\",\"inLanguage\":\"es-BO\",\"@id\":\"https:\/\/joven-esperanza.de\/#\/schema\/person\/image\/\",\"url\":\"https:\/\/secure.gravatar.com\/avatar\/a84e178dcd509d154e59dbb782776b40f93e163b49b8e76ae7f4128cfac0ed38?s=96&d=mm&r=g\",\"contentUrl\":\"https:\/\/secure.gravatar.com\/avatar\/a84e178dcd509d154e59dbb782776b40f93e163b49b8e76ae7f4128cfac0ed38?s=96&d=mm&r=g\",\"caption\":\"David Wenderdel\"}}]}<\/script>\n<!-- \/ Yoast SEO plugin. -->","yoast_head_json":{"title":"Zo\u00e9 und Freddy \u00fcber den Alltag in Camiri - Joven Esperanza e.V.","robots":{"index":"index","follow":"follow","max-snippet":"max-snippet:-1","max-image-preview":"max-image-preview:large","max-video-preview":"max-video-preview:-1"},"canonical":"https:\/\/joven-esperanza.de\/es\/blog\/zoe-und-freddy-ueber-den-alltag-in-camiri\/","og_locale":"es_ES","og_type":"article","og_title":"Zo\u00e9 und Freddy \u00fcber den Alltag in Camiri - Joven Esperanza e.V.","og_description":"Hola! Hier sind Zo\u00e9 und Freddy. Wir sind die aktuellen Freiwilligen von Crece y Sue\u00f1a und arbeiten hier seit September. Ich (Zo\u00e9) bin zwar schon einen Monat l\u00e4nger da, aber wir sind mittlerweile trotzdem ein sehr gutes Team geworden. Zusammen unterst\u00fctzen wir Fabiola und helfen den Erst- bis Drittkl\u00e4sslern bei der Bew\u00e4ltigung ihrer Hausaufgaben (meistens [&hellip;]","og_url":"https:\/\/joven-esperanza.de\/es\/blog\/zoe-und-freddy-ueber-den-alltag-in-camiri\/","og_site_name":"Joven Esperanza e.V.","article_publisher":"https:\/\/www.facebook.com\/JovenEsperanza","article_published_time":"2024-12-01T18:00:51+00:00","article_modified_time":"2024-12-01T18:00:53+00:00","og_image":[{"width":2560,"height":1920,"url":"https:\/\/joven-esperanza.de\/wp-content\/uploads\/2024\/12\/zoe-freddy-05-scaled.jpg","type":"image\/jpeg"}],"author":"David Wenderdel","twitter_card":"summary_large_image","twitter_misc":{"Written by":"David Wenderdel","Est. reading time":"6 minutes"},"schema":{"@context":"https:\/\/schema.org","@graph":[{"@type":"Article","@id":"https:\/\/joven-esperanza.de\/blog\/zoe-und-freddy-ueber-den-alltag-in-camiri\/#article","isPartOf":{"@id":"https:\/\/joven-esperanza.de\/blog\/zoe-und-freddy-ueber-den-alltag-in-camiri\/"},"author":{"name":"David Wenderdel","@id":"https:\/\/joven-esperanza.de\/#\/schema\/person\/7ac668b14b29e886249d6ed166cb07fb"},"headline":"Zo\u00e9 und Freddy \u00fcber den Alltag in Camiri","datePublished":"2024-12-01T18:00:51+00:00","dateModified":"2024-12-01T18:00:53+00:00","mainEntityOfPage":{"@id":"https:\/\/joven-esperanza.de\/blog\/zoe-und-freddy-ueber-den-alltag-in-camiri\/"},"wordCount":622,"publisher":{"@id":"https:\/\/joven-esperanza.de\/#organization"},"image":{"@id":"https:\/\/joven-esperanza.de\/blog\/zoe-und-freddy-ueber-den-alltag-in-camiri\/#primaryimage"},"thumbnailUrl":"https:\/\/joven-esperanza.de\/wp-content\/uploads\/2024\/12\/zoe-freddy-05-scaled.jpg","articleSection":["News"],"inLanguage":"es-BO"},{"@type":"WebPage","@id":"https:\/\/joven-esperanza.de\/blog\/zoe-und-freddy-ueber-den-alltag-in-camiri\/","url":"https:\/\/joven-esperanza.de\/blog\/zoe-und-freddy-ueber-den-alltag-in-camiri\/","name":"Zo\u00e9 und Freddy \u00fcber den Alltag in Camiri - Joven Esperanza e.V.","isPartOf":{"@id":"https:\/\/joven-esperanza.de\/#website"},"primaryImageOfPage":{"@id":"https:\/\/joven-esperanza.de\/blog\/zoe-und-freddy-ueber-den-alltag-in-camiri\/#primaryimage"},"image":{"@id":"https:\/\/joven-esperanza.de\/blog\/zoe-und-freddy-ueber-den-alltag-in-camiri\/#primaryimage"},"thumbnailUrl":"https:\/\/joven-esperanza.de\/wp-content\/uploads\/2024\/12\/zoe-freddy-05-scaled.jpg","datePublished":"2024-12-01T18:00:51+00:00","dateModified":"2024-12-01T18:00:53+00:00","breadcrumb":{"@id":"https:\/\/joven-esperanza.de\/blog\/zoe-und-freddy-ueber-den-alltag-in-camiri\/#breadcrumb"},"inLanguage":"es-BO","potentialAction":[{"@type":"ReadAction","target":["https:\/\/joven-esperanza.de\/blog\/zoe-und-freddy-ueber-den-alltag-in-camiri\/"]}]},{"@type":"ImageObject","inLanguage":"es-BO","@id":"https:\/\/joven-esperanza.de\/blog\/zoe-und-freddy-ueber-den-alltag-in-camiri\/#primaryimage","url":"https:\/\/joven-esperanza.de\/wp-content\/uploads\/2024\/12\/zoe-freddy-05-scaled.jpg","contentUrl":"https:\/\/joven-esperanza.de\/wp-content\/uploads\/2024\/12\/zoe-freddy-05-scaled.jpg","width":2560,"height":1920},{"@type":"BreadcrumbList","@id":"https:\/\/joven-esperanza.de\/blog\/zoe-und-freddy-ueber-den-alltag-in-camiri\/#breadcrumb","itemListElement":[{"@type":"ListItem","position":1,"name":"Startseite","item":"https:\/\/joven-esperanza.de\/"},{"@type":"ListItem","position":2,"name":"Zo\u00e9 und Freddy \u00fcber den Alltag in Camiri"}]},{"@type":"WebSite","@id":"https:\/\/joven-esperanza.de\/#website","url":"https:\/\/joven-esperanza.de\/","name":"Joven Esperanza e.V.","description":"Kindern in Camiri eine Zukunft bieten","publisher":{"@id":"https:\/\/joven-esperanza.de\/#organization"},"potentialAction":[{"@type":"SearchAction","target":{"@type":"EntryPoint","urlTemplate":"https:\/\/joven-esperanza.de\/?s={search_term_string}"},"query-input":{"@type":"PropertyValueSpecification","valueRequired":true,"valueName":"search_term_string"}}],"inLanguage":"es-BO"},{"@type":"Organization","@id":"https:\/\/joven-esperanza.de\/#organization","name":"Joven Esperanza e.V.","url":"https:\/\/joven-esperanza.de\/","logo":{"@type":"ImageObject","inLanguage":"es-BO","@id":"https:\/\/joven-esperanza.de\/#\/schema\/logo\/image\/","url":"https:\/\/joven-esperanza.de\/wp-content\/uploads\/2024\/02\/joven-esperanza.png","contentUrl":"https:\/\/joven-esperanza.de\/wp-content\/uploads\/2024\/02\/joven-esperanza.png","width":4738,"height":1324,"caption":"Joven Esperanza e.V."},"image":{"@id":"https:\/\/joven-esperanza.de\/#\/schema\/logo\/image\/"},"sameAs":["https:\/\/www.facebook.com\/JovenEsperanza","https:\/\/www.instagram.com\/joven_esperanza_ev\/","https:\/\/www.linkedin.com\/company\/joven-esperanza-e.v.\/","https:\/\/www.youtube.com\/@joven.esperanza"]},{"@type":"Person","@id":"https:\/\/joven-esperanza.de\/#\/schema\/person\/7ac668b14b29e886249d6ed166cb07fb","name":"David Wenderdel","image":{"@type":"ImageObject","inLanguage":"es-BO","@id":"https:\/\/joven-esperanza.de\/#\/schema\/person\/image\/","url":"https:\/\/secure.gravatar.com\/avatar\/a84e178dcd509d154e59dbb782776b40f93e163b49b8e76ae7f4128cfac0ed38?s=96&d=mm&r=g","contentUrl":"https:\/\/secure.gravatar.com\/avatar\/a84e178dcd509d154e59dbb782776b40f93e163b49b8e76ae7f4128cfac0ed38?s=96&d=mm&r=g","caption":"David Wenderdel"}}]}},"uagb_featured_image_src":{"full":["https:\/\/joven-esperanza.de\/wp-content\/uploads\/2024\/12\/zoe-freddy-05-scaled.jpg",2560,1920,false],"thumbnail":["https:\/\/joven-esperanza.de\/wp-content\/uploads\/2024\/12\/zoe-freddy-05-150x150.jpg",150,150,true],"medium":["https:\/\/joven-esperanza.de\/wp-content\/uploads\/2024\/12\/zoe-freddy-05-300x225.jpg",300,225,true],"medium_large":["https:\/\/joven-esperanza.de\/wp-content\/uploads\/2024\/12\/zoe-freddy-05-768x576.jpg",768,576,true],"large":["https:\/\/joven-esperanza.de\/wp-content\/uploads\/2024\/12\/zoe-freddy-05-1024x768.jpg",1024,768,true],"1536x1536":["https:\/\/joven-esperanza.de\/wp-content\/uploads\/2024\/12\/zoe-freddy-05-1536x1152.jpg",1536,1152,true],"2048x2048":["https:\/\/joven-esperanza.de\/wp-content\/uploads\/2024\/12\/zoe-freddy-05-2048x1536.jpg",2048,1536,true],"trp-custom-language-flag":["https:\/\/joven-esperanza.de\/wp-content\/uploads\/2024\/12\/zoe-freddy-05-16x12.jpg",16,12,true]},"uagb_author_info":{"display_name":"David Wenderdel","author_link":"https:\/\/joven-esperanza.de\/es\/blog\/author\/david\/"},"uagb_comment_info":0,"uagb_excerpt":"Hola! Hier sind Zo\u00e9 und Freddy. Wir sind die aktuellen Freiwilligen von Crece y Sue\u00f1a und arbeiten hier seit September. Ich (Zo\u00e9) bin zwar schon einen Monat l\u00e4nger da, aber wir sind mittlerweile trotzdem ein sehr gutes Team geworden. Zusammen unterst\u00fctzen wir Fabiola und helfen den Erst- bis Drittkl\u00e4sslern bei der Bew\u00e4ltigung ihrer Hausaufgaben (meistens&hellip;","_links":{"self":[{"href":"https:\/\/joven-esperanza.de\/es\/wp-json\/wp\/v2\/posts\/4283","targetHints":{"allow":["GET"]}}],"collection":[{"href":"https:\/\/joven-esperanza.de\/es\/wp-json\/wp\/v2\/posts"}],"about":[{"href":"https:\/\/joven-esperanza.de\/es\/wp-json\/wp\/v2\/types\/post"}],"author":[{"embeddable":true,"href":"https:\/\/joven-esperanza.de\/es\/wp-json\/wp\/v2\/users\/3"}],"replies":[{"embeddable":true,"href":"https:\/\/joven-esperanza.de\/es\/wp-json\/wp\/v2\/comments?post=4283"}],"version-history":[{"count":1,"href":"https:\/\/joven-esperanza.de\/es\/wp-json\/wp\/v2\/posts\/4283\/revisions"}],"predecessor-version":[{"id":4295,"href":"https:\/\/joven-esperanza.de\/es\/wp-json\/wp\/v2\/posts\/4283\/revisions\/4295"}],"wp:featuredmedia":[{"embeddable":true,"href":"https:\/\/joven-esperanza.de\/es\/wp-json\/wp\/v2\/media\/4289"}],"wp:attachment":[{"href":"https:\/\/joven-esperanza.de\/es\/wp-json\/wp\/v2\/media?parent=4283"}],"wp:term":[{"taxonomy":"category","embeddable":true,"href":"https:\/\/joven-esperanza.de\/es\/wp-json\/wp\/v2\/categories?post=4283"},{"taxonomy":"post_tag","embeddable":true,"href":"https:\/\/joven-esperanza.de\/es\/wp-json\/wp\/v2\/tags?post=4283"}],"curies":[{"name":"wp","href":"https:\/\/api.w.org\/{rel}","templated":true}]}}