{"id":4318,"date":"2024-12-04T17:20:09","date_gmt":"2024-12-04T17:20:09","guid":{"rendered":"https:\/\/joven-esperanza.de\/?p=4318"},"modified":"2024-12-04T17:34:00","modified_gmt":"2024-12-04T17:34:00","slug":"patenschaften","status":"publish","type":"post","link":"https:\/\/joven-esperanza.de\/es\/blog\/patenschaften\/","title":{"rendered":"Patenschaften"},"content":{"rendered":"<p>Liebe Freundinnen und Freunde von Joven Esperanza!<\/p>\n\n\n\n<p>Wir konnten 2022 mit der Hilfe vieler Unterst\u00fctzenden unser eigenes Haus in Camiri erwerben &#8211; ein Traum wurde wahr!<\/p>\n\n\n\n<p>Seit dem Erwerb wurde viel um- und ausgebaut, um das Haus besser f\u00fcr unsere Zwecke nutzen zu k\u00f6nnen. Bald schon wird auch das neue Sanit\u00e4rhaus mit WCs und Duschen fertiggestellt sein. Wir haben mehr Platz und die M\u00f6glichkeit, weitere Kinder im Projekt unterzubringen. Allerdings k\u00f6nnen wir das aus den laufenden Vereinsbeitr\u00e4gen allein nicht leisten.<\/p>\n\n\n\n<p>Schon \u00f6fter wurde der Wunsch an uns herangetragen, eine&nbsp;Patenschaft&nbsp;f\u00fcr eines unserer Kinder im Projekt \u00fcbernehmen zu k\u00f6nnen. Wir haben diesen Gedanken aufgegriffen und bieten dir zwei M\u00f6glichkeiten der Unterst\u00fctzung an.<\/p>\n\n\n\n<div class=\"wp-block-uagb-tabs uagb-block-8c7ab339 uagb-tabs__wrap uagb-tabs__hstyle3-desktop uagb-tabs__vstyle6-tablet uagb-tabs__stack1-mobile\" data-tab-active=\"0\"><ul class=\"uagb-tabs__panel uagb-tabs__align-center\" role=\"tablist\"><li class=\"uagb-tab uagb-tabs__active\" role=\"none\"><a href=\"#uagb-tabs__tab0\" class=\"uagb-tabs-list uagb-tabs__icon-position-left\" data-tab=\"0\" role=\"tab\"><div>M\u00f6glichkeit 1: Patenschaft f\u00fcr ein Kind<\/div><\/a><\/li><li class=\"uagb-tab\" role=\"none\"><a href=\"#uagb-tabs__tab1\" class=\"uagb-tabs-list uagb-tabs__icon-position-left\" data-tab=\"1\" role=\"tab\"><div>M\u00f6glichkeit 2: Patenschaft f\u00fcr ein Stipendium<\/div><\/a><\/li><\/ul><div class=\"uagb-tabs__body-wrap\">\n<div class=\"wp-block-uagb-tabs-child uagb-tabs__body-container uagb-inner-tab-0\" aria-labelledby=\"uagb-tabs__tab0\">\n<p>Du kannst die\u00a0Patenschaft\u00a0f\u00fcr ein Kind \u00fcbernehmen. Aus den vielen Anfragen suchen unsere Erzieher:innen jedes Jahr sorgf\u00e4ltig Kinder aus, die unser Projekt besuchen d\u00fcrfen. Durch Hausbesuche erfahren sie von der Situation der Familie vor Ort und k\u00f6nnen entscheiden, ob eine Teilnahme auch von der Entfernung zum Projekt her m\u00f6glich ist. F\u00fcr die Familien bedeutet es eine gro\u00dfe Entlastung, wenn sie ihr Kind bei uns gut untergebracht wissen.<\/p>\n\n\n\n<div class=\"wp-block-uagb-buttons uagb-buttons__outer-wrap uagb-btn__default-btn uagb-btn-tablet__default-btn uagb-btn-mobile__default-btn uagb-block-f9b95822\"><div class=\"uagb-buttons__wrap uagb-buttons-layout-wrap\">\n<div class=\"wp-block-uagb-buttons-child uagb-buttons__outer-wrap uagb-block-6f3f422a wp-block-button\"><div class=\"uagb-button__wrapper\"><a class=\"uagb-buttons-repeater wp-block-button__link\" aria-label=\"\" href=\"https:\/\/joven-esperanza.de\/es\/patenschaft\/kind\/\" rel=\"follow noopener\" target=\"_self\"><div class=\"uagb-button__link\">M\u00e1s informaci\u00f3n<\/div><span class=\"uagb-button__icon uagb-button__icon-position-after\"><svg xmlns=\"https:\/\/www.w3.org\/2000\/svg\" viewbox=\"0 0 320 512\" aria-hidden=\"true\" focussable=\"false\"><path d=\"M96 480c-8.188 0-16.38-3.125-22.62-9.375c-12.5-12.5-12.5-32.75 0-45.25L242.8 256L73.38 86.63c-12.5-12.5-12.5-32.75 0-45.25s32.75-12.5 45.25 0l192 192c12.5 12.5 12.5 32.75 0 45.25l-192 192C112.4 476.9 104.2 480 96 480z\"><\/path><\/svg><\/span><\/a><\/div><\/div>\n<\/div><\/div>\n<\/div>\n\n\n\n<div class=\"wp-block-uagb-tabs-child uagb-tabs__body-container uagb-inner-tab-1\" aria-labelledby=\"uagb-tabs__tab1\">\n<p>Joven Esperanza setzt sich seit nunmehr zehn Jahren f\u00fcr die Bildung der Kinder in Camiri ein. Dieses Engagement tr\u00e4gt seine ersten Fr\u00fcchte! Wir haben einige Schulabsolventen mit \u00fcberdurchschnittlichen Leistungen und gro\u00dfem Lerninteresse. Diese w\u00fcrden wir gerne mit einem Stipendium f\u00fcr ihre weitere Ausbildung unterst\u00fctzen. <\/p>\n\n\n\n<div class=\"wp-block-uagb-buttons uagb-buttons__outer-wrap uagb-btn__default-btn uagb-btn-tablet__default-btn uagb-btn-mobile__default-btn uagb-block-dca8e69a\"><div class=\"uagb-buttons__wrap uagb-buttons-layout-wrap\">\n<div class=\"wp-block-uagb-buttons-child uagb-buttons__outer-wrap uagb-block-0bdb4860 wp-block-button\"><div class=\"uagb-button__wrapper\"><a class=\"uagb-buttons-repeater wp-block-button__link\" aria-label=\"\" href=\"https:\/\/joven-esperanza.de\/es\/patenschaft\/stipendium\/\" rel=\"follow noopener\" target=\"_self\"><div class=\"uagb-button__link\">M\u00e1s informaci\u00f3n<\/div><span class=\"uagb-button__icon uagb-button__icon-position-after\"><svg xmlns=\"https:\/\/www.w3.org\/2000\/svg\" viewbox=\"0 0 320 512\" aria-hidden=\"true\" focussable=\"false\"><path d=\"M96 480c-8.188 0-16.38-3.125-22.62-9.375c-12.5-12.5-12.5-32.75 0-45.25L242.8 256L73.38 86.63c-12.5-12.5-12.5-32.75 0-45.25s32.75-12.5 45.25 0l192 192c12.5 12.5 12.5 32.75 0 45.25l-192 192C112.4 476.9 104.2 480 96 480z\"><\/path><\/svg><\/span><\/a><\/div><\/div>\n<\/div><\/div>\n<\/div>\n<\/div><\/div>\n\n\n\n<p>Solltest du noch weitere Fragen haben oder dir Informationen fehlen, melde dich gerne bei uns!<\/p>\n\n\n\n<p>Gerne m\u00f6chten wir die Unterst\u00fctzung auf breite Schultern stellen und Firmen und Unternehmen unsere Patenprojekte vorstellen. Bist du oder deine Firma an der \u00dcbernahme einer&nbsp;Patenschaft&nbsp;interessiert? Dein Team im Job k\u00f6nnte interessiert sein? Kennst du Unternehmen, die sich sozial engagieren oder Interesse daran haben und die wir ansprechen k\u00f6nnen?&nbsp;Hast du Kontakt zum Rotary oder Lions Club oder kannst uns einen vermitteln? Im Kindergarten oder der Schule deines Kindes kannst du dir die \u00dcbernahme einer&nbsp;Patenschaft&nbsp;durch die Gruppe oder Klasse vorstellen? Deine Kirchengemeinde unterst\u00fctzt auch weltliche Projekte?<\/p>\n\n\n\n<p>Wir freuen uns auf deine R\u00fcckmeldung!<\/p>","protected":false},"excerpt":{"rendered":"<p>Liebe Freundinnen und Freunde von Joven Esperanza! Wir konnten 2022 mit der Hilfe vieler Unterst\u00fctzenden unser eigenes Haus in Camiri erwerben &#8211; ein Traum wurde wahr! Seit dem Erwerb wurde viel um- und ausgebaut, um das Haus besser f\u00fcr unsere Zwecke nutzen zu k\u00f6nnen. Bald schon wird auch das neue Sanit\u00e4rhaus mit WCs und Duschen [&hellip;]<\/p>","protected":false},"author":3,"featured_media":3494,"comment_status":"closed","ping_status":"open","sticky":false,"template":"","format":"standard","meta":{"_uag_custom_page_level_css":"","site-sidebar-layout":"default","site-content-layout":"","ast-site-content-layout":"default","site-content-style":"default","site-sidebar-style":"default","ast-global-header-display":"","ast-banner-title-visibility":"","ast-main-header-display":"","ast-hfb-above-header-display":"","ast-hfb-below-header-display":"","ast-hfb-mobile-header-display":"","site-post-title":"","ast-breadcrumbs-content":"","ast-featured-img":"","footer-sml-layout":"","theme-transparent-header-meta":"","adv-header-id-meta":"","stick-header-meta":"","header-above-stick-meta":"","header-main-stick-meta":"","header-below-stick-meta":"","astra-migrate-meta-layouts":"set","ast-page-background-enabled":"default","ast-page-background-meta":{"desktop":{"background-color":"var(--ast-global-color-4)","background-image":"","background-repeat":"repeat","background-position":"center center","background-size":"auto","background-attachment":"scroll","background-type":"","background-media":"","overlay-type":"","overlay-color":"","overlay-gradient":""},"tablet":{"background-color":"","background-image":"","background-repeat":"repeat","background-position":"center center","background-size":"auto","background-attachment":"scroll","background-type":"","background-media":"","overlay-type":"","overlay-color":"","overlay-gradient":""},"mobile":{"background-color":"","background-image":"","background-repeat":"repeat","background-position":"center center","background-size":"auto","background-attachment":"scroll","background-type":"","background-media":"","overlay-type":"","overlay-color":"","overlay-gradient":""}},"ast-content-background-meta":{"desktop":{"background-color":"var(--ast-global-color-5)","background-image":"","background-repeat":"repeat","background-position":"center center","background-size":"auto","background-attachment":"scroll","background-type":"","background-media":"","overlay-type":"","overlay-color":"","overlay-gradient":""},"tablet":{"background-color":"var(--ast-global-color-5)","background-image":"","background-repeat":"repeat","background-position":"center center","background-size":"auto","background-attachment":"scroll","background-type":"","background-media":"","overlay-type":"","overlay-color":"","overlay-gradient":""},"mobile":{"background-color":"var(--ast-global-color-5)","background-image":"","background-repeat":"repeat","background-position":"center center","background-size":"auto","background-attachment":"scroll","background-type":"","background-media":"","overlay-type":"","overlay-color":"","overlay-gradient":""}},"footnotes":""},"categories":[12],"tags":[],"class_list":["post-4318","post","type-post","status-publish","format-standard","has-post-thumbnail","hentry","category-news"],"yoast_head":"<!-- This site is optimized with the Yoast SEO plugin v25.0 - https:\/\/yoast.com\/wordpress\/plugins\/seo\/ -->\n<title>Patenschaften - Joven Esperanza e.V.<\/title>\n<meta name=\"robots\" content=\"index, follow, max-snippet:-1, max-image-preview:large, max-video-preview:-1\" \/>\n<link rel=\"canonical\" href=\"https:\/\/joven-esperanza.de\/es\/blog\/patenschaften\/\" \/>\n<meta property=\"og:locale\" content=\"es_ES\" \/>\n<meta property=\"og:type\" content=\"article\" \/>\n<meta property=\"og:title\" content=\"Patenschaften - Joven Esperanza e.V.\" \/>\n<meta property=\"og:description\" content=\"Liebe Freundinnen und Freunde von Joven Esperanza! Wir konnten 2022 mit der Hilfe vieler Unterst\u00fctzenden unser eigenes Haus in Camiri erwerben &#8211; ein Traum wurde wahr! Seit dem Erwerb wurde viel um- und ausgebaut, um das Haus besser f\u00fcr unsere Zwecke nutzen zu k\u00f6nnen. Bald schon wird auch das neue Sanit\u00e4rhaus mit WCs und Duschen [&hellip;]\" \/>\n<meta property=\"og:url\" content=\"https:\/\/joven-esperanza.de\/es\/blog\/patenschaften\/\" \/>\n<meta property=\"og:site_name\" content=\"Joven Esperanza e.V.\" \/>\n<meta property=\"article:publisher\" content=\"https:\/\/www.facebook.com\/JovenEsperanza\" \/>\n<meta property=\"article:published_time\" content=\"2024-12-04T17:20:09+00:00\" \/>\n<meta property=\"article:modified_time\" content=\"2024-12-04T17:34:00+00:00\" \/>\n<meta property=\"og:image\" content=\"https:\/\/joven-esperanza.de\/wp-content\/uploads\/2024\/02\/gemeinschaft-1024x768.jpg\" \/>\n\t<meta property=\"og:image:width\" content=\"1024\" \/>\n\t<meta property=\"og:image:height\" content=\"768\" \/>\n\t<meta property=\"og:image:type\" content=\"image\/jpeg\" \/>\n<meta name=\"author\" content=\"David Wenderdel\" \/>\n<meta name=\"twitter:card\" content=\"summary_large_image\" \/>\n<meta name=\"twitter:label1\" content=\"Written by\" \/>\n\t<meta name=\"twitter:data1\" content=\"David Wenderdel\" \/>\n\t<meta name=\"twitter:label2\" content=\"Est. reading time\" \/>\n\t<meta name=\"twitter:data2\" content=\"3 minutes\" \/>\n<script type=\"application\/ld+json\" class=\"yoast-schema-graph\">{\"@context\":\"https:\/\/schema.org\",\"@graph\":[{\"@type\":\"Article\",\"@id\":\"https:\/\/joven-esperanza.de\/blog\/patenschaften\/#article\",\"isPartOf\":{\"@id\":\"https:\/\/joven-esperanza.de\/blog\/patenschaften\/\"},\"author\":{\"name\":\"David Wenderdel\",\"@id\":\"https:\/\/joven-esperanza.de\/#\/schema\/person\/7ac668b14b29e886249d6ed166cb07fb\"},\"headline\":\"Patenschaften\",\"datePublished\":\"2024-12-04T17:20:09+00:00\",\"dateModified\":\"2024-12-04T17:34:00+00:00\",\"mainEntityOfPage\":{\"@id\":\"https:\/\/joven-esperanza.de\/blog\/patenschaften\/\"},\"wordCount\":391,\"publisher\":{\"@id\":\"https:\/\/joven-esperanza.de\/#organization\"},\"image\":{\"@id\":\"https:\/\/joven-esperanza.de\/blog\/patenschaften\/#primaryimage\"},\"thumbnailUrl\":\"https:\/\/joven-esperanza.de\/wp-content\/uploads\/2024\/02\/gemeinschaft.jpg\",\"articleSection\":[\"News\"],\"inLanguage\":\"es-BO\"},{\"@type\":\"WebPage\",\"@id\":\"https:\/\/joven-esperanza.de\/blog\/patenschaften\/\",\"url\":\"https:\/\/joven-esperanza.de\/blog\/patenschaften\/\",\"name\":\"Patenschaften - Joven Esperanza e.V.\",\"isPartOf\":{\"@id\":\"https:\/\/joven-esperanza.de\/#website\"},\"primaryImageOfPage\":{\"@id\":\"https:\/\/joven-esperanza.de\/blog\/patenschaften\/#primaryimage\"},\"image\":{\"@id\":\"https:\/\/joven-esperanza.de\/blog\/patenschaften\/#primaryimage\"},\"thumbnailUrl\":\"https:\/\/joven-esperanza.de\/wp-content\/uploads\/2024\/02\/gemeinschaft.jpg\",\"datePublished\":\"2024-12-04T17:20:09+00:00\",\"dateModified\":\"2024-12-04T17:34:00+00:00\",\"breadcrumb\":{\"@id\":\"https:\/\/joven-esperanza.de\/blog\/patenschaften\/#breadcrumb\"},\"inLanguage\":\"es-BO\",\"potentialAction\":[{\"@type\":\"ReadAction\",\"target\":[\"https:\/\/joven-esperanza.de\/blog\/patenschaften\/\"]}]},{\"@type\":\"ImageObject\",\"inLanguage\":\"es-BO\",\"@id\":\"https:\/\/joven-esperanza.de\/blog\/patenschaften\/#primaryimage\",\"url\":\"https:\/\/joven-esperanza.de\/wp-content\/uploads\/2024\/02\/gemeinschaft.jpg\",\"contentUrl\":\"https:\/\/joven-esperanza.de\/wp-content\/uploads\/2024\/02\/gemeinschaft.jpg\",\"width\":1920,\"height\":1440},{\"@type\":\"BreadcrumbList\",\"@id\":\"https:\/\/joven-esperanza.de\/blog\/patenschaften\/#breadcrumb\",\"itemListElement\":[{\"@type\":\"ListItem\",\"position\":1,\"name\":\"Startseite\",\"item\":\"https:\/\/joven-esperanza.de\/\"},{\"@type\":\"ListItem\",\"position\":2,\"name\":\"Patenschaften\"}]},{\"@type\":\"WebSite\",\"@id\":\"https:\/\/joven-esperanza.de\/#website\",\"url\":\"https:\/\/joven-esperanza.de\/\",\"name\":\"Joven Esperanza e.V.\",\"description\":\"Kindern in Camiri eine Zukunft bieten\",\"publisher\":{\"@id\":\"https:\/\/joven-esperanza.de\/#organization\"},\"potentialAction\":[{\"@type\":\"SearchAction\",\"target\":{\"@type\":\"EntryPoint\",\"urlTemplate\":\"https:\/\/joven-esperanza.de\/?s={search_term_string}\"},\"query-input\":{\"@type\":\"PropertyValueSpecification\",\"valueRequired\":true,\"valueName\":\"search_term_string\"}}],\"inLanguage\":\"es-BO\"},{\"@type\":\"Organization\",\"@id\":\"https:\/\/joven-esperanza.de\/#organization\",\"name\":\"Joven Esperanza e.V.\",\"url\":\"https:\/\/joven-esperanza.de\/\",\"logo\":{\"@type\":\"ImageObject\",\"inLanguage\":\"es-BO\",\"@id\":\"https:\/\/joven-esperanza.de\/#\/schema\/logo\/image\/\",\"url\":\"https:\/\/joven-esperanza.de\/wp-content\/uploads\/2024\/02\/joven-esperanza.png\",\"contentUrl\":\"https:\/\/joven-esperanza.de\/wp-content\/uploads\/2024\/02\/joven-esperanza.png\",\"width\":4738,\"height\":1324,\"caption\":\"Joven Esperanza e.V.\"},\"image\":{\"@id\":\"https:\/\/joven-esperanza.de\/#\/schema\/logo\/image\/\"},\"sameAs\":[\"https:\/\/www.facebook.com\/JovenEsperanza\",\"https:\/\/www.instagram.com\/joven_esperanza_ev\/\",\"https:\/\/www.linkedin.com\/company\/joven-esperanza-e.v.\/\",\"https:\/\/www.youtube.com\/@joven.esperanza\"]},{\"@type\":\"Person\",\"@id\":\"https:\/\/joven-esperanza.de\/#\/schema\/person\/7ac668b14b29e886249d6ed166cb07fb\",\"name\":\"David Wenderdel\",\"image\":{\"@type\":\"ImageObject\",\"inLanguage\":\"es-BO\",\"@id\":\"https:\/\/joven-esperanza.de\/#\/schema\/person\/image\/\",\"url\":\"https:\/\/secure.gravatar.com\/avatar\/a84e178dcd509d154e59dbb782776b40f93e163b49b8e76ae7f4128cfac0ed38?s=96&d=mm&r=g\",\"contentUrl\":\"https:\/\/secure.gravatar.com\/avatar\/a84e178dcd509d154e59dbb782776b40f93e163b49b8e76ae7f4128cfac0ed38?s=96&d=mm&r=g\",\"caption\":\"David Wenderdel\"}}]}<\/script>\n<!-- \/ Yoast SEO plugin. -->","yoast_head_json":{"title":"Patenschaften - Joven Esperanza e.V.","robots":{"index":"index","follow":"follow","max-snippet":"max-snippet:-1","max-image-preview":"max-image-preview:large","max-video-preview":"max-video-preview:-1"},"canonical":"https:\/\/joven-esperanza.de\/es\/blog\/patenschaften\/","og_locale":"es_ES","og_type":"article","og_title":"Patenschaften - Joven Esperanza e.V.","og_description":"Liebe Freundinnen und Freunde von Joven Esperanza! Wir konnten 2022 mit der Hilfe vieler Unterst\u00fctzenden unser eigenes Haus in Camiri erwerben &#8211; ein Traum wurde wahr! Seit dem Erwerb wurde viel um- und ausgebaut, um das Haus besser f\u00fcr unsere Zwecke nutzen zu k\u00f6nnen. Bald schon wird auch das neue Sanit\u00e4rhaus mit WCs und Duschen [&hellip;]","og_url":"https:\/\/joven-esperanza.de\/es\/blog\/patenschaften\/","og_site_name":"Joven Esperanza e.V.","article_publisher":"https:\/\/www.facebook.com\/JovenEsperanza","article_published_time":"2024-12-04T17:20:09+00:00","article_modified_time":"2024-12-04T17:34:00+00:00","og_image":[{"width":1024,"height":768,"url":"https:\/\/joven-esperanza.de\/wp-content\/uploads\/2024\/02\/gemeinschaft-1024x768.jpg","type":"image\/jpeg"}],"author":"David Wenderdel","twitter_card":"summary_large_image","twitter_misc":{"Written by":"David Wenderdel","Est. reading time":"3 minutes"},"schema":{"@context":"https:\/\/schema.org","@graph":[{"@type":"Article","@id":"https:\/\/joven-esperanza.de\/blog\/patenschaften\/#article","isPartOf":{"@id":"https:\/\/joven-esperanza.de\/blog\/patenschaften\/"},"author":{"name":"David Wenderdel","@id":"https:\/\/joven-esperanza.de\/#\/schema\/person\/7ac668b14b29e886249d6ed166cb07fb"},"headline":"Patenschaften","datePublished":"2024-12-04T17:20:09+00:00","dateModified":"2024-12-04T17:34:00+00:00","mainEntityOfPage":{"@id":"https:\/\/joven-esperanza.de\/blog\/patenschaften\/"},"wordCount":391,"publisher":{"@id":"https:\/\/joven-esperanza.de\/#organization"},"image":{"@id":"https:\/\/joven-esperanza.de\/blog\/patenschaften\/#primaryimage"},"thumbnailUrl":"https:\/\/joven-esperanza.de\/wp-content\/uploads\/2024\/02\/gemeinschaft.jpg","articleSection":["News"],"inLanguage":"es-BO"},{"@type":"WebPage","@id":"https:\/\/joven-esperanza.de\/blog\/patenschaften\/","url":"https:\/\/joven-esperanza.de\/blog\/patenschaften\/","name":"Patenschaften - Joven Esperanza e.V.","isPartOf":{"@id":"https:\/\/joven-esperanza.de\/#website"},"primaryImageOfPage":{"@id":"https:\/\/joven-esperanza.de\/blog\/patenschaften\/#primaryimage"},"image":{"@id":"https:\/\/joven-esperanza.de\/blog\/patenschaften\/#primaryimage"},"thumbnailUrl":"https:\/\/joven-esperanza.de\/wp-content\/uploads\/2024\/02\/gemeinschaft.jpg","datePublished":"2024-12-04T17:20:09+00:00","dateModified":"2024-12-04T17:34:00+00:00","breadcrumb":{"@id":"https:\/\/joven-esperanza.de\/blog\/patenschaften\/#breadcrumb"},"inLanguage":"es-BO","potentialAction":[{"@type":"ReadAction","target":["https:\/\/joven-esperanza.de\/blog\/patenschaften\/"]}]},{"@type":"ImageObject","inLanguage":"es-BO","@id":"https:\/\/joven-esperanza.de\/blog\/patenschaften\/#primaryimage","url":"https:\/\/joven-esperanza.de\/wp-content\/uploads\/2024\/02\/gemeinschaft.jpg","contentUrl":"https:\/\/joven-esperanza.de\/wp-content\/uploads\/2024\/02\/gemeinschaft.jpg","width":1920,"height":1440},{"@type":"BreadcrumbList","@id":"https:\/\/joven-esperanza.de\/blog\/patenschaften\/#breadcrumb","itemListElement":[{"@type":"ListItem","position":1,"name":"Startseite","item":"https:\/\/joven-esperanza.de\/"},{"@type":"ListItem","position":2,"name":"Patenschaften"}]},{"@type":"WebSite","@id":"https:\/\/joven-esperanza.de\/#website","url":"https:\/\/joven-esperanza.de\/","name":"Joven Esperanza e.V.","description":"Kindern in Camiri eine Zukunft bieten","publisher":{"@id":"https:\/\/joven-esperanza.de\/#organization"},"potentialAction":[{"@type":"SearchAction","target":{"@type":"EntryPoint","urlTemplate":"https:\/\/joven-esperanza.de\/?s={search_term_string}"},"query-input":{"@type":"PropertyValueSpecification","valueRequired":true,"valueName":"search_term_string"}}],"inLanguage":"es-BO"},{"@type":"Organization","@id":"https:\/\/joven-esperanza.de\/#organization","name":"Joven Esperanza e.V.","url":"https:\/\/joven-esperanza.de\/","logo":{"@type":"ImageObject","inLanguage":"es-BO","@id":"https:\/\/joven-esperanza.de\/#\/schema\/logo\/image\/","url":"https:\/\/joven-esperanza.de\/wp-content\/uploads\/2024\/02\/joven-esperanza.png","contentUrl":"https:\/\/joven-esperanza.de\/wp-content\/uploads\/2024\/02\/joven-esperanza.png","width":4738,"height":1324,"caption":"Joven Esperanza e.V."},"image":{"@id":"https:\/\/joven-esperanza.de\/#\/schema\/logo\/image\/"},"sameAs":["https:\/\/www.facebook.com\/JovenEsperanza","https:\/\/www.instagram.com\/joven_esperanza_ev\/","https:\/\/www.linkedin.com\/company\/joven-esperanza-e.v.\/","https:\/\/www.youtube.com\/@joven.esperanza"]},{"@type":"Person","@id":"https:\/\/joven-esperanza.de\/#\/schema\/person\/7ac668b14b29e886249d6ed166cb07fb","name":"David Wenderdel","image":{"@type":"ImageObject","inLanguage":"es-BO","@id":"https:\/\/joven-esperanza.de\/#\/schema\/person\/image\/","url":"https:\/\/secure.gravatar.com\/avatar\/a84e178dcd509d154e59dbb782776b40f93e163b49b8e76ae7f4128cfac0ed38?s=96&d=mm&r=g","contentUrl":"https:\/\/secure.gravatar.com\/avatar\/a84e178dcd509d154e59dbb782776b40f93e163b49b8e76ae7f4128cfac0ed38?s=96&d=mm&r=g","caption":"David Wenderdel"}}]}},"uagb_featured_image_src":{"full":["https:\/\/joven-esperanza.de\/wp-content\/uploads\/2024\/02\/gemeinschaft.jpg",1920,1440,false],"thumbnail":["https:\/\/joven-esperanza.de\/wp-content\/uploads\/2024\/02\/gemeinschaft-150x150.jpg",150,150,true],"medium":["https:\/\/joven-esperanza.de\/wp-content\/uploads\/2024\/02\/gemeinschaft-300x225.jpg",300,225,true],"medium_large":["https:\/\/joven-esperanza.de\/wp-content\/uploads\/2024\/02\/gemeinschaft-768x576.jpg",768,576,true],"large":["https:\/\/joven-esperanza.de\/wp-content\/uploads\/2024\/02\/gemeinschaft-1024x768.jpg",1024,768,true],"1536x1536":["https:\/\/joven-esperanza.de\/wp-content\/uploads\/2024\/02\/gemeinschaft-1536x1152.jpg",1536,1152,true],"2048x2048":["https:\/\/joven-esperanza.de\/wp-content\/uploads\/2024\/02\/gemeinschaft.jpg",1920,1440,false],"trp-custom-language-flag":["https:\/\/joven-esperanza.de\/wp-content\/uploads\/2024\/02\/gemeinschaft.jpg",16,12,false]},"uagb_author_info":{"display_name":"David Wenderdel","author_link":"https:\/\/joven-esperanza.de\/es\/blog\/author\/david\/"},"uagb_comment_info":0,"uagb_excerpt":"Liebe Freundinnen und Freunde von Joven Esperanza! Wir konnten 2022 mit der Hilfe vieler Unterst\u00fctzenden unser eigenes Haus in Camiri erwerben &#8211; ein Traum wurde wahr! Seit dem Erwerb wurde viel um- und ausgebaut, um das Haus besser f\u00fcr unsere Zwecke nutzen zu k\u00f6nnen. Bald schon wird auch das neue Sanit\u00e4rhaus mit WCs und Duschen&hellip;","_links":{"self":[{"href":"https:\/\/joven-esperanza.de\/es\/wp-json\/wp\/v2\/posts\/4318","targetHints":{"allow":["GET"]}}],"collection":[{"href":"https:\/\/joven-esperanza.de\/es\/wp-json\/wp\/v2\/posts"}],"about":[{"href":"https:\/\/joven-esperanza.de\/es\/wp-json\/wp\/v2\/types\/post"}],"author":[{"embeddable":true,"href":"https:\/\/joven-esperanza.de\/es\/wp-json\/wp\/v2\/users\/3"}],"replies":[{"embeddable":true,"href":"https:\/\/joven-esperanza.de\/es\/wp-json\/wp\/v2\/comments?post=4318"}],"version-history":[{"count":5,"href":"https:\/\/joven-esperanza.de\/es\/wp-json\/wp\/v2\/posts\/4318\/revisions"}],"predecessor-version":[{"id":4331,"href":"https:\/\/joven-esperanza.de\/es\/wp-json\/wp\/v2\/posts\/4318\/revisions\/4331"}],"wp:featuredmedia":[{"embeddable":true,"href":"https:\/\/joven-esperanza.de\/es\/wp-json\/wp\/v2\/media\/3494"}],"wp:attachment":[{"href":"https:\/\/joven-esperanza.de\/es\/wp-json\/wp\/v2\/media?parent=4318"}],"wp:term":[{"taxonomy":"category","embeddable":true,"href":"https:\/\/joven-esperanza.de\/es\/wp-json\/wp\/v2\/categories?post=4318"},{"taxonomy":"post_tag","embeddable":true,"href":"https:\/\/joven-esperanza.de\/es\/wp-json\/wp\/v2\/tags?post=4318"}],"curies":[{"name":"wp","href":"https:\/\/api.w.org\/{rel}","templated":true}]}}