{"id":4334,"date":"2025-02-22T08:55:56","date_gmt":"2025-02-22T08:55:56","guid":{"rendered":"https:\/\/joven-esperanza.de\/?p=4334"},"modified":"2025-02-26T13:30:51","modified_gmt":"2025-02-26T13:30:51","slug":"einladung-zur-mitgliederversammlung-2025","status":"publish","type":"post","link":"https:\/\/joven-esperanza.de\/es\/blog\/einladung-zur-mitgliederversammlung-2025\/","title":{"rendered":"Einladung zur Mitgliederversammlung 2025"},"content":{"rendered":"<p>Liebes Mitglied, liebe*r Unterst\u00fctzer*in von Joven Esperanza,<\/p>\n\n\n\n<p>das Jahr 2024 war f\u00fcr uns wieder voller spannender Entwicklungen! Besonders erfreulich ist die Gr\u00fcndung der neuen bolivianischen Stiftung \u201eCrece y Sue\u00f1a\u201c (CyS). \u00c4hnlich wie unser Verein setzt sie sich daf\u00fcr ein, Kindern und Jugendlichen in Camiri (Bolivien) durch Bildung, Ern\u00e4hrung und Gesundheitsf\u00f6rderung bessere Zukunftsperspektiven zu erm\u00f6glichen. Unser Verein \u00fcbernimmt dabei eine wichtige Rolle: Als Vizepr\u00e4sidentschaft im Stiftungsrat von CyS sind wir direkt an den Entwicklungen beteiligt und begleiten die Stiftung auf ihrem Weg zu mehr Eigenst\u00e4ndigkeit und Unabh\u00e4ngigkeit.<\/p>\n\n\n\n<p>Au\u00dferdem hat in Bolivien gerade das neue Schuljahr begonnen. Dank des gro\u00dfen Projekthauses und dem zugeh\u00f6rigen Anbau sowie unseren neu gebauten sanit\u00e4ren Anlagen k\u00f6nnen wir den Kindern eine (noch) bessere Betreuung erm\u00f6glichen.<\/p>\n\n\n\n<p>Diese und viele weitere spannende Entwicklungen, sowohl in Bolivien als auch hier in Deutschland, m\u00f6chten wir gern mit dir teilen. Deshalb laden wir dich herzlich zu unserer kommenden Mitgliederversammlung ein:<\/p>\n\n\n\n<p><strong>Am Samstag, 29. M\u00e4rz 2025 um 14 Uhr<br>in der Begegnungsst\u00e4tte Bergstedt e.V., Bergstedter Chaussee 203, 22395 Hamburg<\/strong><\/p>\n\n\n\n<p>Oder alternativ online \u00fcber die Kommunikationsplattform \u201eZoom\u201c unter dem folgenden Link:<br><a href=\"https:\/\/uni-wh-de.zoom.us\/j\/83509704979?pwd=Jp4Q1rvmNd1cyg9QUTkruJ9Ebun6Ei.1\">https:\/\/uni-wh-de.zoom.us\/j\/83509704979?pwd=Jp4Q1rvmNd1cyg9QUTkruJ9Ebun6Ei.1<\/a><br>Meeting-ID: 835 0970 4979<br>Kenncode: joven<\/p>\n\n\n\n<p>Wie immer sind wir gespannt auf eure Fragen, Ideen und Anst\u00f6\u00dfe und freuen uns auf einen regen Austausch \u2013 sei es pers\u00f6nlich vor Ort oder \u00fcber die Onlineteilnahmefunktionen.<\/p>\n\n\n\n<p>Die Mitgliederversammlung wird \u00f6ffentlich sein, das hei\u00dft, auch G\u00e4ste, die nicht Mitglied sind, sind herzlich willkommen. <strong><strong>Wir freuen uns sehr \u00fcber neue Gesichter, die mehr \u00fcber unsere Arbeit erfahren m\u00f6chten! Bringt gern Familie, Freunde und Bekannte mit.<\/strong> <a href=\"https:\/\/joven-esperanza.de\/wp-content\/uploads\/2025\/02\/Mitgliederversammlung-2025_compressed-1.pdf\" target=\"_blank\" rel=\"noreferrer noopener\">Die Einladung findest du hier<\/a> und kannst sie gerne teilen.<\/strong> Die Versammlung wird \u201ehybrid\u201c ablaufen, du kannst also in Pr\u00e4senz oder \u00fcber Zoom teilnehmen.\u00a0<\/p>\n\n\n\n<p><strong>Wir planen ca. 1,5 Stunden f\u00fcr den offiziellen Teil der Mitgliederversammlung einschlie\u00dflich einer Pause. Danach wird Zeit sein sich bei Kaffee und Kuchen auszutauschen.&nbsp;<\/strong><\/p>\n\n\n\n<p>\u00dcber eine unverbindliche R\u00fcckmeldung bis zum 16.03.2025 an <a href=\"mailto:info@joven-esperanza.de\">info@joven-esperanza.de<\/a> w\u00e4ren wir dir aus Planungsgr\u00fcnden sehr dankbar.<\/p>\n\n\n\n<p>Allen, die \u00fcber die Online-Version an der Veranstaltung teilnehmen m\u00f6chten, empfehlen wir das kostenlose Programm \u201eZoom\u201c im Vorfeld auf eurem Computer zu installieren. F\u00fcr Smartphones und Tablets gibt es eine Zoom-App.<\/p>\n\n\n\n<p><strong>Wir freuen uns auf dich!<\/strong><\/p>","protected":false},"excerpt":{"rendered":"<p>Liebes Mitglied, liebe*r Unterst\u00fctzer*in von Joven Esperanza, das Jahr 2024 war f\u00fcr uns wieder voller spannender Entwicklungen! Besonders erfreulich ist die Gr\u00fcndung der neuen bolivianischen Stiftung \u201eCrece y Sue\u00f1a\u201c (CyS). \u00c4hnlich wie unser Verein setzt sie sich daf\u00fcr ein, Kindern und Jugendlichen in Camiri (Bolivien) durch Bildung, Ern\u00e4hrung und Gesundheitsf\u00f6rderung bessere Zukunftsperspektiven zu erm\u00f6glichen. Unser [&hellip;]<\/p>","protected":false},"author":3,"featured_media":3858,"comment_status":"closed","ping_status":"open","sticky":false,"template":"","format":"standard","meta":{"_uag_custom_page_level_css":"","site-sidebar-layout":"default","site-content-layout":"","ast-site-content-layout":"default","site-content-style":"default","site-sidebar-style":"default","ast-global-header-display":"","ast-banner-title-visibility":"","ast-main-header-display":"","ast-hfb-above-header-display":"","ast-hfb-below-header-display":"","ast-hfb-mobile-header-display":"","site-post-title":"","ast-breadcrumbs-content":"","ast-featured-img":"","footer-sml-layout":"","theme-transparent-header-meta":"","adv-header-id-meta":"","stick-header-meta":"","header-above-stick-meta":"","header-main-stick-meta":"","header-below-stick-meta":"","astra-migrate-meta-layouts":"set","ast-page-background-enabled":"default","ast-page-background-meta":{"desktop":{"background-color":"var(--ast-global-color-4)","background-image":"","background-repeat":"repeat","background-position":"center center","background-size":"auto","background-attachment":"scroll","background-type":"","background-media":"","overlay-type":"","overlay-color":"","overlay-gradient":""},"tablet":{"background-color":"","background-image":"","background-repeat":"repeat","background-position":"center center","background-size":"auto","background-attachment":"scroll","background-type":"","background-media":"","overlay-type":"","overlay-color":"","overlay-gradient":""},"mobile":{"background-color":"","background-image":"","background-repeat":"repeat","background-position":"center center","background-size":"auto","background-attachment":"scroll","background-type":"","background-media":"","overlay-type":"","overlay-color":"","overlay-gradient":""}},"ast-content-background-meta":{"desktop":{"background-color":"var(--ast-global-color-5)","background-image":"","background-repeat":"repeat","background-position":"center center","background-size":"auto","background-attachment":"scroll","background-type":"","background-media":"","overlay-type":"","overlay-color":"","overlay-gradient":""},"tablet":{"background-color":"var(--ast-global-color-5)","background-image":"","background-repeat":"repeat","background-position":"center center","background-size":"auto","background-attachment":"scroll","background-type":"","background-media":"","overlay-type":"","overlay-color":"","overlay-gradient":""},"mobile":{"background-color":"var(--ast-global-color-5)","background-image":"","background-repeat":"repeat","background-position":"center center","background-size":"auto","background-attachment":"scroll","background-type":"","background-media":"","overlay-type":"","overlay-color":"","overlay-gradient":""}},"footnotes":""},"categories":[12],"tags":[],"class_list":["post-4334","post","type-post","status-publish","format-standard","has-post-thumbnail","hentry","category-news"],"yoast_head":"<!-- This site is optimized with the Yoast SEO plugin v25.0 - https:\/\/yoast.com\/wordpress\/plugins\/seo\/ -->\n<title>Einladung zur Mitgliederversammlung 2025 - Joven Esperanza e.V.<\/title>\n<meta name=\"robots\" content=\"index, follow, max-snippet:-1, max-image-preview:large, max-video-preview:-1\" \/>\n<link rel=\"canonical\" href=\"https:\/\/joven-esperanza.de\/es\/blog\/einladung-zur-mitgliederversammlung-2025\/\" \/>\n<meta property=\"og:locale\" content=\"es_ES\" \/>\n<meta property=\"og:type\" content=\"article\" \/>\n<meta property=\"og:title\" content=\"Einladung zur Mitgliederversammlung 2025 - Joven Esperanza e.V.\" \/>\n<meta property=\"og:description\" content=\"Liebes Mitglied, liebe*r Unterst\u00fctzer*in von Joven Esperanza, das Jahr 2024 war f\u00fcr uns wieder voller spannender Entwicklungen! Besonders erfreulich ist die Gr\u00fcndung der neuen bolivianischen Stiftung \u201eCrece y Sue\u00f1a\u201c (CyS). \u00c4hnlich wie unser Verein setzt sie sich daf\u00fcr ein, Kindern und Jugendlichen in Camiri (Bolivien) durch Bildung, Ern\u00e4hrung und Gesundheitsf\u00f6rderung bessere Zukunftsperspektiven zu erm\u00f6glichen. Unser [&hellip;]\" \/>\n<meta property=\"og:url\" content=\"https:\/\/joven-esperanza.de\/es\/blog\/einladung-zur-mitgliederversammlung-2025\/\" \/>\n<meta property=\"og:site_name\" content=\"Joven Esperanza e.V.\" \/>\n<meta property=\"article:publisher\" content=\"https:\/\/www.facebook.com\/JovenEsperanza\" \/>\n<meta property=\"article:published_time\" content=\"2025-02-22T08:55:56+00:00\" \/>\n<meta property=\"article:modified_time\" content=\"2025-02-26T13:30:51+00:00\" \/>\n<meta property=\"og:image\" content=\"https:\/\/joven-esperanza.de\/wp-content\/uploads\/2024\/03\/joven-11-scaled.jpg\" \/>\n\t<meta property=\"og:image:width\" content=\"1920\" \/>\n\t<meta property=\"og:image:height\" content=\"2560\" \/>\n\t<meta property=\"og:image:type\" content=\"image\/jpeg\" \/>\n<meta name=\"author\" content=\"David Wenderdel\" \/>\n<meta name=\"twitter:card\" content=\"summary_large_image\" \/>\n<meta name=\"twitter:label1\" content=\"Written by\" \/>\n\t<meta name=\"twitter:data1\" content=\"David Wenderdel\" \/>\n\t<meta name=\"twitter:label2\" content=\"Est. reading time\" \/>\n\t<meta name=\"twitter:data2\" content=\"3 minutes\" \/>\n<script type=\"application\/ld+json\" class=\"yoast-schema-graph\">{\"@context\":\"https:\/\/schema.org\",\"@graph\":[{\"@type\":\"Article\",\"@id\":\"https:\/\/joven-esperanza.de\/blog\/einladung-zur-mitgliederversammlung-2025\/#article\",\"isPartOf\":{\"@id\":\"https:\/\/joven-esperanza.de\/blog\/einladung-zur-mitgliederversammlung-2025\/\"},\"author\":{\"name\":\"David Wenderdel\",\"@id\":\"https:\/\/joven-esperanza.de\/#\/schema\/person\/7ac668b14b29e886249d6ed166cb07fb\"},\"headline\":\"Einladung zur Mitgliederversammlung 2025\",\"datePublished\":\"2025-02-22T08:55:56+00:00\",\"dateModified\":\"2025-02-26T13:30:51+00:00\",\"mainEntityOfPage\":{\"@id\":\"https:\/\/joven-esperanza.de\/blog\/einladung-zur-mitgliederversammlung-2025\/\"},\"wordCount\":390,\"publisher\":{\"@id\":\"https:\/\/joven-esperanza.de\/#organization\"},\"image\":{\"@id\":\"https:\/\/joven-esperanza.de\/blog\/einladung-zur-mitgliederversammlung-2025\/#primaryimage\"},\"thumbnailUrl\":\"https:\/\/joven-esperanza.de\/wp-content\/uploads\/2024\/03\/joven-11-scaled.jpg\",\"articleSection\":[\"News\"],\"inLanguage\":\"es-BO\"},{\"@type\":\"WebPage\",\"@id\":\"https:\/\/joven-esperanza.de\/blog\/einladung-zur-mitgliederversammlung-2025\/\",\"url\":\"https:\/\/joven-esperanza.de\/blog\/einladung-zur-mitgliederversammlung-2025\/\",\"name\":\"Einladung zur Mitgliederversammlung 2025 - Joven Esperanza e.V.\",\"isPartOf\":{\"@id\":\"https:\/\/joven-esperanza.de\/#website\"},\"primaryImageOfPage\":{\"@id\":\"https:\/\/joven-esperanza.de\/blog\/einladung-zur-mitgliederversammlung-2025\/#primaryimage\"},\"image\":{\"@id\":\"https:\/\/joven-esperanza.de\/blog\/einladung-zur-mitgliederversammlung-2025\/#primaryimage\"},\"thumbnailUrl\":\"https:\/\/joven-esperanza.de\/wp-content\/uploads\/2024\/03\/joven-11-scaled.jpg\",\"datePublished\":\"2025-02-22T08:55:56+00:00\",\"dateModified\":\"2025-02-26T13:30:51+00:00\",\"breadcrumb\":{\"@id\":\"https:\/\/joven-esperanza.de\/blog\/einladung-zur-mitgliederversammlung-2025\/#breadcrumb\"},\"inLanguage\":\"es-BO\",\"potentialAction\":[{\"@type\":\"ReadAction\",\"target\":[\"https:\/\/joven-esperanza.de\/blog\/einladung-zur-mitgliederversammlung-2025\/\"]}]},{\"@type\":\"ImageObject\",\"inLanguage\":\"es-BO\",\"@id\":\"https:\/\/joven-esperanza.de\/blog\/einladung-zur-mitgliederversammlung-2025\/#primaryimage\",\"url\":\"https:\/\/joven-esperanza.de\/wp-content\/uploads\/2024\/03\/joven-11-scaled.jpg\",\"contentUrl\":\"https:\/\/joven-esperanza.de\/wp-content\/uploads\/2024\/03\/joven-11-scaled.jpg\",\"width\":1920,\"height\":2560},{\"@type\":\"BreadcrumbList\",\"@id\":\"https:\/\/joven-esperanza.de\/blog\/einladung-zur-mitgliederversammlung-2025\/#breadcrumb\",\"itemListElement\":[{\"@type\":\"ListItem\",\"position\":1,\"name\":\"Startseite\",\"item\":\"https:\/\/joven-esperanza.de\/\"},{\"@type\":\"ListItem\",\"position\":2,\"name\":\"Einladung zur Mitgliederversammlung 2025\"}]},{\"@type\":\"WebSite\",\"@id\":\"https:\/\/joven-esperanza.de\/#website\",\"url\":\"https:\/\/joven-esperanza.de\/\",\"name\":\"Joven Esperanza e.V.\",\"description\":\"Kindern in Camiri eine Zukunft bieten\",\"publisher\":{\"@id\":\"https:\/\/joven-esperanza.de\/#organization\"},\"potentialAction\":[{\"@type\":\"SearchAction\",\"target\":{\"@type\":\"EntryPoint\",\"urlTemplate\":\"https:\/\/joven-esperanza.de\/?s={search_term_string}\"},\"query-input\":{\"@type\":\"PropertyValueSpecification\",\"valueRequired\":true,\"valueName\":\"search_term_string\"}}],\"inLanguage\":\"es-BO\"},{\"@type\":\"Organization\",\"@id\":\"https:\/\/joven-esperanza.de\/#organization\",\"name\":\"Joven Esperanza e.V.\",\"url\":\"https:\/\/joven-esperanza.de\/\",\"logo\":{\"@type\":\"ImageObject\",\"inLanguage\":\"es-BO\",\"@id\":\"https:\/\/joven-esperanza.de\/#\/schema\/logo\/image\/\",\"url\":\"https:\/\/joven-esperanza.de\/wp-content\/uploads\/2024\/02\/joven-esperanza.png\",\"contentUrl\":\"https:\/\/joven-esperanza.de\/wp-content\/uploads\/2024\/02\/joven-esperanza.png\",\"width\":4738,\"height\":1324,\"caption\":\"Joven Esperanza e.V.\"},\"image\":{\"@id\":\"https:\/\/joven-esperanza.de\/#\/schema\/logo\/image\/\"},\"sameAs\":[\"https:\/\/www.facebook.com\/JovenEsperanza\",\"https:\/\/www.instagram.com\/joven_esperanza_ev\/\",\"https:\/\/www.linkedin.com\/company\/joven-esperanza-e.v.\/\",\"https:\/\/www.youtube.com\/@joven.esperanza\"]},{\"@type\":\"Person\",\"@id\":\"https:\/\/joven-esperanza.de\/#\/schema\/person\/7ac668b14b29e886249d6ed166cb07fb\",\"name\":\"David Wenderdel\",\"image\":{\"@type\":\"ImageObject\",\"inLanguage\":\"es-BO\",\"@id\":\"https:\/\/joven-esperanza.de\/#\/schema\/person\/image\/\",\"url\":\"https:\/\/secure.gravatar.com\/avatar\/a84e178dcd509d154e59dbb782776b40f93e163b49b8e76ae7f4128cfac0ed38?s=96&d=mm&r=g\",\"contentUrl\":\"https:\/\/secure.gravatar.com\/avatar\/a84e178dcd509d154e59dbb782776b40f93e163b49b8e76ae7f4128cfac0ed38?s=96&d=mm&r=g\",\"caption\":\"David Wenderdel\"}}]}<\/script>\n<!-- \/ Yoast SEO plugin. -->","yoast_head_json":{"title":"Einladung zur Mitgliederversammlung 2025 - Joven Esperanza e.V.","robots":{"index":"index","follow":"follow","max-snippet":"max-snippet:-1","max-image-preview":"max-image-preview:large","max-video-preview":"max-video-preview:-1"},"canonical":"https:\/\/joven-esperanza.de\/es\/blog\/einladung-zur-mitgliederversammlung-2025\/","og_locale":"es_ES","og_type":"article","og_title":"Einladung zur Mitgliederversammlung 2025 - Joven Esperanza e.V.","og_description":"Liebes Mitglied, liebe*r Unterst\u00fctzer*in von Joven Esperanza, das Jahr 2024 war f\u00fcr uns wieder voller spannender Entwicklungen! Besonders erfreulich ist die Gr\u00fcndung der neuen bolivianischen Stiftung \u201eCrece y Sue\u00f1a\u201c (CyS). \u00c4hnlich wie unser Verein setzt sie sich daf\u00fcr ein, Kindern und Jugendlichen in Camiri (Bolivien) durch Bildung, Ern\u00e4hrung und Gesundheitsf\u00f6rderung bessere Zukunftsperspektiven zu erm\u00f6glichen. Unser [&hellip;]","og_url":"https:\/\/joven-esperanza.de\/es\/blog\/einladung-zur-mitgliederversammlung-2025\/","og_site_name":"Joven Esperanza e.V.","article_publisher":"https:\/\/www.facebook.com\/JovenEsperanza","article_published_time":"2025-02-22T08:55:56+00:00","article_modified_time":"2025-02-26T13:30:51+00:00","og_image":[{"width":1920,"height":2560,"url":"https:\/\/joven-esperanza.de\/wp-content\/uploads\/2024\/03\/joven-11-scaled.jpg","type":"image\/jpeg"}],"author":"David Wenderdel","twitter_card":"summary_large_image","twitter_misc":{"Written by":"David Wenderdel","Est. reading time":"3 minutes"},"schema":{"@context":"https:\/\/schema.org","@graph":[{"@type":"Article","@id":"https:\/\/joven-esperanza.de\/blog\/einladung-zur-mitgliederversammlung-2025\/#article","isPartOf":{"@id":"https:\/\/joven-esperanza.de\/blog\/einladung-zur-mitgliederversammlung-2025\/"},"author":{"name":"David Wenderdel","@id":"https:\/\/joven-esperanza.de\/#\/schema\/person\/7ac668b14b29e886249d6ed166cb07fb"},"headline":"Einladung zur Mitgliederversammlung 2025","datePublished":"2025-02-22T08:55:56+00:00","dateModified":"2025-02-26T13:30:51+00:00","mainEntityOfPage":{"@id":"https:\/\/joven-esperanza.de\/blog\/einladung-zur-mitgliederversammlung-2025\/"},"wordCount":390,"publisher":{"@id":"https:\/\/joven-esperanza.de\/#organization"},"image":{"@id":"https:\/\/joven-esperanza.de\/blog\/einladung-zur-mitgliederversammlung-2025\/#primaryimage"},"thumbnailUrl":"https:\/\/joven-esperanza.de\/wp-content\/uploads\/2024\/03\/joven-11-scaled.jpg","articleSection":["News"],"inLanguage":"es-BO"},{"@type":"WebPage","@id":"https:\/\/joven-esperanza.de\/blog\/einladung-zur-mitgliederversammlung-2025\/","url":"https:\/\/joven-esperanza.de\/blog\/einladung-zur-mitgliederversammlung-2025\/","name":"Einladung zur Mitgliederversammlung 2025 - Joven Esperanza e.V.","isPartOf":{"@id":"https:\/\/joven-esperanza.de\/#website"},"primaryImageOfPage":{"@id":"https:\/\/joven-esperanza.de\/blog\/einladung-zur-mitgliederversammlung-2025\/#primaryimage"},"image":{"@id":"https:\/\/joven-esperanza.de\/blog\/einladung-zur-mitgliederversammlung-2025\/#primaryimage"},"thumbnailUrl":"https:\/\/joven-esperanza.de\/wp-content\/uploads\/2024\/03\/joven-11-scaled.jpg","datePublished":"2025-02-22T08:55:56+00:00","dateModified":"2025-02-26T13:30:51+00:00","breadcrumb":{"@id":"https:\/\/joven-esperanza.de\/blog\/einladung-zur-mitgliederversammlung-2025\/#breadcrumb"},"inLanguage":"es-BO","potentialAction":[{"@type":"ReadAction","target":["https:\/\/joven-esperanza.de\/blog\/einladung-zur-mitgliederversammlung-2025\/"]}]},{"@type":"ImageObject","inLanguage":"es-BO","@id":"https:\/\/joven-esperanza.de\/blog\/einladung-zur-mitgliederversammlung-2025\/#primaryimage","url":"https:\/\/joven-esperanza.de\/wp-content\/uploads\/2024\/03\/joven-11-scaled.jpg","contentUrl":"https:\/\/joven-esperanza.de\/wp-content\/uploads\/2024\/03\/joven-11-scaled.jpg","width":1920,"height":2560},{"@type":"BreadcrumbList","@id":"https:\/\/joven-esperanza.de\/blog\/einladung-zur-mitgliederversammlung-2025\/#breadcrumb","itemListElement":[{"@type":"ListItem","position":1,"name":"Startseite","item":"https:\/\/joven-esperanza.de\/"},{"@type":"ListItem","position":2,"name":"Einladung zur Mitgliederversammlung 2025"}]},{"@type":"WebSite","@id":"https:\/\/joven-esperanza.de\/#website","url":"https:\/\/joven-esperanza.de\/","name":"Joven Esperanza e.V.","description":"Kindern in Camiri eine Zukunft bieten","publisher":{"@id":"https:\/\/joven-esperanza.de\/#organization"},"potentialAction":[{"@type":"SearchAction","target":{"@type":"EntryPoint","urlTemplate":"https:\/\/joven-esperanza.de\/?s={search_term_string}"},"query-input":{"@type":"PropertyValueSpecification","valueRequired":true,"valueName":"search_term_string"}}],"inLanguage":"es-BO"},{"@type":"Organization","@id":"https:\/\/joven-esperanza.de\/#organization","name":"Joven Esperanza e.V.","url":"https:\/\/joven-esperanza.de\/","logo":{"@type":"ImageObject","inLanguage":"es-BO","@id":"https:\/\/joven-esperanza.de\/#\/schema\/logo\/image\/","url":"https:\/\/joven-esperanza.de\/wp-content\/uploads\/2024\/02\/joven-esperanza.png","contentUrl":"https:\/\/joven-esperanza.de\/wp-content\/uploads\/2024\/02\/joven-esperanza.png","width":4738,"height":1324,"caption":"Joven Esperanza e.V."},"image":{"@id":"https:\/\/joven-esperanza.de\/#\/schema\/logo\/image\/"},"sameAs":["https:\/\/www.facebook.com\/JovenEsperanza","https:\/\/www.instagram.com\/joven_esperanza_ev\/","https:\/\/www.linkedin.com\/company\/joven-esperanza-e.v.\/","https:\/\/www.youtube.com\/@joven.esperanza"]},{"@type":"Person","@id":"https:\/\/joven-esperanza.de\/#\/schema\/person\/7ac668b14b29e886249d6ed166cb07fb","name":"David Wenderdel","image":{"@type":"ImageObject","inLanguage":"es-BO","@id":"https:\/\/joven-esperanza.de\/#\/schema\/person\/image\/","url":"https:\/\/secure.gravatar.com\/avatar\/a84e178dcd509d154e59dbb782776b40f93e163b49b8e76ae7f4128cfac0ed38?s=96&d=mm&r=g","contentUrl":"https:\/\/secure.gravatar.com\/avatar\/a84e178dcd509d154e59dbb782776b40f93e163b49b8e76ae7f4128cfac0ed38?s=96&d=mm&r=g","caption":"David Wenderdel"}}]}},"uagb_featured_image_src":{"full":["https:\/\/joven-esperanza.de\/wp-content\/uploads\/2024\/03\/joven-11-scaled.jpg",1920,2560,false],"thumbnail":["https:\/\/joven-esperanza.de\/wp-content\/uploads\/2024\/03\/joven-11-150x150.jpg",150,150,true],"medium":["https:\/\/joven-esperanza.de\/wp-content\/uploads\/2024\/03\/joven-11-225x300.jpg",225,300,true],"medium_large":["https:\/\/joven-esperanza.de\/wp-content\/uploads\/2024\/03\/joven-11-768x1024.jpg",768,1024,true],"large":["https:\/\/joven-esperanza.de\/wp-content\/uploads\/2024\/03\/joven-11-768x1024.jpg",768,1024,true],"1536x1536":["https:\/\/joven-esperanza.de\/wp-content\/uploads\/2024\/03\/joven-11-1152x1536.jpg",1152,1536,true],"2048x2048":["https:\/\/joven-esperanza.de\/wp-content\/uploads\/2024\/03\/joven-11-1536x2048.jpg",1536,2048,true],"trp-custom-language-flag":["https:\/\/joven-esperanza.de\/wp-content\/uploads\/2024\/03\/joven-11-9x12.jpg",9,12,true]},"uagb_author_info":{"display_name":"David Wenderdel","author_link":"https:\/\/joven-esperanza.de\/es\/blog\/author\/david\/"},"uagb_comment_info":0,"uagb_excerpt":"Liebes Mitglied, liebe*r Unterst\u00fctzer*in von Joven Esperanza, das Jahr 2024 war f\u00fcr uns wieder voller spannender Entwicklungen! Besonders erfreulich ist die Gr\u00fcndung der neuen bolivianischen Stiftung \u201eCrece y Sue\u00f1a\u201c (CyS). \u00c4hnlich wie unser Verein setzt sie sich daf\u00fcr ein, Kindern und Jugendlichen in Camiri (Bolivien) durch Bildung, Ern\u00e4hrung und Gesundheitsf\u00f6rderung bessere Zukunftsperspektiven zu erm\u00f6glichen. Unser&hellip;","_links":{"self":[{"href":"https:\/\/joven-esperanza.de\/es\/wp-json\/wp\/v2\/posts\/4334","targetHints":{"allow":["GET"]}}],"collection":[{"href":"https:\/\/joven-esperanza.de\/es\/wp-json\/wp\/v2\/posts"}],"about":[{"href":"https:\/\/joven-esperanza.de\/es\/wp-json\/wp\/v2\/types\/post"}],"author":[{"embeddable":true,"href":"https:\/\/joven-esperanza.de\/es\/wp-json\/wp\/v2\/users\/3"}],"replies":[{"embeddable":true,"href":"https:\/\/joven-esperanza.de\/es\/wp-json\/wp\/v2\/comments?post=4334"}],"version-history":[{"count":2,"href":"https:\/\/joven-esperanza.de\/es\/wp-json\/wp\/v2\/posts\/4334\/revisions"}],"predecessor-version":[{"id":4346,"href":"https:\/\/joven-esperanza.de\/es\/wp-json\/wp\/v2\/posts\/4334\/revisions\/4346"}],"wp:featuredmedia":[{"embeddable":true,"href":"https:\/\/joven-esperanza.de\/es\/wp-json\/wp\/v2\/media\/3858"}],"wp:attachment":[{"href":"https:\/\/joven-esperanza.de\/es\/wp-json\/wp\/v2\/media?parent=4334"}],"wp:term":[{"taxonomy":"category","embeddable":true,"href":"https:\/\/joven-esperanza.de\/es\/wp-json\/wp\/v2\/categories?post=4334"},{"taxonomy":"post_tag","embeddable":true,"href":"https:\/\/joven-esperanza.de\/es\/wp-json\/wp\/v2\/tags?post=4334"}],"curies":[{"name":"wp","href":"https:\/\/api.w.org\/{rel}","templated":true}]}}