{"id":4515,"date":"2026-03-17T08:03:07","date_gmt":"2026-03-17T08:03:07","guid":{"rendered":"https:\/\/joven-esperanza.de\/?p=4515"},"modified":"2026-03-17T13:05:43","modified_gmt":"2026-03-17T13:05:43","slug":"hanna-zurueck-in-camiri-ein-herzlicher-start-ins-neue-schuljahr-2026","status":"publish","type":"post","link":"https:\/\/joven-esperanza.de\/es\/blog\/hanna-zurueck-in-camiri-ein-herzlicher-start-ins-neue-schuljahr-2026\/","title":{"rendered":"Hanna zur\u00fcck in Camiri \u2013 Ein herzlicher Start ins neue Schuljahr 2026"},"content":{"rendered":"<p>Liebe Mitglieder von Joven Esperanza, liebe Freunde, Unterst\u00fctzer und Interessierte,<\/p>\n\n\n\n<p>in der Zeit vom 05. Februar 2026 bis zum 06. M\u00e4rz 2026 habe ich das Projekt \u201eCrece y Sue\u00f1a\u201c in Camiri erneut besucht. Von meinem vorherigen Besuch im Sommer 2025 kannte ich ja schon das Projekt und viele Kinder. Bei meiner Ankunft am Freitagmittag in Camiri wurde ich von Do\u00f1a Margoth, den Kindern und Lehrern herzlich begr\u00fc\u00dft. Die Ferien in Bolivien waren ja gerade zu Ende, das neue Schuljahr fing Anfang Februar an und die Arbeit im Projekt sollte dann am Montag, den 09.02.26 losgehen mit bekannten und neuen Kindern und mit neuen Lehrern. Die R\u00e4ume waren in der Zwischenzeit in den Ferien neu gestrichen worden. Die Kinder wurden in vier altersgerechte Gruppen aufgeteilt, die jeweils von einer Lehrerin bzw. einem Lehrer betreut werden. Die kleineren Kinder bekamen einen separaten Gruppenraum. Es sind derzeit etwa 50 Kinder im Projekt. Da in Bolivien der Unterricht in den Schulen zurzeit teilweise in Vormittags- und Nachmittagsschichten stattfindet, kamen einige Kinder auch schon am Vormittag ins Projekt, die dann nach dem Mittagessen zur Schule gehen mussten.<\/p>\n\n\n\n<p>Die Aufteilung in die Gruppen und die Arbeit der Lehrer mit den Kindern ist gut angelaufen. Auch die neuen Kinder haben sich gut in das Projekt integriert. Da die Lehrer auch neu waren, mussten sich die Abl\u00e4ufe und Organisation im Projekt erst wieder etablieren, z.B. wann gibt es das Mittagessen, welches Kind braucht mehr oder weniger Essen, H\u00e4nde waschen vor dem Essen, Absp\u00fclen des benutzten Essgeschirrs und Z\u00e4hne putzen nach dem Essen, Hilfe beim Aufr\u00e4umen und Fegen etc. Das alles klappte schon sehr bald gut, auch mit Hilfe der langj\u00e4hrigen Mitarbeiterinnen in der K\u00fcche, die Organisation von Do\u00f1a Margoth und der Unterst\u00fctzung der seit dem Sommer im Projekt t\u00e4tigen Freiwilligen Tatjana; und ich durfte auch ein wenig unterst\u00fctzen.<\/p>\n\n\n\n<p>Es war sehr hei\u00df zu dieser Zeit in Camiri, die meisten Tage \u00fcber 36 Grad Celsius. Deshalb wurden f\u00fcr den kleinen hei\u00dfen Raum der j\u00fcngeren Gruppe ein Ventilator und ein mobiles K\u00fchlger\u00e4t beschaft, sowie ein weiterer Ventilator f\u00fcr die K\u00fcche, in der es sehr hei\u00df war. An anderen Tagen gab es wolkenbruchartige Regenf\u00e4lle, die auf dem Gel\u00e4nde alles unter Wasser setzten. Es gab auch mehrere F\u00e4lle von Dengue-Fieber bei den Kindern und auch bei den Lehrern, die zum Gl\u00fcck in den meisten F\u00e4llen nicht zu heftig waren. <\/p>\n\n\n\n<p>Zu Anfang des Schuljahrs fand auch ein Elternabend mit den Eltern der Kinder im Projekt statt. Hier wurden klar die Regeln f\u00fcr das Projekt kommuniziert und Pflichtaufgaben an die Eltern verteilt, z.B. regelm\u00e4\u00dfige Reinigungsarbeiten auf dem Grundst\u00fcck, in den Gemeinschaftsr\u00e4umen oder Sanit\u00e4ranlagen sowie Unterst\u00fctzung durch V\u00e4ter bei der Arbeit im Garten. Der Arbeitseinsatz der Eltern lief gut an, regelm\u00e4\u00dfig kamen M\u00fctter zum Putzen oder Fegen vorbei und an einem Wochenende wurde der Garten von zwei flei\u00dfigen V\u00e4tern vom Unkraut befreit.<\/p>\n\n\n\n<p>In die Zeit meines Aufenthalts fiel auch der Karneval. In der Fundaci\u00f3n hatten die Kinder an einem Nachmittag mit reichlich Wasserbomben und Wasser aus dem Schlauch viel Spa\u00df auf dem Hof. Insgesamt kann ich sagen, dass das neue Schuljahr mit den Kindern gut gestartet ist. Die Kinder bekommen vielf\u00e4ltige Unterst\u00fctzung bei den Hausaufgaben und praktischen Dingen des Alltags. Die neuen Lehrer sind engagiert und empathisch und haben die Bed\u00fcrfnisse der Kinder gut im Blick. Ich war meist in der Gruppe der kleinen Kinder und habe mit ihnen Hausaufgaben gemacht, lesen ge\u00fcbt, gespielt und bei praktischen Dingen unterst\u00fctzt. Die Kinder haben mich so freudig und selbstverst\u00e4ndlich wieder aufgenommen, dass es mir eine gro\u00dfe Freude bereitet hat. Wieder ihre Freude, Anh\u00e4nglichkeit und ihr Vertrauen zu sp\u00fcren, war sehr ber\u00fchrend. Mein Dank geht auch an Tatjana, die dort eine tolle Unterst\u00fctzung leistet und an Do\u00f1a Margoth und ihren permanenten Einsatz f\u00fcr die Kinder und die Fundaci\u00f3n und die herzliche Aufnahme in Camiri.<\/p>\n\n\n\t\t\t\t\t<div\n\t\t\t\t\t\tclass=\"wp-block-uagb-image-gallery uagb-block-63ed81ec\"\n\t\t\t\t\t\tstyle=\"\"\n\t\t\t\t\t>\n\t\t\t\t\t\t\t\t\t\t\t<div class=\"spectra-image-gallery spectra-image-gallery__layout--grid spectra-image-gallery__layout--grid-col-3 spectra-image-gallery__layout--grid-col-tab-3 spectra-image-gallery__layout--grid-col-mob-2\">\n\t\t\t\t\t\t\t\t\t\t\t<div class='spectra-image-gallery__media-wrapper' data-spectra-gallery-image-id='4516' tabindex=\"0\">\n\t\t\t\t\t\t\t<div class=\"spectra-image-gallery__media spectra-image-gallery__media--grid\">\n\t\t\t\t<picture>\n\t\t\t\t\t<source media=\"(min-width: 1024px)\" srcset=\"https:\/\/joven-esperanza.de\/wp-content\/uploads\/2026\/03\/0-1024x768.jpg\">\n\t\t\t\t\t<source media=\"(min-width: 768px)\" srcset=\"https:\/\/joven-esperanza.de\/wp-content\/uploads\/2026\/03\/0-1024x768.jpg\">\n\t\t\t\t\t<img decoding=\"async\" class=\"spectra-image-gallery__media-thumbnail spectra-image-gallery__media-thumbnail--grid\" src=\"https:\/\/joven-esperanza.de\/wp-content\/uploads\/2026\/03\/0-300x225.jpg\" alt=\"\" loading=\"lazy\" \/>\n\t\t\t\t<\/picture>\n\t\t\t\t<div class=\"spectra-image-gallery__media-thumbnail-blurrer\"><\/div>\n\t\t\t\t\t\t\t\t\t\t\t<div class=\"spectra-image-gallery__media-thumbnail-caption-wrapper spectra-image-gallery__media-thumbnail-caption-wrapper--overlay\">\n\t\t\t\t\t\t\t\t\t\t\t<div class=\"spectra-image-gallery__media-thumbnail-caption spectra-image-gallery__media-thumbnail-caption--overlay\">\n\t\t\t\t\tMitmachaktion beim Umweltprojekt\t\t\t\t<\/div>\n\t\t\t\t\t\t\t\t\t\t<\/div>\n\t\t\t\t\t\t\t\t\t<\/div>\n\t\t\t\t\t\t<\/div>\n\t\t\t\t\t\t<div class='spectra-image-gallery__media-wrapper' data-spectra-gallery-image-id='4517' tabindex=\"0\">\n\t\t\t\t\t\t\t<div class=\"spectra-image-gallery__media spectra-image-gallery__media--grid\">\n\t\t\t\t<picture>\n\t\t\t\t\t<source media=\"(min-width: 1024px)\" srcset=\"https:\/\/joven-esperanza.de\/wp-content\/uploads\/2026\/03\/1-1024x576.jpg\">\n\t\t\t\t\t<source media=\"(min-width: 768px)\" srcset=\"https:\/\/joven-esperanza.de\/wp-content\/uploads\/2026\/03\/1-1024x576.jpg\">\n\t\t\t\t\t<img decoding=\"async\" class=\"spectra-image-gallery__media-thumbnail spectra-image-gallery__media-thumbnail--grid\" src=\"https:\/\/joven-esperanza.de\/wp-content\/uploads\/2026\/03\/1-300x169.jpg\" alt=\"\" loading=\"lazy\" \/>\n\t\t\t\t<\/picture>\n\t\t\t\t<div class=\"spectra-image-gallery__media-thumbnail-blurrer\"><\/div>\n\t\t\t\t\t\t\t\t\t\t\t<div class=\"spectra-image-gallery__media-thumbnail-caption-wrapper spectra-image-gallery__media-thumbnail-caption-wrapper--overlay\">\n\t\t\t\t\t\t\t\t\t\t\t<div class=\"spectra-image-gallery__media-thumbnail-caption spectra-image-gallery__media-thumbnail-caption--overlay\">\n\t\t\t\t\tMittagessen\t\t\t\t<\/div>\n\t\t\t\t\t\t\t\t\t\t<\/div>\n\t\t\t\t\t\t\t\t\t<\/div>\n\t\t\t\t\t\t<\/div>\n\t\t\t\t\t\t<div class='spectra-image-gallery__media-wrapper' data-spectra-gallery-image-id='4518' tabindex=\"0\">\n\t\t\t\t\t\t\t<div class=\"spectra-image-gallery__media spectra-image-gallery__media--grid\">\n\t\t\t\t<picture>\n\t\t\t\t\t<source media=\"(min-width: 1024px)\" srcset=\"https:\/\/joven-esperanza.de\/wp-content\/uploads\/2026\/03\/2.jpg\">\n\t\t\t\t\t<source media=\"(min-width: 768px)\" srcset=\"https:\/\/joven-esperanza.de\/wp-content\/uploads\/2026\/03\/2.jpg\">\n\t\t\t\t\t<img decoding=\"async\" class=\"spectra-image-gallery__media-thumbnail spectra-image-gallery__media-thumbnail--grid\" src=\"https:\/\/joven-esperanza.de\/wp-content\/uploads\/2026\/03\/2-300x169.jpg\" alt=\"\" loading=\"lazy\" \/>\n\t\t\t\t<\/picture>\n\t\t\t\t<div class=\"spectra-image-gallery__media-thumbnail-blurrer\"><\/div>\n\t\t\t\t\t\t\t\t\t\t\t<div class=\"spectra-image-gallery__media-thumbnail-caption-wrapper spectra-image-gallery__media-thumbnail-caption-wrapper--overlay\">\n\t\t\t\t\t\t\t\t\t\t\t<div class=\"spectra-image-gallery__media-thumbnail-caption spectra-image-gallery__media-thumbnail-caption--overlay\">\n\t\t\t\t\tMittagessen\t\t\t\t<\/div>\n\t\t\t\t\t\t\t\t\t\t<\/div>\n\t\t\t\t\t\t\t\t\t<\/div>\n\t\t\t\t\t\t<\/div>\n\t\t\t\t\t\t<div class='spectra-image-gallery__media-wrapper' data-spectra-gallery-image-id='4519' tabindex=\"0\">\n\t\t\t\t\t\t\t<div class=\"spectra-image-gallery__media spectra-image-gallery__media--grid\">\n\t\t\t\t<picture>\n\t\t\t\t\t<source media=\"(min-width: 1024px)\" srcset=\"https:\/\/joven-esperanza.de\/wp-content\/uploads\/2026\/03\/3-1024x627.jpg\">\n\t\t\t\t\t<source media=\"(min-width: 768px)\" srcset=\"https:\/\/joven-esperanza.de\/wp-content\/uploads\/2026\/03\/3-1024x627.jpg\">\n\t\t\t\t\t<img decoding=\"async\" class=\"spectra-image-gallery__media-thumbnail spectra-image-gallery__media-thumbnail--grid\" src=\"https:\/\/joven-esperanza.de\/wp-content\/uploads\/2026\/03\/3-300x184.jpg\" alt=\"\" loading=\"lazy\" \/>\n\t\t\t\t<\/picture>\n\t\t\t\t<div class=\"spectra-image-gallery__media-thumbnail-blurrer\"><\/div>\n\t\t\t\t\t\t\t\t\t\t\t<div class=\"spectra-image-gallery__media-thumbnail-caption-wrapper spectra-image-gallery__media-thumbnail-caption-wrapper--overlay\">\n\t\t\t\t\t\t\t\t\t\t\t<div class=\"spectra-image-gallery__media-thumbnail-caption spectra-image-gallery__media-thumbnail-caption--overlay\">\n\t\t\t\t\tSpielen\t\t\t\t<\/div>\n\t\t\t\t\t\t\t\t\t\t<\/div>\n\t\t\t\t\t\t\t\t\t<\/div>\n\t\t\t\t\t\t<\/div>\n\t\t\t\t\t\t<div class='spectra-image-gallery__media-wrapper' data-spectra-gallery-image-id='4520' tabindex=\"0\">\n\t\t\t\t\t\t\t<div class=\"spectra-image-gallery__media spectra-image-gallery__media--grid\">\n\t\t\t\t<picture>\n\t\t\t\t\t<source media=\"(min-width: 1024px)\" srcset=\"https:\/\/joven-esperanza.de\/wp-content\/uploads\/2026\/03\/4-1024x613.jpg\">\n\t\t\t\t\t<source media=\"(min-width: 768px)\" srcset=\"https:\/\/joven-esperanza.de\/wp-content\/uploads\/2026\/03\/4-1024x613.jpg\">\n\t\t\t\t\t<img decoding=\"async\" class=\"spectra-image-gallery__media-thumbnail spectra-image-gallery__media-thumbnail--grid\" src=\"https:\/\/joven-esperanza.de\/wp-content\/uploads\/2026\/03\/4-300x180.jpg\" alt=\"\" loading=\"lazy\" \/>\n\t\t\t\t<\/picture>\n\t\t\t\t<div class=\"spectra-image-gallery__media-thumbnail-blurrer\"><\/div>\n\t\t\t\t\t\t\t\t\t\t\t<div class=\"spectra-image-gallery__media-thumbnail-caption-wrapper spectra-image-gallery__media-thumbnail-caption-wrapper--overlay\">\n\t\t\t\t\t\t\t\t\t\t\t<div class=\"spectra-image-gallery__media-thumbnail-caption spectra-image-gallery__media-thumbnail-caption--overlay\">\n\t\t\t\t\t\t\t\t\t<\/div>\n\t\t\t\t\t\t\t\t\t\t<\/div>\n\t\t\t\t\t\t\t\t\t<\/div>\n\t\t\t\t\t\t<\/div>\n\t\t\t\t\t\t\t\t\t\t<\/div>\n\t\t\t\t\t\t\t\t\t\t\t\t\t\t\t\t\t\t<\/div>\n\t\t\t\t\t\t\t\t\t\t\t<div class='spectra-image-gallery__control-lightbox' tabindex='0'>\n\t\t\t\t\t\t\t\t\t\t\t<div class=\"swiper spectra-image-gallery__control-lightbox--main\" dir=\"\">\n\t\t\t\t\t<div class=\"swiper-wrapper\">\n\t\t\t\t\t\t\t\t\t\t\t\t\t\n\t\t\t\t\t\t\t<div class=\"swiper-slide\">\n\t\t\t\t\t\t\t\t<img class=\"swiper-lazy\" data-src=\"https:\/\/joven-esperanza.de\/wp-content\/uploads\/2026\/03\/0.jpg\" alt=\"\"\/>\n\t\t\t\t\t\t\t\t<div class=\"swiper-lazy-preloader swiper-lazy-preloader-white\"><\/div>\n\t\t\t\t\t\t\t\t\t\t\t\t\t\t\t<\/div>\n\t\t\t\t\t\t\t\t\t\t\t\t\t\n\t\t\t\t\t\t\t<div class=\"swiper-slide\">\n\t\t\t\t\t\t\t\t<img class=\"swiper-lazy\" data-src=\"https:\/\/joven-esperanza.de\/wp-content\/uploads\/2026\/03\/1.jpg\" alt=\"\"\/>\n\t\t\t\t\t\t\t\t<div class=\"swiper-lazy-preloader swiper-lazy-preloader-white\"><\/div>\n\t\t\t\t\t\t\t\t\t\t\t\t\t\t\t<\/div>\n\t\t\t\t\t\t\t\t\t\t\t\t\t\n\t\t\t\t\t\t\t<div class=\"swiper-slide\">\n\t\t\t\t\t\t\t\t<img class=\"swiper-lazy\" data-src=\"https:\/\/joven-esperanza.de\/wp-content\/uploads\/2026\/03\/2.jpg\" alt=\"\"\/>\n\t\t\t\t\t\t\t\t<div class=\"swiper-lazy-preloader swiper-lazy-preloader-white\"><\/div>\n\t\t\t\t\t\t\t\t\t\t\t\t\t\t\t<\/div>\n\t\t\t\t\t\t\t\t\t\t\t\t\t\n\t\t\t\t\t\t\t<div class=\"swiper-slide\">\n\t\t\t\t\t\t\t\t<img class=\"swiper-lazy\" data-src=\"https:\/\/joven-esperanza.de\/wp-content\/uploads\/2026\/03\/3.jpg\" alt=\"\"\/>\n\t\t\t\t\t\t\t\t<div class=\"swiper-lazy-preloader swiper-lazy-preloader-white\"><\/div>\n\t\t\t\t\t\t\t\t\t\t\t\t\t\t\t<\/div>\n\t\t\t\t\t\t\t\t\t\t\t\t\t\n\t\t\t\t\t\t\t<div class=\"swiper-slide\">\n\t\t\t\t\t\t\t\t<img class=\"swiper-lazy\" data-src=\"https:\/\/joven-esperanza.de\/wp-content\/uploads\/2026\/03\/4.jpg\" alt=\"\"\/>\n\t\t\t\t\t\t\t\t<div class=\"swiper-lazy-preloader swiper-lazy-preloader-white\"><\/div>\n\t\t\t\t\t\t\t\t\t\t\t\t\t\t\t<\/div>\n\t\t\t\t\t\t\t\t\t\t\t<\/div>\n\t\t\t\t\t<div class=\"swiper-button-next\"><\/div>\n\t\t\t\t\t<div class=\"swiper-button-prev\"><\/div>\n\t\t\t\t<\/div>\t\t\t\n\t\t\t\t\t\t\t\t\t\t\t\t\t\t\t\t\t\t\t\t\t\t\t\t\t\t\t\t\t\t\t\t<button class='spectra-image-gallery__control-lightbox--close' aria-label=\"Close\">\n\t\t\t\t\t\t\t\t\t\t\t\t\t<svg xmlns=\"https:\/\/www.w3.org\/2000\/svg\" viewbox= \"0 0 320 512\"><path d=\"M310.6 361.4c12.5 12.5 12.5 32.75 0 45.25C304.4 412.9 296.2 416 288 416s-16.38-3.125-22.62-9.375L160 301.3L54.63 406.6C48.38 412.9 40.19 416 32 416S15.63 412.9 9.375 406.6c-12.5-12.5-12.5-32.75 0-45.25l105.4-105.4L9.375 150.6c-12.5-12.5-12.5-32.75 0-45.25s32.75-12.5 45.25 0L160 210.8l105.4-105.4c12.5-12.5 32.75-12.5 45.25 0s12.5 32.75 0 45.25l-105.4 105.4L310.6 361.4z\"><\/path><\/svg>\n\t\t\t\t\t\t\t\t\t\t\t\t<\/button>\n\t\t\t\t\t\t\t\t\t\t\t\t\t<\/div>","protected":false},"excerpt":{"rendered":"<p>Liebe Mitglieder von Joven Esperanza, liebe Freunde, Unterst\u00fctzer und Interessierte, in der Zeit vom 05. Februar 2026 bis zum 06. M\u00e4rz 2026 habe ich das Projekt \u201eCrece y Sue\u00f1a\u201c in Camiri erneut besucht. Von meinem vorherigen Besuch im Sommer 2025 kannte ich ja schon das Projekt und viele Kinder. Bei meiner Ankunft am Freitagmittag in [&hellip;]<\/p>","protected":false},"author":3,"featured_media":4520,"comment_status":"closed","ping_status":"open","sticky":false,"template":"","format":"standard","meta":{"_uag_custom_page_level_css":"","site-sidebar-layout":"default","site-content-layout":"","ast-site-content-layout":"default","site-content-style":"default","site-sidebar-style":"default","ast-global-header-display":"","ast-banner-title-visibility":"","ast-main-header-display":"","ast-hfb-above-header-display":"","ast-hfb-below-header-display":"","ast-hfb-mobile-header-display":"","site-post-title":"","ast-breadcrumbs-content":"","ast-featured-img":"","footer-sml-layout":"","theme-transparent-header-meta":"","adv-header-id-meta":"","stick-header-meta":"","header-above-stick-meta":"","header-main-stick-meta":"","header-below-stick-meta":"","astra-migrate-meta-layouts":"set","ast-page-background-enabled":"default","ast-page-background-meta":{"desktop":{"background-color":"var(--ast-global-color-4)","background-image":"","background-repeat":"repeat","background-position":"center center","background-size":"auto","background-attachment":"scroll","background-type":"","background-media":"","overlay-type":"","overlay-color":"","overlay-gradient":""},"tablet":{"background-color":"","background-image":"","background-repeat":"repeat","background-position":"center center","background-size":"auto","background-attachment":"scroll","background-type":"","background-media":"","overlay-type":"","overlay-color":"","overlay-gradient":""},"mobile":{"background-color":"","background-image":"","background-repeat":"repeat","background-position":"center center","background-size":"auto","background-attachment":"scroll","background-type":"","background-media":"","overlay-type":"","overlay-color":"","overlay-gradient":""}},"ast-content-background-meta":{"desktop":{"background-color":"var(--ast-global-color-5)","background-image":"","background-repeat":"repeat","background-position":"center center","background-size":"auto","background-attachment":"scroll","background-type":"","background-media":"","overlay-type":"","overlay-color":"","overlay-gradient":""},"tablet":{"background-color":"var(--ast-global-color-5)","background-image":"","background-repeat":"repeat","background-position":"center center","background-size":"auto","background-attachment":"scroll","background-type":"","background-media":"","overlay-type":"","overlay-color":"","overlay-gradient":""},"mobile":{"background-color":"var(--ast-global-color-5)","background-image":"","background-repeat":"repeat","background-position":"center center","background-size":"auto","background-attachment":"scroll","background-type":"","background-media":"","overlay-type":"","overlay-color":"","overlay-gradient":""}},"footnotes":""},"categories":[12],"tags":[],"class_list":["post-4515","post","type-post","status-publish","format-standard","has-post-thumbnail","hentry","category-news"],"yoast_head":"<!-- This site is optimized with the Yoast SEO plugin v25.0 - https:\/\/yoast.com\/wordpress\/plugins\/seo\/ -->\n<title>Hanna zur\u00fcck in Camiri \u2013 Ein herzlicher Start ins neue Schuljahr 2026 - Joven Esperanza e.V.<\/title>\n<meta name=\"robots\" content=\"index, follow, max-snippet:-1, max-image-preview:large, max-video-preview:-1\" \/>\n<link rel=\"canonical\" href=\"https:\/\/joven-esperanza.de\/es\/blog\/hanna-zurueck-in-camiri-ein-herzlicher-start-ins-neue-schuljahr-2026\/\" \/>\n<meta property=\"og:locale\" content=\"es_ES\" \/>\n<meta property=\"og:type\" content=\"article\" \/>\n<meta property=\"og:title\" content=\"Hanna zur\u00fcck in Camiri \u2013 Ein herzlicher Start ins neue Schuljahr 2026 - Joven Esperanza e.V.\" \/>\n<meta property=\"og:description\" content=\"Liebe Mitglieder von Joven Esperanza, liebe Freunde, Unterst\u00fctzer und Interessierte, in der Zeit vom 05. Februar 2026 bis zum 06. M\u00e4rz 2026 habe ich das Projekt \u201eCrece y Sue\u00f1a\u201c in Camiri erneut besucht. Von meinem vorherigen Besuch im Sommer 2025 kannte ich ja schon das Projekt und viele Kinder. Bei meiner Ankunft am Freitagmittag in [&hellip;]\" \/>\n<meta property=\"og:url\" content=\"https:\/\/joven-esperanza.de\/es\/blog\/hanna-zurueck-in-camiri-ein-herzlicher-start-ins-neue-schuljahr-2026\/\" \/>\n<meta property=\"og:site_name\" content=\"Joven Esperanza e.V.\" \/>\n<meta property=\"article:publisher\" content=\"https:\/\/www.facebook.com\/JovenEsperanza\" \/>\n<meta property=\"article:published_time\" content=\"2026-03-17T08:03:07+00:00\" \/>\n<meta property=\"article:modified_time\" content=\"2026-03-17T13:05:43+00:00\" \/>\n<meta property=\"og:image\" content=\"https:\/\/joven-esperanza.de\/wp-content\/uploads\/2026\/03\/4.jpg\" \/>\n\t<meta property=\"og:image:width\" content=\"1388\" \/>\n\t<meta property=\"og:image:height\" content=\"831\" \/>\n\t<meta property=\"og:image:type\" content=\"image\/jpeg\" \/>\n<meta name=\"author\" content=\"David Wenderdel\" \/>\n<meta name=\"twitter:card\" content=\"summary_large_image\" \/>\n<meta name=\"twitter:label1\" content=\"Written by\" \/>\n\t<meta name=\"twitter:data1\" content=\"David Wenderdel\" \/>\n\t<meta name=\"twitter:label2\" content=\"Est. reading time\" \/>\n\t<meta name=\"twitter:data2\" content=\"4 minutes\" \/>\n<script type=\"application\/ld+json\" class=\"yoast-schema-graph\">{\"@context\":\"https:\/\/schema.org\",\"@graph\":[{\"@type\":\"Article\",\"@id\":\"https:\/\/joven-esperanza.de\/blog\/hanna-zurueck-in-camiri-ein-herzlicher-start-ins-neue-schuljahr-2026\/#article\",\"isPartOf\":{\"@id\":\"https:\/\/joven-esperanza.de\/blog\/hanna-zurueck-in-camiri-ein-herzlicher-start-ins-neue-schuljahr-2026\/\"},\"author\":{\"name\":\"David Wenderdel\",\"@id\":\"https:\/\/joven-esperanza.de\/#\/schema\/person\/7ac668b14b29e886249d6ed166cb07fb\"},\"headline\":\"Hanna zur\u00fcck in Camiri \u2013 Ein herzlicher Start ins neue Schuljahr 2026\",\"datePublished\":\"2026-03-17T08:03:07+00:00\",\"dateModified\":\"2026-03-17T13:05:43+00:00\",\"mainEntityOfPage\":{\"@id\":\"https:\/\/joven-esperanza.de\/blog\/hanna-zurueck-in-camiri-ein-herzlicher-start-ins-neue-schuljahr-2026\/\"},\"wordCount\":686,\"publisher\":{\"@id\":\"https:\/\/joven-esperanza.de\/#organization\"},\"image\":{\"@id\":\"https:\/\/joven-esperanza.de\/blog\/hanna-zurueck-in-camiri-ein-herzlicher-start-ins-neue-schuljahr-2026\/#primaryimage\"},\"thumbnailUrl\":\"https:\/\/joven-esperanza.de\/wp-content\/uploads\/2026\/03\/4.jpg\",\"articleSection\":[\"News\"],\"inLanguage\":\"es-BO\"},{\"@type\":\"WebPage\",\"@id\":\"https:\/\/joven-esperanza.de\/blog\/hanna-zurueck-in-camiri-ein-herzlicher-start-ins-neue-schuljahr-2026\/\",\"url\":\"https:\/\/joven-esperanza.de\/blog\/hanna-zurueck-in-camiri-ein-herzlicher-start-ins-neue-schuljahr-2026\/\",\"name\":\"Hanna zur\u00fcck in Camiri \u2013 Ein herzlicher Start ins neue Schuljahr 2026 - Joven Esperanza e.V.\",\"isPartOf\":{\"@id\":\"https:\/\/joven-esperanza.de\/#website\"},\"primaryImageOfPage\":{\"@id\":\"https:\/\/joven-esperanza.de\/blog\/hanna-zurueck-in-camiri-ein-herzlicher-start-ins-neue-schuljahr-2026\/#primaryimage\"},\"image\":{\"@id\":\"https:\/\/joven-esperanza.de\/blog\/hanna-zurueck-in-camiri-ein-herzlicher-start-ins-neue-schuljahr-2026\/#primaryimage\"},\"thumbnailUrl\":\"https:\/\/joven-esperanza.de\/wp-content\/uploads\/2026\/03\/4.jpg\",\"datePublished\":\"2026-03-17T08:03:07+00:00\",\"dateModified\":\"2026-03-17T13:05:43+00:00\",\"breadcrumb\":{\"@id\":\"https:\/\/joven-esperanza.de\/blog\/hanna-zurueck-in-camiri-ein-herzlicher-start-ins-neue-schuljahr-2026\/#breadcrumb\"},\"inLanguage\":\"es-BO\",\"potentialAction\":[{\"@type\":\"ReadAction\",\"target\":[\"https:\/\/joven-esperanza.de\/blog\/hanna-zurueck-in-camiri-ein-herzlicher-start-ins-neue-schuljahr-2026\/\"]}]},{\"@type\":\"ImageObject\",\"inLanguage\":\"es-BO\",\"@id\":\"https:\/\/joven-esperanza.de\/blog\/hanna-zurueck-in-camiri-ein-herzlicher-start-ins-neue-schuljahr-2026\/#primaryimage\",\"url\":\"https:\/\/joven-esperanza.de\/wp-content\/uploads\/2026\/03\/4.jpg\",\"contentUrl\":\"https:\/\/joven-esperanza.de\/wp-content\/uploads\/2026\/03\/4.jpg\",\"width\":1388,\"height\":831},{\"@type\":\"BreadcrumbList\",\"@id\":\"https:\/\/joven-esperanza.de\/blog\/hanna-zurueck-in-camiri-ein-herzlicher-start-ins-neue-schuljahr-2026\/#breadcrumb\",\"itemListElement\":[{\"@type\":\"ListItem\",\"position\":1,\"name\":\"Startseite\",\"item\":\"https:\/\/joven-esperanza.de\/\"},{\"@type\":\"ListItem\",\"position\":2,\"name\":\"Hanna zur\u00fcck in Camiri \u2013 Ein herzlicher Start ins neue Schuljahr 2026\"}]},{\"@type\":\"WebSite\",\"@id\":\"https:\/\/joven-esperanza.de\/#website\",\"url\":\"https:\/\/joven-esperanza.de\/\",\"name\":\"Joven Esperanza e.V.\",\"description\":\"Kindern in Camiri eine Zukunft bieten\",\"publisher\":{\"@id\":\"https:\/\/joven-esperanza.de\/#organization\"},\"potentialAction\":[{\"@type\":\"SearchAction\",\"target\":{\"@type\":\"EntryPoint\",\"urlTemplate\":\"https:\/\/joven-esperanza.de\/?s={search_term_string}\"},\"query-input\":{\"@type\":\"PropertyValueSpecification\",\"valueRequired\":true,\"valueName\":\"search_term_string\"}}],\"inLanguage\":\"es-BO\"},{\"@type\":\"Organization\",\"@id\":\"https:\/\/joven-esperanza.de\/#organization\",\"name\":\"Joven Esperanza e.V.\",\"url\":\"https:\/\/joven-esperanza.de\/\",\"logo\":{\"@type\":\"ImageObject\",\"inLanguage\":\"es-BO\",\"@id\":\"https:\/\/joven-esperanza.de\/#\/schema\/logo\/image\/\",\"url\":\"https:\/\/joven-esperanza.de\/wp-content\/uploads\/2024\/02\/joven-esperanza.png\",\"contentUrl\":\"https:\/\/joven-esperanza.de\/wp-content\/uploads\/2024\/02\/joven-esperanza.png\",\"width\":4738,\"height\":1324,\"caption\":\"Joven Esperanza e.V.\"},\"image\":{\"@id\":\"https:\/\/joven-esperanza.de\/#\/schema\/logo\/image\/\"},\"sameAs\":[\"https:\/\/www.facebook.com\/JovenEsperanza\",\"https:\/\/www.instagram.com\/joven_esperanza_ev\/\",\"https:\/\/www.linkedin.com\/company\/joven-esperanza-e.v.\/\",\"https:\/\/www.youtube.com\/@joven.esperanza\"]},{\"@type\":\"Person\",\"@id\":\"https:\/\/joven-esperanza.de\/#\/schema\/person\/7ac668b14b29e886249d6ed166cb07fb\",\"name\":\"David Wenderdel\",\"image\":{\"@type\":\"ImageObject\",\"inLanguage\":\"es-BO\",\"@id\":\"https:\/\/joven-esperanza.de\/#\/schema\/person\/image\/\",\"url\":\"https:\/\/secure.gravatar.com\/avatar\/a84e178dcd509d154e59dbb782776b40f93e163b49b8e76ae7f4128cfac0ed38?s=96&d=mm&r=g\",\"contentUrl\":\"https:\/\/secure.gravatar.com\/avatar\/a84e178dcd509d154e59dbb782776b40f93e163b49b8e76ae7f4128cfac0ed38?s=96&d=mm&r=g\",\"caption\":\"David Wenderdel\"}}]}<\/script>\n<!-- \/ Yoast SEO plugin. -->","yoast_head_json":{"title":"Hanna zur\u00fcck in Camiri \u2013 Ein herzlicher Start ins neue Schuljahr 2026 - Joven Esperanza e.V.","robots":{"index":"index","follow":"follow","max-snippet":"max-snippet:-1","max-image-preview":"max-image-preview:large","max-video-preview":"max-video-preview:-1"},"canonical":"https:\/\/joven-esperanza.de\/es\/blog\/hanna-zurueck-in-camiri-ein-herzlicher-start-ins-neue-schuljahr-2026\/","og_locale":"es_ES","og_type":"article","og_title":"Hanna zur\u00fcck in Camiri \u2013 Ein herzlicher Start ins neue Schuljahr 2026 - Joven Esperanza e.V.","og_description":"Liebe Mitglieder von Joven Esperanza, liebe Freunde, Unterst\u00fctzer und Interessierte, in der Zeit vom 05. Februar 2026 bis zum 06. M\u00e4rz 2026 habe ich das Projekt \u201eCrece y Sue\u00f1a\u201c in Camiri erneut besucht. Von meinem vorherigen Besuch im Sommer 2025 kannte ich ja schon das Projekt und viele Kinder. Bei meiner Ankunft am Freitagmittag in [&hellip;]","og_url":"https:\/\/joven-esperanza.de\/es\/blog\/hanna-zurueck-in-camiri-ein-herzlicher-start-ins-neue-schuljahr-2026\/","og_site_name":"Joven Esperanza e.V.","article_publisher":"https:\/\/www.facebook.com\/JovenEsperanza","article_published_time":"2026-03-17T08:03:07+00:00","article_modified_time":"2026-03-17T13:05:43+00:00","og_image":[{"width":1388,"height":831,"url":"https:\/\/joven-esperanza.de\/wp-content\/uploads\/2026\/03\/4.jpg","type":"image\/jpeg"}],"author":"David Wenderdel","twitter_card":"summary_large_image","twitter_misc":{"Written by":"David Wenderdel","Est. reading time":"4 minutes"},"schema":{"@context":"https:\/\/schema.org","@graph":[{"@type":"Article","@id":"https:\/\/joven-esperanza.de\/blog\/hanna-zurueck-in-camiri-ein-herzlicher-start-ins-neue-schuljahr-2026\/#article","isPartOf":{"@id":"https:\/\/joven-esperanza.de\/blog\/hanna-zurueck-in-camiri-ein-herzlicher-start-ins-neue-schuljahr-2026\/"},"author":{"name":"David Wenderdel","@id":"https:\/\/joven-esperanza.de\/#\/schema\/person\/7ac668b14b29e886249d6ed166cb07fb"},"headline":"Hanna zur\u00fcck in Camiri \u2013 Ein herzlicher Start ins neue Schuljahr 2026","datePublished":"2026-03-17T08:03:07+00:00","dateModified":"2026-03-17T13:05:43+00:00","mainEntityOfPage":{"@id":"https:\/\/joven-esperanza.de\/blog\/hanna-zurueck-in-camiri-ein-herzlicher-start-ins-neue-schuljahr-2026\/"},"wordCount":686,"publisher":{"@id":"https:\/\/joven-esperanza.de\/#organization"},"image":{"@id":"https:\/\/joven-esperanza.de\/blog\/hanna-zurueck-in-camiri-ein-herzlicher-start-ins-neue-schuljahr-2026\/#primaryimage"},"thumbnailUrl":"https:\/\/joven-esperanza.de\/wp-content\/uploads\/2026\/03\/4.jpg","articleSection":["News"],"inLanguage":"es-BO"},{"@type":"WebPage","@id":"https:\/\/joven-esperanza.de\/blog\/hanna-zurueck-in-camiri-ein-herzlicher-start-ins-neue-schuljahr-2026\/","url":"https:\/\/joven-esperanza.de\/blog\/hanna-zurueck-in-camiri-ein-herzlicher-start-ins-neue-schuljahr-2026\/","name":"Hanna zur\u00fcck in Camiri \u2013 Ein herzlicher Start ins neue Schuljahr 2026 - Joven Esperanza e.V.","isPartOf":{"@id":"https:\/\/joven-esperanza.de\/#website"},"primaryImageOfPage":{"@id":"https:\/\/joven-esperanza.de\/blog\/hanna-zurueck-in-camiri-ein-herzlicher-start-ins-neue-schuljahr-2026\/#primaryimage"},"image":{"@id":"https:\/\/joven-esperanza.de\/blog\/hanna-zurueck-in-camiri-ein-herzlicher-start-ins-neue-schuljahr-2026\/#primaryimage"},"thumbnailUrl":"https:\/\/joven-esperanza.de\/wp-content\/uploads\/2026\/03\/4.jpg","datePublished":"2026-03-17T08:03:07+00:00","dateModified":"2026-03-17T13:05:43+00:00","breadcrumb":{"@id":"https:\/\/joven-esperanza.de\/blog\/hanna-zurueck-in-camiri-ein-herzlicher-start-ins-neue-schuljahr-2026\/#breadcrumb"},"inLanguage":"es-BO","potentialAction":[{"@type":"ReadAction","target":["https:\/\/joven-esperanza.de\/blog\/hanna-zurueck-in-camiri-ein-herzlicher-start-ins-neue-schuljahr-2026\/"]}]},{"@type":"ImageObject","inLanguage":"es-BO","@id":"https:\/\/joven-esperanza.de\/blog\/hanna-zurueck-in-camiri-ein-herzlicher-start-ins-neue-schuljahr-2026\/#primaryimage","url":"https:\/\/joven-esperanza.de\/wp-content\/uploads\/2026\/03\/4.jpg","contentUrl":"https:\/\/joven-esperanza.de\/wp-content\/uploads\/2026\/03\/4.jpg","width":1388,"height":831},{"@type":"BreadcrumbList","@id":"https:\/\/joven-esperanza.de\/blog\/hanna-zurueck-in-camiri-ein-herzlicher-start-ins-neue-schuljahr-2026\/#breadcrumb","itemListElement":[{"@type":"ListItem","position":1,"name":"Startseite","item":"https:\/\/joven-esperanza.de\/"},{"@type":"ListItem","position":2,"name":"Hanna zur\u00fcck in Camiri \u2013 Ein herzlicher Start ins neue Schuljahr 2026"}]},{"@type":"WebSite","@id":"https:\/\/joven-esperanza.de\/#website","url":"https:\/\/joven-esperanza.de\/","name":"Joven Esperanza e.V.","description":"Kindern in Camiri eine Zukunft bieten","publisher":{"@id":"https:\/\/joven-esperanza.de\/#organization"},"potentialAction":[{"@type":"SearchAction","target":{"@type":"EntryPoint","urlTemplate":"https:\/\/joven-esperanza.de\/?s={search_term_string}"},"query-input":{"@type":"PropertyValueSpecification","valueRequired":true,"valueName":"search_term_string"}}],"inLanguage":"es-BO"},{"@type":"Organization","@id":"https:\/\/joven-esperanza.de\/#organization","name":"Joven Esperanza e.V.","url":"https:\/\/joven-esperanza.de\/","logo":{"@type":"ImageObject","inLanguage":"es-BO","@id":"https:\/\/joven-esperanza.de\/#\/schema\/logo\/image\/","url":"https:\/\/joven-esperanza.de\/wp-content\/uploads\/2024\/02\/joven-esperanza.png","contentUrl":"https:\/\/joven-esperanza.de\/wp-content\/uploads\/2024\/02\/joven-esperanza.png","width":4738,"height":1324,"caption":"Joven Esperanza e.V."},"image":{"@id":"https:\/\/joven-esperanza.de\/#\/schema\/logo\/image\/"},"sameAs":["https:\/\/www.facebook.com\/JovenEsperanza","https:\/\/www.instagram.com\/joven_esperanza_ev\/","https:\/\/www.linkedin.com\/company\/joven-esperanza-e.v.\/","https:\/\/www.youtube.com\/@joven.esperanza"]},{"@type":"Person","@id":"https:\/\/joven-esperanza.de\/#\/schema\/person\/7ac668b14b29e886249d6ed166cb07fb","name":"David Wenderdel","image":{"@type":"ImageObject","inLanguage":"es-BO","@id":"https:\/\/joven-esperanza.de\/#\/schema\/person\/image\/","url":"https:\/\/secure.gravatar.com\/avatar\/a84e178dcd509d154e59dbb782776b40f93e163b49b8e76ae7f4128cfac0ed38?s=96&d=mm&r=g","contentUrl":"https:\/\/secure.gravatar.com\/avatar\/a84e178dcd509d154e59dbb782776b40f93e163b49b8e76ae7f4128cfac0ed38?s=96&d=mm&r=g","caption":"David Wenderdel"}}]}},"uagb_featured_image_src":{"full":["https:\/\/joven-esperanza.de\/wp-content\/uploads\/2026\/03\/4.jpg",1388,831,false],"thumbnail":["https:\/\/joven-esperanza.de\/wp-content\/uploads\/2026\/03\/4-150x150.jpg",150,150,true],"medium":["https:\/\/joven-esperanza.de\/wp-content\/uploads\/2026\/03\/4-300x180.jpg",300,180,true],"medium_large":["https:\/\/joven-esperanza.de\/wp-content\/uploads\/2026\/03\/4-768x460.jpg",768,460,true],"large":["https:\/\/joven-esperanza.de\/wp-content\/uploads\/2026\/03\/4-1024x613.jpg",1024,613,true],"1536x1536":["https:\/\/joven-esperanza.de\/wp-content\/uploads\/2026\/03\/4.jpg",1388,831,false],"2048x2048":["https:\/\/joven-esperanza.de\/wp-content\/uploads\/2026\/03\/4.jpg",1388,831,false],"trp-custom-language-flag":["https:\/\/joven-esperanza.de\/wp-content\/uploads\/2026\/03\/4-18x12.jpg",18,12,true]},"uagb_author_info":{"display_name":"David Wenderdel","author_link":"https:\/\/joven-esperanza.de\/es\/blog\/author\/david\/"},"uagb_comment_info":0,"uagb_excerpt":"Liebe Mitglieder von Joven Esperanza, liebe Freunde, Unterst\u00fctzer und Interessierte, in der Zeit vom 05. Februar 2026 bis zum 06. M\u00e4rz 2026 habe ich das Projekt \u201eCrece y Sue\u00f1a\u201c in Camiri erneut besucht. Von meinem vorherigen Besuch im Sommer 2025 kannte ich ja schon das Projekt und viele Kinder. Bei meiner Ankunft am Freitagmittag in&hellip;","_links":{"self":[{"href":"https:\/\/joven-esperanza.de\/es\/wp-json\/wp\/v2\/posts\/4515","targetHints":{"allow":["GET"]}}],"collection":[{"href":"https:\/\/joven-esperanza.de\/es\/wp-json\/wp\/v2\/posts"}],"about":[{"href":"https:\/\/joven-esperanza.de\/es\/wp-json\/wp\/v2\/types\/post"}],"author":[{"embeddable":true,"href":"https:\/\/joven-esperanza.de\/es\/wp-json\/wp\/v2\/users\/3"}],"replies":[{"embeddable":true,"href":"https:\/\/joven-esperanza.de\/es\/wp-json\/wp\/v2\/comments?post=4515"}],"version-history":[{"count":2,"href":"https:\/\/joven-esperanza.de\/es\/wp-json\/wp\/v2\/posts\/4515\/revisions"}],"predecessor-version":[{"id":4525,"href":"https:\/\/joven-esperanza.de\/es\/wp-json\/wp\/v2\/posts\/4515\/revisions\/4525"}],"wp:featuredmedia":[{"embeddable":true,"href":"https:\/\/joven-esperanza.de\/es\/wp-json\/wp\/v2\/media\/4520"}],"wp:attachment":[{"href":"https:\/\/joven-esperanza.de\/es\/wp-json\/wp\/v2\/media?parent=4515"}],"wp:term":[{"taxonomy":"category","embeddable":true,"href":"https:\/\/joven-esperanza.de\/es\/wp-json\/wp\/v2\/categories?post=4515"},{"taxonomy":"post_tag","embeddable":true,"href":"https:\/\/joven-esperanza.de\/es\/wp-json\/wp\/v2\/tags?post=4515"}],"curies":[{"name":"wp","href":"https:\/\/api.w.org\/{rel}","templated":true}]}}