{"id":4522,"date":"2026-03-17T08:08:38","date_gmt":"2026-03-17T08:08:38","guid":{"rendered":"https:\/\/joven-esperanza.de\/?p=4522"},"modified":"2026-03-17T08:08:40","modified_gmt":"2026-03-17T08:08:40","slug":"einladung-zur-mitgliederversammlung-2026","status":"publish","type":"post","link":"https:\/\/joven-esperanza.de\/es\/blog\/einladung-zur-mitgliederversammlung-2026\/","title":{"rendered":"Einladung zur Mitgliederversammlung 2026"},"content":{"rendered":"<p>Liebes Mitglied, liebe*r Unterst\u00fctzer*in von Joven Esperanza,<\/p>\n\n\n\n<p>das Jahr 2025 war f\u00fcr uns erneut gepr\u00e4gt von spannenden Entwicklungen \u2013 in Bolivien wie auch hier in Deutschland. Wie auf der letzten Mitgliederversammlung angek\u00fcndigt, wurde im vergangenen Jahr die lokale Stiftung \u201eCrece y Sue\u00f1a\u201c neu gegr\u00fcndet und hat ihre Arbeit aufgenommen. Sie verantwortet inzwischen den Projektalltag vor Ort.\u00a0Zudem waren wieder Freiwillige in unserem Projekt im Einsatz und haben den Alltag der Kinder und des Teams bereichert.<\/p>\n\n\n\n<p>Mit Beginn des Schuljahres 2026 gab es au\u00dferdem einige Ver\u00e4nderungen im Team vor Ort. Besonders stolz sind wir auf eine Absolventin aus dem letzten Jahr, die dank eines Stipendiums von Joven Esperanza nun ein Medizinstudium begonnen hat.\u00a0All das stimmt uns sehr zuversichtlich \u2013 wir freuen uns auf das kommende Jahr und die n\u00e4chsten Schritte im Projekt.<\/p>\n\n\n\n<p>Diese und viele weitere Entwicklungen m\u00f6chten wir gern mit dir teilen und laden dich daher herzlich zu unserer kommenden Mitgliederversammlung ein:<\/p>\n\n\n\n<p><strong>Sonntag, 29. M\u00e4rz 2026, um 14:00 Uhr<br>Begegnungsst\u00e4tte Bergstedt e.V.<br>Bergstedter Chaussee 203, 22395 Hamburg<\/strong><\/p>\n\n\n\n<p>Alternativ ist eine <strong>Online-Teilnahme \u00fcber die Plattform Zoom<\/strong> m\u00f6glich:<br><a href=\"https:\/\/rwth.zoom-x.de\/j\/65868132576?pwd=a9OLfqbzazGHJ63vzYOBF1656AfZ9K.1\" target=\"_blank\" rel=\"noreferrer noopener\">https:\/\/rwth.zoom-x.de\/j\/65868132576?pwd=a9OLfqbzazGHJ63vzYOBF1656AfZ9K.1<\/a><br>(Meeting-ID: 658 6813 2576 \u00b7 Kenncode: 910490)<\/p>\n\n\n\n<p>F\u00fcr den offiziellen Teil der Mitgliederversammlung inklusive Pause sind ca. 1,5 Stunden eingeplant. Im Anschluss laden wir herzlich zu einem informellen Austausch bei Kaffee und Kuchen ein. \u00dcber eine <strong>unverbindliche R\u00fcckmeldung<\/strong> an <a href=\"mailto:info@joven-esperanza.de\">info@joven-esperanza.de<\/a> w\u00e4ren wir aus Planungsgr\u00fcnden sehr dankbar.<\/p>","protected":false},"excerpt":{"rendered":"<p>Liebes Mitglied, liebe*r Unterst\u00fctzer*in von Joven Esperanza, das Jahr 2025 war f\u00fcr uns erneut gepr\u00e4gt von spannenden Entwicklungen \u2013 in Bolivien wie auch hier in Deutschland. Wie auf der letzten Mitgliederversammlung angek\u00fcndigt, wurde im vergangenen Jahr die lokale Stiftung \u201eCrece y Sue\u00f1a\u201c neu gegr\u00fcndet und hat ihre Arbeit aufgenommen. Sie verantwortet inzwischen den Projektalltag vor [&hellip;]<\/p>","protected":false},"author":3,"featured_media":4494,"comment_status":"closed","ping_status":"open","sticky":false,"template":"","format":"standard","meta":{"_uag_custom_page_level_css":"","site-sidebar-layout":"default","site-content-layout":"","ast-site-content-layout":"default","site-content-style":"default","site-sidebar-style":"default","ast-global-header-display":"","ast-banner-title-visibility":"","ast-main-header-display":"","ast-hfb-above-header-display":"","ast-hfb-below-header-display":"","ast-hfb-mobile-header-display":"","site-post-title":"","ast-breadcrumbs-content":"","ast-featured-img":"","footer-sml-layout":"","theme-transparent-header-meta":"","adv-header-id-meta":"","stick-header-meta":"","header-above-stick-meta":"","header-main-stick-meta":"","header-below-stick-meta":"","astra-migrate-meta-layouts":"set","ast-page-background-enabled":"default","ast-page-background-meta":{"desktop":{"background-color":"var(--ast-global-color-4)","background-image":"","background-repeat":"repeat","background-position":"center center","background-size":"auto","background-attachment":"scroll","background-type":"","background-media":"","overlay-type":"","overlay-color":"","overlay-gradient":""},"tablet":{"background-color":"","background-image":"","background-repeat":"repeat","background-position":"center center","background-size":"auto","background-attachment":"scroll","background-type":"","background-media":"","overlay-type":"","overlay-color":"","overlay-gradient":""},"mobile":{"background-color":"","background-image":"","background-repeat":"repeat","background-position":"center center","background-size":"auto","background-attachment":"scroll","background-type":"","background-media":"","overlay-type":"","overlay-color":"","overlay-gradient":""}},"ast-content-background-meta":{"desktop":{"background-color":"var(--ast-global-color-5)","background-image":"","background-repeat":"repeat","background-position":"center center","background-size":"auto","background-attachment":"scroll","background-type":"","background-media":"","overlay-type":"","overlay-color":"","overlay-gradient":""},"tablet":{"background-color":"var(--ast-global-color-5)","background-image":"","background-repeat":"repeat","background-position":"center center","background-size":"auto","background-attachment":"scroll","background-type":"","background-media":"","overlay-type":"","overlay-color":"","overlay-gradient":""},"mobile":{"background-color":"var(--ast-global-color-5)","background-image":"","background-repeat":"repeat","background-position":"center center","background-size":"auto","background-attachment":"scroll","background-type":"","background-media":"","overlay-type":"","overlay-color":"","overlay-gradient":""}},"footnotes":""},"categories":[12],"tags":[],"class_list":["post-4522","post","type-post","status-publish","format-standard","has-post-thumbnail","hentry","category-news"],"yoast_head":"<!-- This site is optimized with the Yoast SEO plugin v25.0 - https:\/\/yoast.com\/wordpress\/plugins\/seo\/ -->\n<title>Einladung zur Mitgliederversammlung 2026 - Joven Esperanza e.V.<\/title>\n<meta name=\"robots\" content=\"index, follow, max-snippet:-1, max-image-preview:large, max-video-preview:-1\" \/>\n<link rel=\"canonical\" href=\"https:\/\/joven-esperanza.de\/es\/blog\/einladung-zur-mitgliederversammlung-2026\/\" \/>\n<meta property=\"og:locale\" content=\"es_ES\" \/>\n<meta property=\"og:type\" content=\"article\" \/>\n<meta property=\"og:title\" content=\"Einladung zur Mitgliederversammlung 2026 - Joven Esperanza e.V.\" \/>\n<meta property=\"og:description\" content=\"Liebes Mitglied, liebe*r Unterst\u00fctzer*in von Joven Esperanza, das Jahr 2025 war f\u00fcr uns erneut gepr\u00e4gt von spannenden Entwicklungen \u2013 in Bolivien wie auch hier in Deutschland. Wie auf der letzten Mitgliederversammlung angek\u00fcndigt, wurde im vergangenen Jahr die lokale Stiftung \u201eCrece y Sue\u00f1a\u201c neu gegr\u00fcndet und hat ihre Arbeit aufgenommen. Sie verantwortet inzwischen den Projektalltag vor [&hellip;]\" \/>\n<meta property=\"og:url\" content=\"https:\/\/joven-esperanza.de\/es\/blog\/einladung-zur-mitgliederversammlung-2026\/\" \/>\n<meta property=\"og:site_name\" content=\"Joven Esperanza e.V.\" \/>\n<meta property=\"article:publisher\" content=\"https:\/\/www.facebook.com\/JovenEsperanza\" \/>\n<meta property=\"article:published_time\" content=\"2026-03-17T08:08:38+00:00\" \/>\n<meta property=\"article:modified_time\" content=\"2026-03-17T08:08:40+00:00\" \/>\n<meta property=\"og:image\" content=\"https:\/\/joven-esperanza.de\/wp-content\/uploads\/2025\/12\/PXL_20251001_194420525-scaled.jpg\" \/>\n\t<meta property=\"og:image:width\" content=\"1922\" \/>\n\t<meta property=\"og:image:height\" content=\"2560\" \/>\n\t<meta property=\"og:image:type\" content=\"image\/jpeg\" \/>\n<meta name=\"author\" content=\"David Wenderdel\" \/>\n<meta name=\"twitter:card\" content=\"summary_large_image\" \/>\n<meta name=\"twitter:label1\" content=\"Written by\" \/>\n\t<meta name=\"twitter:data1\" content=\"David Wenderdel\" \/>\n\t<meta name=\"twitter:label2\" content=\"Est. reading time\" \/>\n\t<meta name=\"twitter:data2\" content=\"2 minutes\" \/>\n<script type=\"application\/ld+json\" class=\"yoast-schema-graph\">{\"@context\":\"https:\/\/schema.org\",\"@graph\":[{\"@type\":\"Article\",\"@id\":\"https:\/\/joven-esperanza.de\/blog\/einladung-zur-mitgliederversammlung-2026\/#article\",\"isPartOf\":{\"@id\":\"https:\/\/joven-esperanza.de\/blog\/einladung-zur-mitgliederversammlung-2026\/\"},\"author\":{\"name\":\"David Wenderdel\",\"@id\":\"https:\/\/joven-esperanza.de\/#\/schema\/person\/7ac668b14b29e886249d6ed166cb07fb\"},\"headline\":\"Einladung zur Mitgliederversammlung 2026\",\"datePublished\":\"2026-03-17T08:08:38+00:00\",\"dateModified\":\"2026-03-17T08:08:40+00:00\",\"mainEntityOfPage\":{\"@id\":\"https:\/\/joven-esperanza.de\/blog\/einladung-zur-mitgliederversammlung-2026\/\"},\"wordCount\":243,\"publisher\":{\"@id\":\"https:\/\/joven-esperanza.de\/#organization\"},\"image\":{\"@id\":\"https:\/\/joven-esperanza.de\/blog\/einladung-zur-mitgliederversammlung-2026\/#primaryimage\"},\"thumbnailUrl\":\"https:\/\/joven-esperanza.de\/wp-content\/uploads\/2025\/12\/PXL_20251001_194420525-scaled.jpg\",\"articleSection\":[\"News\"],\"inLanguage\":\"es-BO\"},{\"@type\":\"WebPage\",\"@id\":\"https:\/\/joven-esperanza.de\/blog\/einladung-zur-mitgliederversammlung-2026\/\",\"url\":\"https:\/\/joven-esperanza.de\/blog\/einladung-zur-mitgliederversammlung-2026\/\",\"name\":\"Einladung zur Mitgliederversammlung 2026 - Joven Esperanza e.V.\",\"isPartOf\":{\"@id\":\"https:\/\/joven-esperanza.de\/#website\"},\"primaryImageOfPage\":{\"@id\":\"https:\/\/joven-esperanza.de\/blog\/einladung-zur-mitgliederversammlung-2026\/#primaryimage\"},\"image\":{\"@id\":\"https:\/\/joven-esperanza.de\/blog\/einladung-zur-mitgliederversammlung-2026\/#primaryimage\"},\"thumbnailUrl\":\"https:\/\/joven-esperanza.de\/wp-content\/uploads\/2025\/12\/PXL_20251001_194420525-scaled.jpg\",\"datePublished\":\"2026-03-17T08:08:38+00:00\",\"dateModified\":\"2026-03-17T08:08:40+00:00\",\"breadcrumb\":{\"@id\":\"https:\/\/joven-esperanza.de\/blog\/einladung-zur-mitgliederversammlung-2026\/#breadcrumb\"},\"inLanguage\":\"es-BO\",\"potentialAction\":[{\"@type\":\"ReadAction\",\"target\":[\"https:\/\/joven-esperanza.de\/blog\/einladung-zur-mitgliederversammlung-2026\/\"]}]},{\"@type\":\"ImageObject\",\"inLanguage\":\"es-BO\",\"@id\":\"https:\/\/joven-esperanza.de\/blog\/einladung-zur-mitgliederversammlung-2026\/#primaryimage\",\"url\":\"https:\/\/joven-esperanza.de\/wp-content\/uploads\/2025\/12\/PXL_20251001_194420525-scaled.jpg\",\"contentUrl\":\"https:\/\/joven-esperanza.de\/wp-content\/uploads\/2025\/12\/PXL_20251001_194420525-scaled.jpg\",\"width\":1922,\"height\":2560},{\"@type\":\"BreadcrumbList\",\"@id\":\"https:\/\/joven-esperanza.de\/blog\/einladung-zur-mitgliederversammlung-2026\/#breadcrumb\",\"itemListElement\":[{\"@type\":\"ListItem\",\"position\":1,\"name\":\"Startseite\",\"item\":\"https:\/\/joven-esperanza.de\/\"},{\"@type\":\"ListItem\",\"position\":2,\"name\":\"Einladung zur Mitgliederversammlung 2026\"}]},{\"@type\":\"WebSite\",\"@id\":\"https:\/\/joven-esperanza.de\/#website\",\"url\":\"https:\/\/joven-esperanza.de\/\",\"name\":\"Joven Esperanza e.V.\",\"description\":\"Kindern in Camiri eine Zukunft bieten\",\"publisher\":{\"@id\":\"https:\/\/joven-esperanza.de\/#organization\"},\"potentialAction\":[{\"@type\":\"SearchAction\",\"target\":{\"@type\":\"EntryPoint\",\"urlTemplate\":\"https:\/\/joven-esperanza.de\/?s={search_term_string}\"},\"query-input\":{\"@type\":\"PropertyValueSpecification\",\"valueRequired\":true,\"valueName\":\"search_term_string\"}}],\"inLanguage\":\"es-BO\"},{\"@type\":\"Organization\",\"@id\":\"https:\/\/joven-esperanza.de\/#organization\",\"name\":\"Joven Esperanza e.V.\",\"url\":\"https:\/\/joven-esperanza.de\/\",\"logo\":{\"@type\":\"ImageObject\",\"inLanguage\":\"es-BO\",\"@id\":\"https:\/\/joven-esperanza.de\/#\/schema\/logo\/image\/\",\"url\":\"https:\/\/joven-esperanza.de\/wp-content\/uploads\/2024\/02\/joven-esperanza.png\",\"contentUrl\":\"https:\/\/joven-esperanza.de\/wp-content\/uploads\/2024\/02\/joven-esperanza.png\",\"width\":4738,\"height\":1324,\"caption\":\"Joven Esperanza e.V.\"},\"image\":{\"@id\":\"https:\/\/joven-esperanza.de\/#\/schema\/logo\/image\/\"},\"sameAs\":[\"https:\/\/www.facebook.com\/JovenEsperanza\",\"https:\/\/www.instagram.com\/joven_esperanza_ev\/\",\"https:\/\/www.linkedin.com\/company\/joven-esperanza-e.v.\/\",\"https:\/\/www.youtube.com\/@joven.esperanza\"]},{\"@type\":\"Person\",\"@id\":\"https:\/\/joven-esperanza.de\/#\/schema\/person\/7ac668b14b29e886249d6ed166cb07fb\",\"name\":\"David Wenderdel\",\"image\":{\"@type\":\"ImageObject\",\"inLanguage\":\"es-BO\",\"@id\":\"https:\/\/joven-esperanza.de\/#\/schema\/person\/image\/\",\"url\":\"https:\/\/secure.gravatar.com\/avatar\/a84e178dcd509d154e59dbb782776b40f93e163b49b8e76ae7f4128cfac0ed38?s=96&d=mm&r=g\",\"contentUrl\":\"https:\/\/secure.gravatar.com\/avatar\/a84e178dcd509d154e59dbb782776b40f93e163b49b8e76ae7f4128cfac0ed38?s=96&d=mm&r=g\",\"caption\":\"David Wenderdel\"}}]}<\/script>\n<!-- \/ Yoast SEO plugin. -->","yoast_head_json":{"title":"Einladung zur Mitgliederversammlung 2026 - Joven Esperanza e.V.","robots":{"index":"index","follow":"follow","max-snippet":"max-snippet:-1","max-image-preview":"max-image-preview:large","max-video-preview":"max-video-preview:-1"},"canonical":"https:\/\/joven-esperanza.de\/es\/blog\/einladung-zur-mitgliederversammlung-2026\/","og_locale":"es_ES","og_type":"article","og_title":"Einladung zur Mitgliederversammlung 2026 - Joven Esperanza e.V.","og_description":"Liebes Mitglied, liebe*r Unterst\u00fctzer*in von Joven Esperanza, das Jahr 2025 war f\u00fcr uns erneut gepr\u00e4gt von spannenden Entwicklungen \u2013 in Bolivien wie auch hier in Deutschland. Wie auf der letzten Mitgliederversammlung angek\u00fcndigt, wurde im vergangenen Jahr die lokale Stiftung \u201eCrece y Sue\u00f1a\u201c neu gegr\u00fcndet und hat ihre Arbeit aufgenommen. Sie verantwortet inzwischen den Projektalltag vor [&hellip;]","og_url":"https:\/\/joven-esperanza.de\/es\/blog\/einladung-zur-mitgliederversammlung-2026\/","og_site_name":"Joven Esperanza e.V.","article_publisher":"https:\/\/www.facebook.com\/JovenEsperanza","article_published_time":"2026-03-17T08:08:38+00:00","article_modified_time":"2026-03-17T08:08:40+00:00","og_image":[{"width":1922,"height":2560,"url":"https:\/\/joven-esperanza.de\/wp-content\/uploads\/2025\/12\/PXL_20251001_194420525-scaled.jpg","type":"image\/jpeg"}],"author":"David Wenderdel","twitter_card":"summary_large_image","twitter_misc":{"Written by":"David Wenderdel","Est. reading time":"2 minutes"},"schema":{"@context":"https:\/\/schema.org","@graph":[{"@type":"Article","@id":"https:\/\/joven-esperanza.de\/blog\/einladung-zur-mitgliederversammlung-2026\/#article","isPartOf":{"@id":"https:\/\/joven-esperanza.de\/blog\/einladung-zur-mitgliederversammlung-2026\/"},"author":{"name":"David Wenderdel","@id":"https:\/\/joven-esperanza.de\/#\/schema\/person\/7ac668b14b29e886249d6ed166cb07fb"},"headline":"Einladung zur Mitgliederversammlung 2026","datePublished":"2026-03-17T08:08:38+00:00","dateModified":"2026-03-17T08:08:40+00:00","mainEntityOfPage":{"@id":"https:\/\/joven-esperanza.de\/blog\/einladung-zur-mitgliederversammlung-2026\/"},"wordCount":243,"publisher":{"@id":"https:\/\/joven-esperanza.de\/#organization"},"image":{"@id":"https:\/\/joven-esperanza.de\/blog\/einladung-zur-mitgliederversammlung-2026\/#primaryimage"},"thumbnailUrl":"https:\/\/joven-esperanza.de\/wp-content\/uploads\/2025\/12\/PXL_20251001_194420525-scaled.jpg","articleSection":["News"],"inLanguage":"es-BO"},{"@type":"WebPage","@id":"https:\/\/joven-esperanza.de\/blog\/einladung-zur-mitgliederversammlung-2026\/","url":"https:\/\/joven-esperanza.de\/blog\/einladung-zur-mitgliederversammlung-2026\/","name":"Einladung zur Mitgliederversammlung 2026 - Joven Esperanza e.V.","isPartOf":{"@id":"https:\/\/joven-esperanza.de\/#website"},"primaryImageOfPage":{"@id":"https:\/\/joven-esperanza.de\/blog\/einladung-zur-mitgliederversammlung-2026\/#primaryimage"},"image":{"@id":"https:\/\/joven-esperanza.de\/blog\/einladung-zur-mitgliederversammlung-2026\/#primaryimage"},"thumbnailUrl":"https:\/\/joven-esperanza.de\/wp-content\/uploads\/2025\/12\/PXL_20251001_194420525-scaled.jpg","datePublished":"2026-03-17T08:08:38+00:00","dateModified":"2026-03-17T08:08:40+00:00","breadcrumb":{"@id":"https:\/\/joven-esperanza.de\/blog\/einladung-zur-mitgliederversammlung-2026\/#breadcrumb"},"inLanguage":"es-BO","potentialAction":[{"@type":"ReadAction","target":["https:\/\/joven-esperanza.de\/blog\/einladung-zur-mitgliederversammlung-2026\/"]}]},{"@type":"ImageObject","inLanguage":"es-BO","@id":"https:\/\/joven-esperanza.de\/blog\/einladung-zur-mitgliederversammlung-2026\/#primaryimage","url":"https:\/\/joven-esperanza.de\/wp-content\/uploads\/2025\/12\/PXL_20251001_194420525-scaled.jpg","contentUrl":"https:\/\/joven-esperanza.de\/wp-content\/uploads\/2025\/12\/PXL_20251001_194420525-scaled.jpg","width":1922,"height":2560},{"@type":"BreadcrumbList","@id":"https:\/\/joven-esperanza.de\/blog\/einladung-zur-mitgliederversammlung-2026\/#breadcrumb","itemListElement":[{"@type":"ListItem","position":1,"name":"Startseite","item":"https:\/\/joven-esperanza.de\/"},{"@type":"ListItem","position":2,"name":"Einladung zur Mitgliederversammlung 2026"}]},{"@type":"WebSite","@id":"https:\/\/joven-esperanza.de\/#website","url":"https:\/\/joven-esperanza.de\/","name":"Joven Esperanza e.V.","description":"Kindern in Camiri eine Zukunft bieten","publisher":{"@id":"https:\/\/joven-esperanza.de\/#organization"},"potentialAction":[{"@type":"SearchAction","target":{"@type":"EntryPoint","urlTemplate":"https:\/\/joven-esperanza.de\/?s={search_term_string}"},"query-input":{"@type":"PropertyValueSpecification","valueRequired":true,"valueName":"search_term_string"}}],"inLanguage":"es-BO"},{"@type":"Organization","@id":"https:\/\/joven-esperanza.de\/#organization","name":"Joven Esperanza e.V.","url":"https:\/\/joven-esperanza.de\/","logo":{"@type":"ImageObject","inLanguage":"es-BO","@id":"https:\/\/joven-esperanza.de\/#\/schema\/logo\/image\/","url":"https:\/\/joven-esperanza.de\/wp-content\/uploads\/2024\/02\/joven-esperanza.png","contentUrl":"https:\/\/joven-esperanza.de\/wp-content\/uploads\/2024\/02\/joven-esperanza.png","width":4738,"height":1324,"caption":"Joven Esperanza e.V."},"image":{"@id":"https:\/\/joven-esperanza.de\/#\/schema\/logo\/image\/"},"sameAs":["https:\/\/www.facebook.com\/JovenEsperanza","https:\/\/www.instagram.com\/joven_esperanza_ev\/","https:\/\/www.linkedin.com\/company\/joven-esperanza-e.v.\/","https:\/\/www.youtube.com\/@joven.esperanza"]},{"@type":"Person","@id":"https:\/\/joven-esperanza.de\/#\/schema\/person\/7ac668b14b29e886249d6ed166cb07fb","name":"David Wenderdel","image":{"@type":"ImageObject","inLanguage":"es-BO","@id":"https:\/\/joven-esperanza.de\/#\/schema\/person\/image\/","url":"https:\/\/secure.gravatar.com\/avatar\/a84e178dcd509d154e59dbb782776b40f93e163b49b8e76ae7f4128cfac0ed38?s=96&d=mm&r=g","contentUrl":"https:\/\/secure.gravatar.com\/avatar\/a84e178dcd509d154e59dbb782776b40f93e163b49b8e76ae7f4128cfac0ed38?s=96&d=mm&r=g","caption":"David Wenderdel"}}]}},"uagb_featured_image_src":{"full":["https:\/\/joven-esperanza.de\/wp-content\/uploads\/2025\/12\/PXL_20251001_194420525-scaled.jpg",1922,2560,false],"thumbnail":["https:\/\/joven-esperanza.de\/wp-content\/uploads\/2025\/12\/PXL_20251001_194420525-150x150.jpg",150,150,true],"medium":["https:\/\/joven-esperanza.de\/wp-content\/uploads\/2025\/12\/PXL_20251001_194420525-225x300.jpg",225,300,true],"medium_large":["https:\/\/joven-esperanza.de\/wp-content\/uploads\/2025\/12\/PXL_20251001_194420525-768x1023.jpg",768,1023,true],"large":["https:\/\/joven-esperanza.de\/wp-content\/uploads\/2025\/12\/PXL_20251001_194420525-769x1024.jpg",769,1024,true],"1536x1536":["https:\/\/joven-esperanza.de\/wp-content\/uploads\/2025\/12\/PXL_20251001_194420525-1153x1536.jpg",1153,1536,true],"2048x2048":["https:\/\/joven-esperanza.de\/wp-content\/uploads\/2025\/12\/PXL_20251001_194420525-1538x2048.jpg",1538,2048,true],"trp-custom-language-flag":["https:\/\/joven-esperanza.de\/wp-content\/uploads\/2025\/12\/PXL_20251001_194420525-9x12.jpg",9,12,true]},"uagb_author_info":{"display_name":"David Wenderdel","author_link":"https:\/\/joven-esperanza.de\/es\/blog\/author\/david\/"},"uagb_comment_info":0,"uagb_excerpt":"Liebes Mitglied, liebe*r Unterst\u00fctzer*in von Joven Esperanza, das Jahr 2025 war f\u00fcr uns erneut gepr\u00e4gt von spannenden Entwicklungen \u2013 in Bolivien wie auch hier in Deutschland. Wie auf der letzten Mitgliederversammlung angek\u00fcndigt, wurde im vergangenen Jahr die lokale Stiftung \u201eCrece y Sue\u00f1a\u201c neu gegr\u00fcndet und hat ihre Arbeit aufgenommen. Sie verantwortet inzwischen den Projektalltag vor&hellip;","_links":{"self":[{"href":"https:\/\/joven-esperanza.de\/es\/wp-json\/wp\/v2\/posts\/4522","targetHints":{"allow":["GET"]}}],"collection":[{"href":"https:\/\/joven-esperanza.de\/es\/wp-json\/wp\/v2\/posts"}],"about":[{"href":"https:\/\/joven-esperanza.de\/es\/wp-json\/wp\/v2\/types\/post"}],"author":[{"embeddable":true,"href":"https:\/\/joven-esperanza.de\/es\/wp-json\/wp\/v2\/users\/3"}],"replies":[{"embeddable":true,"href":"https:\/\/joven-esperanza.de\/es\/wp-json\/wp\/v2\/comments?post=4522"}],"version-history":[{"count":1,"href":"https:\/\/joven-esperanza.de\/es\/wp-json\/wp\/v2\/posts\/4522\/revisions"}],"predecessor-version":[{"id":4523,"href":"https:\/\/joven-esperanza.de\/es\/wp-json\/wp\/v2\/posts\/4522\/revisions\/4523"}],"wp:featuredmedia":[{"embeddable":true,"href":"https:\/\/joven-esperanza.de\/es\/wp-json\/wp\/v2\/media\/4494"}],"wp:attachment":[{"href":"https:\/\/joven-esperanza.de\/es\/wp-json\/wp\/v2\/media?parent=4522"}],"wp:term":[{"taxonomy":"category","embeddable":true,"href":"https:\/\/joven-esperanza.de\/es\/wp-json\/wp\/v2\/categories?post=4522"},{"taxonomy":"post_tag","embeddable":true,"href":"https:\/\/joven-esperanza.de\/es\/wp-json\/wp\/v2\/tags?post=4522"}],"curies":[{"name":"wp","href":"https:\/\/api.w.org\/{rel}","templated":true}]}}