{"id":461,"date":"2018-04-07T13:06:48","date_gmt":"2018-04-07T13:06:48","guid":{"rendered":"https:\/\/dev.joven-esperanza.de\/bericht-zur-vereinsversammlung-2018\/"},"modified":"2024-02-20T07:19:58","modified_gmt":"2024-02-20T07:19:58","slug":"bericht-zur-vereinsversammlung-2018","status":"publish","type":"post","link":"https:\/\/joven-esperanza.de\/es\/blog\/bericht-zur-vereinsversammlung-2018\/","title":{"rendered":"Bericht zur Vereinsversammlung 2018"},"content":{"rendered":"<p>am Sonntag vor Ostern&nbsp;fand unsere Mitgliederversammlung statt, von der wir nun gerne kurz berichten wollen (ein ausf\u00fchrliches Protokoll und einen Finanzbericht findet ihr im Anhang). Wie auch schon in den letzten Jahren war der Kaminraum im Haus der Natur gut gef\u00fcllt &#8211; sch\u00f6n, dass 36 Mitglieder und G\u00e4ste gekommen sind.<\/p>\n\n\n\n<p>Nachdem Julius f\u00fcr die neuen G\u00e4ste kurz das Projekt erkl\u00e4rt hat, folgte ein Jahresr\u00fcckblick des PEANDERs sowie Joven Esperanzas. Nicht nur in Camiri gibt es viele Fortschritte, sondern auch wir konnten dieses Jahr 23 neue Mitglieder begr\u00fc\u00dfen und so inzwischen 75% der laufenden Kosten durch Mitgliedsbeitr\u00e4ge decken. Durch unsere nun 132 Mitglieder sowie tolle Aktionen und gro\u00dfz\u00fcgige Einzelspenden haben wir eine gute Stabilit\u00e4t erreicht und Sonntag bereits in kleineren Gruppen \u00fcber m\u00f6gliche Bildungs- und Gesundheitst\u00f6pfe diskutiert. Diese sind daf\u00fcr gedacht, in Zukunft auch Einzelschicksale zu unterst\u00fctzen. Daf\u00fcr ben\u00f6tigen wir in diesem Jahr ebenfalls eine steigende Mitgliederzahl und weiterhin eure Unterst\u00fctzung &#8211; verweist gerne auf unsere Homepage!<\/p>\n\n\n\n<p>Weitere gute Nachrichten gibt es von der \u201eJuristischen Person\u201c, mit der das PENADER offiziell als gemein\u00fctziger Verein in Bolivien anerkannt wird und beispielweise ein Bankkonto er\u00f6ffnen, Sachspenden beziehen oder ein Haus kaufen kann. Nach vielen Jahren sind unsere Freunde in Camiri jetzt kurz vor der Eintragung ins Vereinsregister und w\u00fcrden damit einen gro\u00dfen Schritt Richtung Unabh\u00e4ngigkeit machen. Insbesondere der Hauskauf ist unser langfristiges Ziel. In Bolivien wird daf\u00fcr jetzt die Grundlage geschaffen. In Deutschland informieren wir uns \u00fcber m\u00f6gliche F\u00f6rderungsmittel durch Stiftungen, die uns dabei helfen k\u00f6nnten einen zuk\u00fcnftigen Hauskauf zu finanzieren. Wir halten euch auf dem Laufenden!<\/p>\n\n\n\n<p>Marisa und Jojo haben auch von ihren Eindr\u00fccken, vielen, vielen sch\u00f6nen Erlebnissen und einigen Herausforderungen aus den letzten Jahren bzw. aus 2017 berichtet, sowie einige Bilder und Videos gezeigt. Trotz kleiner R\u00fcckschl\u00e4ge und gelegentlich einem \u201ebolivianischen\u201c statt gew\u00fcnschten \u201edeutschen\u201c Tempo, sind im Laufe der Jahre unglaubliche Fortschritte und vor allem eine Kontinuit\u00e4t zu sehen. So essen die Kinder beispielsweise l\u00e4ngst nicht mehr auf dem Boden oder machen ihre Hausaufgaben auf dem Scho\u00df, sondern sitzen an gro\u00dfen Tischen, wo sie ein ausgewogenes, warmes Mittagessen zu sich nehmen oder ihre Hausaufgaben in Ruhe erledigen. Auch Micaela, Gr\u00fcndungsmitglied des PEANDERs, die zu unserer Begeisterung aus Madrid, wo sie gerade ein Auslandssemester macht, kommen konnte, berichtete begeistert: 19 von 22 Jugendlichen aus den jeweiligen Abschlussjahrg\u00e4ngen haben durch die Unterst\u00fctzung des PENADERs in den letzten drei Jahren ihren Schulabschluss gemacht. Sie haben Arbeit gefunden oder studieren sogar.<\/p>\n\n\n\n<p>Micaela sprach uns im Namen der Kinder MUCHAS GRACIAS aus!<\/p>\n\n\n\n<p>Bei der Wahl des Vorstandes wurde Julius Knierer als Vorsitzender wiedergew\u00e4hlt, Marisa Amaya Rudilla (vorher Schatzmeisterin) ist nun zweite Vorsitzende und Johanna Gewand (neu im Team) Schatzmeisterin, wobei wir die Aufgaben intern etwas flexibler verteilen. Wir freuen uns sehr, dass uns Alexander Maywurm und Marie Claes im erweiterten Vorstand erhalten bleiben und dass au\u00dferdem Teresa K\u00fcckmann unser Team bereichern wird. An dieser Stelle noch einmal einen besonderen Dank an Marie, die sieben Jahre engagiert und zuverl\u00e4ssig als zweite Vorsitzende das Projekt unterst\u00fctzt hat!<\/p>\n\n\n\n<p>Nun freuen wir uns auf das n\u00e4chste Jahr mit euch und hoffentlich weiteren Mitgliedern, mit tollen Aktionen (wie dem zweiten Sommerfest, das Lutz und Friederike mit einigen Helfern bereits planen), Neuigkeiten und vielen Fotos direkt aus dem PEANDER von Marisa und Jojo, die im Sommer hinfliegen wollen, und mit vielen gl\u00fccklichen Kindern, die weiterhin im PENADER essen und Hausaufgaben machen k\u00f6nnen und dort vor allem ein zweites Zuhause haben.<\/p>","protected":false},"excerpt":{"rendered":"<p>am Sonntag vor Ostern&nbsp;fand unsere Mitgliederversammlung statt, von der wir nun gerne kurz berichten wollen (ein ausf\u00fchrliches Protokoll und einen Finanzbericht findet ihr im Anhang). Wie auch schon in den letzten Jahren war der Kaminraum im Haus der Natur gut gef\u00fcllt &#8211; sch\u00f6n, dass 36 Mitglieder und G\u00e4ste gekommen sind. Nachdem Julius f\u00fcr die neuen [&hellip;]<\/p>","protected":false},"author":1,"featured_media":608,"comment_status":"closed","ping_status":"closed","sticky":false,"template":"","format":"standard","meta":{"_uag_custom_page_level_css":"","site-sidebar-layout":"default","site-content-layout":"","ast-site-content-layout":"default","site-content-style":"default","site-sidebar-style":"default","ast-global-header-display":"","ast-banner-title-visibility":"","ast-main-header-display":"","ast-hfb-above-header-display":"","ast-hfb-below-header-display":"","ast-hfb-mobile-header-display":"","site-post-title":"","ast-breadcrumbs-content":"","ast-featured-img":"","footer-sml-layout":"","theme-transparent-header-meta":"","adv-header-id-meta":"","stick-header-meta":"","header-above-stick-meta":"","header-main-stick-meta":"","header-below-stick-meta":"","astra-migrate-meta-layouts":"set","ast-page-background-enabled":"default","ast-page-background-meta":{"desktop":{"background-color":"var(--ast-global-color-4)","background-image":"","background-repeat":"repeat","background-position":"center center","background-size":"auto","background-attachment":"scroll","background-type":"","background-media":"","overlay-type":"","overlay-color":"","overlay-gradient":""},"tablet":{"background-color":"","background-image":"","background-repeat":"repeat","background-position":"center center","background-size":"auto","background-attachment":"scroll","background-type":"","background-media":"","overlay-type":"","overlay-color":"","overlay-gradient":""},"mobile":{"background-color":"","background-image":"","background-repeat":"repeat","background-position":"center center","background-size":"auto","background-attachment":"scroll","background-type":"","background-media":"","overlay-type":"","overlay-color":"","overlay-gradient":""}},"ast-content-background-meta":{"desktop":{"background-color":"var(--ast-global-color-5)","background-image":"","background-repeat":"repeat","background-position":"center center","background-size":"auto","background-attachment":"scroll","background-type":"","background-media":"","overlay-type":"","overlay-color":"","overlay-gradient":""},"tablet":{"background-color":"var(--ast-global-color-5)","background-image":"","background-repeat":"repeat","background-position":"center center","background-size":"auto","background-attachment":"scroll","background-type":"","background-media":"","overlay-type":"","overlay-color":"","overlay-gradient":""},"mobile":{"background-color":"var(--ast-global-color-5)","background-image":"","background-repeat":"repeat","background-position":"center center","background-size":"auto","background-attachment":"scroll","background-type":"","background-media":"","overlay-type":"","overlay-color":"","overlay-gradient":""}},"footnotes":""},"categories":[14,15],"tags":[],"class_list":["post-461","post","type-post","status-publish","format-standard","has-post-thumbnail","hentry","category-gesundheit","category-mitgliederversammlung"],"yoast_head":"<!-- This site is optimized with the Yoast SEO plugin v25.0 - https:\/\/yoast.com\/wordpress\/plugins\/seo\/ -->\n<title>Bericht zur Vereinsversammlung 2018 - Joven Esperanza e.V.<\/title>\n<meta name=\"robots\" content=\"index, follow, max-snippet:-1, max-image-preview:large, max-video-preview:-1\" \/>\n<link rel=\"canonical\" href=\"https:\/\/joven-esperanza.de\/es\/blog\/bericht-zur-vereinsversammlung-2018\/\" \/>\n<meta property=\"og:locale\" content=\"es_ES\" \/>\n<meta property=\"og:type\" content=\"article\" \/>\n<meta property=\"og:title\" content=\"Bericht zur Vereinsversammlung 2018 - Joven Esperanza e.V.\" \/>\n<meta property=\"og:description\" content=\"am Sonntag vor Ostern&nbsp;fand unsere Mitgliederversammlung statt, von der wir nun gerne kurz berichten wollen (ein ausf\u00fchrliches Protokoll und einen Finanzbericht findet ihr im Anhang). Wie auch schon in den letzten Jahren war der Kaminraum im Haus der Natur gut gef\u00fcllt &#8211; sch\u00f6n, dass 36 Mitglieder und G\u00e4ste gekommen sind. Nachdem Julius f\u00fcr die neuen [&hellip;]\" \/>\n<meta property=\"og:url\" content=\"https:\/\/joven-esperanza.de\/es\/blog\/bericht-zur-vereinsversammlung-2018\/\" \/>\n<meta property=\"og:site_name\" content=\"Joven Esperanza e.V.\" \/>\n<meta property=\"article:publisher\" content=\"https:\/\/www.facebook.com\/JovenEsperanza\" \/>\n<meta property=\"article:published_time\" content=\"2018-04-07T13:06:48+00:00\" \/>\n<meta property=\"article:modified_time\" content=\"2024-02-20T07:19:58+00:00\" \/>\n<meta property=\"og:image\" content=\"https:\/\/joven-esperanza.de\/wp-content\/uploads\/2021\/01\/image-6.jpeg\" \/>\n\t<meta property=\"og:image:width\" content=\"232\" \/>\n\t<meta property=\"og:image:height\" content=\"192\" \/>\n\t<meta property=\"og:image:type\" content=\"image\/jpeg\" \/>\n<meta name=\"author\" content=\"Joven Esperanza\" \/>\n<meta name=\"twitter:card\" content=\"summary_large_image\" \/>\n<meta name=\"twitter:label1\" content=\"Written by\" \/>\n\t<meta name=\"twitter:data1\" content=\"Joven Esperanza\" \/>\n\t<meta name=\"twitter:label2\" content=\"Est. reading time\" \/>\n\t<meta name=\"twitter:data2\" content=\"3 minutes\" \/>\n<script type=\"application\/ld+json\" class=\"yoast-schema-graph\">{\"@context\":\"https:\/\/schema.org\",\"@graph\":[{\"@type\":\"Article\",\"@id\":\"https:\/\/joven-esperanza.de\/blog\/bericht-zur-vereinsversammlung-2018\/#article\",\"isPartOf\":{\"@id\":\"https:\/\/joven-esperanza.de\/blog\/bericht-zur-vereinsversammlung-2018\/\"},\"author\":{\"name\":\"Joven Esperanza\",\"@id\":\"https:\/\/joven-esperanza.de\/#\/schema\/person\/05b4ae1a74d76612f45fe8c2fb62040e\"},\"headline\":\"Bericht zur Vereinsversammlung 2018\",\"datePublished\":\"2018-04-07T13:06:48+00:00\",\"dateModified\":\"2024-02-20T07:19:58+00:00\",\"mainEntityOfPage\":{\"@id\":\"https:\/\/joven-esperanza.de\/blog\/bericht-zur-vereinsversammlung-2018\/\"},\"wordCount\":605,\"publisher\":{\"@id\":\"https:\/\/joven-esperanza.de\/#organization\"},\"image\":{\"@id\":\"https:\/\/joven-esperanza.de\/blog\/bericht-zur-vereinsversammlung-2018\/#primaryimage\"},\"thumbnailUrl\":\"https:\/\/joven-esperanza.de\/wp-content\/uploads\/2021\/01\/image-6.jpeg\",\"articleSection\":[\"Gesundheit\",\"Mitgliederversammlung\"],\"inLanguage\":\"es-BO\"},{\"@type\":\"WebPage\",\"@id\":\"https:\/\/joven-esperanza.de\/blog\/bericht-zur-vereinsversammlung-2018\/\",\"url\":\"https:\/\/joven-esperanza.de\/blog\/bericht-zur-vereinsversammlung-2018\/\",\"name\":\"Bericht zur Vereinsversammlung 2018 - Joven Esperanza e.V.\",\"isPartOf\":{\"@id\":\"https:\/\/joven-esperanza.de\/#website\"},\"primaryImageOfPage\":{\"@id\":\"https:\/\/joven-esperanza.de\/blog\/bericht-zur-vereinsversammlung-2018\/#primaryimage\"},\"image\":{\"@id\":\"https:\/\/joven-esperanza.de\/blog\/bericht-zur-vereinsversammlung-2018\/#primaryimage\"},\"thumbnailUrl\":\"https:\/\/joven-esperanza.de\/wp-content\/uploads\/2021\/01\/image-6.jpeg\",\"datePublished\":\"2018-04-07T13:06:48+00:00\",\"dateModified\":\"2024-02-20T07:19:58+00:00\",\"breadcrumb\":{\"@id\":\"https:\/\/joven-esperanza.de\/blog\/bericht-zur-vereinsversammlung-2018\/#breadcrumb\"},\"inLanguage\":\"es-BO\",\"potentialAction\":[{\"@type\":\"ReadAction\",\"target\":[\"https:\/\/joven-esperanza.de\/blog\/bericht-zur-vereinsversammlung-2018\/\"]}]},{\"@type\":\"ImageObject\",\"inLanguage\":\"es-BO\",\"@id\":\"https:\/\/joven-esperanza.de\/blog\/bericht-zur-vereinsversammlung-2018\/#primaryimage\",\"url\":\"https:\/\/joven-esperanza.de\/wp-content\/uploads\/2021\/01\/image-6.jpeg\",\"contentUrl\":\"https:\/\/joven-esperanza.de\/wp-content\/uploads\/2021\/01\/image-6.jpeg\",\"width\":232,\"height\":192},{\"@type\":\"BreadcrumbList\",\"@id\":\"https:\/\/joven-esperanza.de\/blog\/bericht-zur-vereinsversammlung-2018\/#breadcrumb\",\"itemListElement\":[{\"@type\":\"ListItem\",\"position\":1,\"name\":\"Startseite\",\"item\":\"https:\/\/joven-esperanza.de\/\"},{\"@type\":\"ListItem\",\"position\":2,\"name\":\"Bericht zur Vereinsversammlung 2018\"}]},{\"@type\":\"WebSite\",\"@id\":\"https:\/\/joven-esperanza.de\/#website\",\"url\":\"https:\/\/joven-esperanza.de\/\",\"name\":\"Joven Esperanza e.V.\",\"description\":\"Kindern in Camiri eine Zukunft bieten\",\"publisher\":{\"@id\":\"https:\/\/joven-esperanza.de\/#organization\"},\"potentialAction\":[{\"@type\":\"SearchAction\",\"target\":{\"@type\":\"EntryPoint\",\"urlTemplate\":\"https:\/\/joven-esperanza.de\/?s={search_term_string}\"},\"query-input\":{\"@type\":\"PropertyValueSpecification\",\"valueRequired\":true,\"valueName\":\"search_term_string\"}}],\"inLanguage\":\"es-BO\"},{\"@type\":\"Organization\",\"@id\":\"https:\/\/joven-esperanza.de\/#organization\",\"name\":\"Joven Esperanza e.V.\",\"url\":\"https:\/\/joven-esperanza.de\/\",\"logo\":{\"@type\":\"ImageObject\",\"inLanguage\":\"es-BO\",\"@id\":\"https:\/\/joven-esperanza.de\/#\/schema\/logo\/image\/\",\"url\":\"https:\/\/joven-esperanza.de\/wp-content\/uploads\/2024\/02\/joven-esperanza.png\",\"contentUrl\":\"https:\/\/joven-esperanza.de\/wp-content\/uploads\/2024\/02\/joven-esperanza.png\",\"width\":4738,\"height\":1324,\"caption\":\"Joven Esperanza e.V.\"},\"image\":{\"@id\":\"https:\/\/joven-esperanza.de\/#\/schema\/logo\/image\/\"},\"sameAs\":[\"https:\/\/www.facebook.com\/JovenEsperanza\",\"https:\/\/www.instagram.com\/joven_esperanza_ev\/\",\"https:\/\/www.linkedin.com\/company\/joven-esperanza-e.v.\/\",\"https:\/\/www.youtube.com\/@joven.esperanza\"]},{\"@type\":\"Person\",\"@id\":\"https:\/\/joven-esperanza.de\/#\/schema\/person\/05b4ae1a74d76612f45fe8c2fb62040e\",\"name\":\"Joven Esperanza\",\"image\":{\"@type\":\"ImageObject\",\"inLanguage\":\"es-BO\",\"@id\":\"https:\/\/joven-esperanza.de\/#\/schema\/person\/image\/\",\"url\":\"https:\/\/secure.gravatar.com\/avatar\/e517935b4b2a02445a70c803291d229ef42b7962df094c3c9edf5b7aac19750c?s=96&d=mm&r=g\",\"contentUrl\":\"https:\/\/secure.gravatar.com\/avatar\/e517935b4b2a02445a70c803291d229ef42b7962df094c3c9edf5b7aac19750c?s=96&d=mm&r=g\",\"caption\":\"Joven Esperanza\"},\"sameAs\":[\"https:\/\/dev.joven-esperanza.de\"]}]}<\/script>\n<!-- \/ Yoast SEO plugin. -->","yoast_head_json":{"title":"Bericht zur Vereinsversammlung 2018 - Joven Esperanza e.V.","robots":{"index":"index","follow":"follow","max-snippet":"max-snippet:-1","max-image-preview":"max-image-preview:large","max-video-preview":"max-video-preview:-1"},"canonical":"https:\/\/joven-esperanza.de\/es\/blog\/bericht-zur-vereinsversammlung-2018\/","og_locale":"es_ES","og_type":"article","og_title":"Bericht zur Vereinsversammlung 2018 - Joven Esperanza e.V.","og_description":"am Sonntag vor Ostern&nbsp;fand unsere Mitgliederversammlung statt, von der wir nun gerne kurz berichten wollen (ein ausf\u00fchrliches Protokoll und einen Finanzbericht findet ihr im Anhang). Wie auch schon in den letzten Jahren war der Kaminraum im Haus der Natur gut gef\u00fcllt &#8211; sch\u00f6n, dass 36 Mitglieder und G\u00e4ste gekommen sind. Nachdem Julius f\u00fcr die neuen [&hellip;]","og_url":"https:\/\/joven-esperanza.de\/es\/blog\/bericht-zur-vereinsversammlung-2018\/","og_site_name":"Joven Esperanza e.V.","article_publisher":"https:\/\/www.facebook.com\/JovenEsperanza","article_published_time":"2018-04-07T13:06:48+00:00","article_modified_time":"2024-02-20T07:19:58+00:00","og_image":[{"width":232,"height":192,"url":"https:\/\/joven-esperanza.de\/wp-content\/uploads\/2021\/01\/image-6.jpeg","type":"image\/jpeg"}],"author":"Joven Esperanza","twitter_card":"summary_large_image","twitter_misc":{"Written by":"Joven Esperanza","Est. reading time":"3 minutes"},"schema":{"@context":"https:\/\/schema.org","@graph":[{"@type":"Article","@id":"https:\/\/joven-esperanza.de\/blog\/bericht-zur-vereinsversammlung-2018\/#article","isPartOf":{"@id":"https:\/\/joven-esperanza.de\/blog\/bericht-zur-vereinsversammlung-2018\/"},"author":{"name":"Joven Esperanza","@id":"https:\/\/joven-esperanza.de\/#\/schema\/person\/05b4ae1a74d76612f45fe8c2fb62040e"},"headline":"Bericht zur Vereinsversammlung 2018","datePublished":"2018-04-07T13:06:48+00:00","dateModified":"2024-02-20T07:19:58+00:00","mainEntityOfPage":{"@id":"https:\/\/joven-esperanza.de\/blog\/bericht-zur-vereinsversammlung-2018\/"},"wordCount":605,"publisher":{"@id":"https:\/\/joven-esperanza.de\/#organization"},"image":{"@id":"https:\/\/joven-esperanza.de\/blog\/bericht-zur-vereinsversammlung-2018\/#primaryimage"},"thumbnailUrl":"https:\/\/joven-esperanza.de\/wp-content\/uploads\/2021\/01\/image-6.jpeg","articleSection":["Gesundheit","Mitgliederversammlung"],"inLanguage":"es-BO"},{"@type":"WebPage","@id":"https:\/\/joven-esperanza.de\/blog\/bericht-zur-vereinsversammlung-2018\/","url":"https:\/\/joven-esperanza.de\/blog\/bericht-zur-vereinsversammlung-2018\/","name":"Bericht zur Vereinsversammlung 2018 - Joven Esperanza e.V.","isPartOf":{"@id":"https:\/\/joven-esperanza.de\/#website"},"primaryImageOfPage":{"@id":"https:\/\/joven-esperanza.de\/blog\/bericht-zur-vereinsversammlung-2018\/#primaryimage"},"image":{"@id":"https:\/\/joven-esperanza.de\/blog\/bericht-zur-vereinsversammlung-2018\/#primaryimage"},"thumbnailUrl":"https:\/\/joven-esperanza.de\/wp-content\/uploads\/2021\/01\/image-6.jpeg","datePublished":"2018-04-07T13:06:48+00:00","dateModified":"2024-02-20T07:19:58+00:00","breadcrumb":{"@id":"https:\/\/joven-esperanza.de\/blog\/bericht-zur-vereinsversammlung-2018\/#breadcrumb"},"inLanguage":"es-BO","potentialAction":[{"@type":"ReadAction","target":["https:\/\/joven-esperanza.de\/blog\/bericht-zur-vereinsversammlung-2018\/"]}]},{"@type":"ImageObject","inLanguage":"es-BO","@id":"https:\/\/joven-esperanza.de\/blog\/bericht-zur-vereinsversammlung-2018\/#primaryimage","url":"https:\/\/joven-esperanza.de\/wp-content\/uploads\/2021\/01\/image-6.jpeg","contentUrl":"https:\/\/joven-esperanza.de\/wp-content\/uploads\/2021\/01\/image-6.jpeg","width":232,"height":192},{"@type":"BreadcrumbList","@id":"https:\/\/joven-esperanza.de\/blog\/bericht-zur-vereinsversammlung-2018\/#breadcrumb","itemListElement":[{"@type":"ListItem","position":1,"name":"Startseite","item":"https:\/\/joven-esperanza.de\/"},{"@type":"ListItem","position":2,"name":"Bericht zur Vereinsversammlung 2018"}]},{"@type":"WebSite","@id":"https:\/\/joven-esperanza.de\/#website","url":"https:\/\/joven-esperanza.de\/","name":"Joven Esperanza e.V.","description":"Kindern in Camiri eine Zukunft bieten","publisher":{"@id":"https:\/\/joven-esperanza.de\/#organization"},"potentialAction":[{"@type":"SearchAction","target":{"@type":"EntryPoint","urlTemplate":"https:\/\/joven-esperanza.de\/?s={search_term_string}"},"query-input":{"@type":"PropertyValueSpecification","valueRequired":true,"valueName":"search_term_string"}}],"inLanguage":"es-BO"},{"@type":"Organization","@id":"https:\/\/joven-esperanza.de\/#organization","name":"Joven Esperanza e.V.","url":"https:\/\/joven-esperanza.de\/","logo":{"@type":"ImageObject","inLanguage":"es-BO","@id":"https:\/\/joven-esperanza.de\/#\/schema\/logo\/image\/","url":"https:\/\/joven-esperanza.de\/wp-content\/uploads\/2024\/02\/joven-esperanza.png","contentUrl":"https:\/\/joven-esperanza.de\/wp-content\/uploads\/2024\/02\/joven-esperanza.png","width":4738,"height":1324,"caption":"Joven Esperanza e.V."},"image":{"@id":"https:\/\/joven-esperanza.de\/#\/schema\/logo\/image\/"},"sameAs":["https:\/\/www.facebook.com\/JovenEsperanza","https:\/\/www.instagram.com\/joven_esperanza_ev\/","https:\/\/www.linkedin.com\/company\/joven-esperanza-e.v.\/","https:\/\/www.youtube.com\/@joven.esperanza"]},{"@type":"Person","@id":"https:\/\/joven-esperanza.de\/#\/schema\/person\/05b4ae1a74d76612f45fe8c2fb62040e","name":"Joven Esperanza","image":{"@type":"ImageObject","inLanguage":"es-BO","@id":"https:\/\/joven-esperanza.de\/#\/schema\/person\/image\/","url":"https:\/\/secure.gravatar.com\/avatar\/e517935b4b2a02445a70c803291d229ef42b7962df094c3c9edf5b7aac19750c?s=96&d=mm&r=g","contentUrl":"https:\/\/secure.gravatar.com\/avatar\/e517935b4b2a02445a70c803291d229ef42b7962df094c3c9edf5b7aac19750c?s=96&d=mm&r=g","caption":"Joven Esperanza"},"sameAs":["https:\/\/dev.joven-esperanza.de"]}]}},"uagb_featured_image_src":{"full":["https:\/\/joven-esperanza.de\/wp-content\/uploads\/2021\/01\/image-6.jpeg",232,192,false],"thumbnail":["https:\/\/joven-esperanza.de\/wp-content\/uploads\/2021\/01\/image-6-150x150.jpeg",150,150,true],"medium":["https:\/\/joven-esperanza.de\/wp-content\/uploads\/2021\/01\/image-6.jpeg",232,192,false],"medium_large":["https:\/\/joven-esperanza.de\/wp-content\/uploads\/2021\/01\/image-6.jpeg",232,192,false],"large":["https:\/\/joven-esperanza.de\/wp-content\/uploads\/2021\/01\/image-6.jpeg",232,192,false],"1536x1536":["https:\/\/joven-esperanza.de\/wp-content\/uploads\/2021\/01\/image-6.jpeg",232,192,false],"2048x2048":["https:\/\/joven-esperanza.de\/wp-content\/uploads\/2021\/01\/image-6.jpeg",232,192,false],"trp-custom-language-flag":["https:\/\/joven-esperanza.de\/wp-content\/uploads\/2021\/01\/image-6.jpeg",15,12,false]},"uagb_author_info":{"display_name":"Joven Esperanza","author_link":"https:\/\/joven-esperanza.de\/es\/blog\/author\/admin\/"},"uagb_comment_info":0,"uagb_excerpt":"am Sonntag vor Ostern&nbsp;fand unsere Mitgliederversammlung statt, von der wir nun gerne kurz berichten wollen (ein ausf\u00fchrliches Protokoll und einen Finanzbericht findet ihr im Anhang). Wie auch schon in den letzten Jahren war der Kaminraum im Haus der Natur gut gef\u00fcllt &#8211; sch\u00f6n, dass 36 Mitglieder und G\u00e4ste gekommen sind. Nachdem Julius f\u00fcr die neuen&hellip;","_links":{"self":[{"href":"https:\/\/joven-esperanza.de\/es\/wp-json\/wp\/v2\/posts\/461","targetHints":{"allow":["GET"]}}],"collection":[{"href":"https:\/\/joven-esperanza.de\/es\/wp-json\/wp\/v2\/posts"}],"about":[{"href":"https:\/\/joven-esperanza.de\/es\/wp-json\/wp\/v2\/types\/post"}],"author":[{"embeddable":true,"href":"https:\/\/joven-esperanza.de\/es\/wp-json\/wp\/v2\/users\/1"}],"replies":[{"embeddable":true,"href":"https:\/\/joven-esperanza.de\/es\/wp-json\/wp\/v2\/comments?post=461"}],"version-history":[{"count":1,"href":"https:\/\/joven-esperanza.de\/es\/wp-json\/wp\/v2\/posts\/461\/revisions"}],"predecessor-version":[{"id":3537,"href":"https:\/\/joven-esperanza.de\/es\/wp-json\/wp\/v2\/posts\/461\/revisions\/3537"}],"wp:featuredmedia":[{"embeddable":true,"href":"https:\/\/joven-esperanza.de\/es\/wp-json\/wp\/v2\/media\/608"}],"wp:attachment":[{"href":"https:\/\/joven-esperanza.de\/es\/wp-json\/wp\/v2\/media?parent=461"}],"wp:term":[{"taxonomy":"category","embeddable":true,"href":"https:\/\/joven-esperanza.de\/es\/wp-json\/wp\/v2\/categories?post=461"},{"taxonomy":"post_tag","embeddable":true,"href":"https:\/\/joven-esperanza.de\/es\/wp-json\/wp\/v2\/tags?post=461"}],"curies":[{"name":"wp","href":"https:\/\/api.w.org\/{rel}","templated":true}]}}