{"id":474,"date":"2020-04-20T13:32:49","date_gmt":"2020-04-20T13:32:49","guid":{"rendered":"https:\/\/dev.joven-esperanza.de\/474-2\/"},"modified":"2024-02-20T07:12:59","modified_gmt":"2024-02-20T07:12:59","slug":"474-2","status":"publish","type":"post","link":"https:\/\/joven-esperanza.de\/es\/blog\/474-2\/","title":{"rendered":"Mitgliederversammlung 2020 &#8211; ungew\u00f6hnliche Zeiten"},"content":{"rendered":"<p>Auf Grund der Corona-Krise haben wir die Mitgliederversammlung dieses Jahr kleingehalten.\u00a0Viele Mitglieder, die eigentlich gerne dabei gewesen w\u00e4ren, verfolgten diese stattdessen online \u00fcber einen Livestream\u00a0\u2013 so wachsen wir eben auch alle an der Situation&#8230;\u00a0<\/p>\n\n\n\n<figure class=\"wp-block-image size-large is-style-rounded\"><img loading=\"lazy\" decoding=\"async\" width=\"368\" height=\"402\" src=\"https:\/\/joven-esperanza.de\/wp-content\/uploads\/2021\/01\/image-33.jpeg\" alt=\"\" class=\"wp-image-685\" srcset=\"https:\/\/joven-esperanza.de\/wp-content\/uploads\/2021\/01\/image-33.jpeg 368w, https:\/\/joven-esperanza.de\/wp-content\/uploads\/2021\/01\/image-33-275x300.jpeg 275w\" sizes=\"auto, (max-width: 368px) 100vw, 368px\" \/><\/figure>\n\n\n\n<p><strong>2019 war ein besonderes Jahr<\/strong>:\u00a0 Nachdem das <a href=\"https:\/\/joven-esperanza.de\/index.php\/jumping-girl\/\" data-type=\"URL\" data-id=\"https:\/\/joven-esperanza.de\/index.php\/jumping-girl\/\">PENADER<\/a> im Vorjahr die Anerkennung als \u201ejuristische Person\u201c bekommen hat, konnten jetzt erste Mittel beim bolivianischen Staat beantragt werden. Zudem wurden einige Projekte, wie der Gartenbau, nun wieder aufgenommen. Dabei steht \u2013 wie bei allen Angeboten im <a href=\"https:\/\/joven-esperanza.de\/index.php\/jumping-girl\/\" data-type=\"URL\" data-id=\"https:\/\/joven-esperanza.de\/index.php\/jumping-girl\/\">PENADER<\/a> \u2013 die M\u00f6glichkeit f\u00fcr unsere Kinder, etwas zu lernen, was sie vielleicht sogar zu Hause weitergeben k\u00f6nnen, an h\u00f6chster Stelle. So lassen sie sich von unserem Agrarstudenten zeigen, wie man Gem\u00fcse anbaut und helfen flei\u00dfig mit. Bei ihren Besuchen im Projekt, von denen wir euch ja auch schon ausf\u00fchrlich in den Newslettern berichtet haben, konnten Julius und Marisa aber auch intensiv mit dem Vorstand vor Ort ins Gespr\u00e4ch \u00fcber die Zukunft des Projekts, Pl\u00e4ne und Ziele sowie die Zusammenarbeit sprechen. Eine gro\u00dfe Unterst\u00fctzung f\u00fcr die Kommunikation ist das neue Programm NINOX, auf das wir sowohl von Deutschland als auch von Bolivien aus Zugriff haben und was bereits sehr erfolgreich genutzt wird.\u00a0<\/p>\n\n\n\n<figure class=\"wp-block-image size-large is-style-rounded\"><img loading=\"lazy\" decoding=\"async\" width=\"316\" height=\"254\" src=\"https:\/\/joven-esperanza.de\/wp-content\/uploads\/2021\/01\/image-34.jpeg\" alt=\"\" class=\"wp-image-687\" srcset=\"https:\/\/joven-esperanza.de\/wp-content\/uploads\/2021\/01\/image-34.jpeg 316w, https:\/\/joven-esperanza.de\/wp-content\/uploads\/2021\/01\/image-34-300x241.jpeg 300w\" sizes=\"auto, (max-width: 316px) 100vw, 316px\" \/><\/figure>\n\n\n\n<p>Bei der&nbsp;<strong>Wahl des Vorstandes<\/strong>&nbsp;wurden erneut Julius Knierer zum Vorstandsvorsitzenden, Marisa Amaya Rudilla zur stellvertretenden Vorsitzenden und Johanna Gewand zur Schatzmeisterin gew\u00e4hlt. Ebenfalls wiedergew\u00e4hlt wurde unser erweiterter Vorstand, bestehend aus Alexander Maywurm, Marie Claes und Teresa K\u00fcckmann. Wir freuen uns sehr, dass au\u00dferdem Lutz Kirsten und Joshin Rose, die sich ebenfalls seit vielen Jahren f\u00fcr Joven Esperanza einsetzen, in den erweiterten Vorstand gew\u00e4hlt wurden. Herzlichen Dank f\u00fcr euer Vertrauen!&nbsp;&nbsp;&nbsp;&nbsp;&nbsp;<br><br>Wir alle freuen uns auf ein neues Jahr mit Joven Esperanza und sind sehr dankbar f\u00fcr die langj\u00e4hrige Unterst\u00fctzung vieler Mitglieder sowie den Gewinn&nbsp;von 25&nbsp;neuen Mitgliedern im vergangenen Jahr! Insbesondere in Krisen-Zeiten, wie jetzt durch das Corona Virus auch in Bolivien, sind unsere R\u00fccklagen und monatlich verl\u00e4ssliche Beitr\u00e4ge sehr wichtig&#8230; Mit eurer Hilfe werden wir dennoch die Kinder und deren Familien sowie die Erzieher und Angestellten des Projekts unterst\u00fctzen k\u00f6nnen!<\/p>","protected":false},"excerpt":{"rendered":"<p>Auf Grund der Corona-Krise haben wir die Mitgliederversammlung dieses Jahr kleingehalten.\u00a0Viele Mitglieder, die eigentlich gerne dabei gewesen w\u00e4ren, verfolgten diese stattdessen online \u00fcber einen Livestream\u00a0\u2013 so wachsen wir eben auch alle an der Situation&#8230;\u00a0 2019 war ein besonderes Jahr:\u00a0 Nachdem das PENADER im Vorjahr die Anerkennung als \u201ejuristische Person\u201c bekommen hat, konnten jetzt erste Mittel [&hellip;]<\/p>","protected":false},"author":1,"featured_media":685,"comment_status":"closed","ping_status":"closed","sticky":false,"template":"","format":"standard","meta":{"_uag_custom_page_level_css":"","site-sidebar-layout":"default","site-content-layout":"","ast-site-content-layout":"default","site-content-style":"default","site-sidebar-style":"default","ast-global-header-display":"","ast-banner-title-visibility":"","ast-main-header-display":"","ast-hfb-above-header-display":"","ast-hfb-below-header-display":"","ast-hfb-mobile-header-display":"","site-post-title":"","ast-breadcrumbs-content":"","ast-featured-img":"","footer-sml-layout":"","theme-transparent-header-meta":"","adv-header-id-meta":"","stick-header-meta":"","header-above-stick-meta":"","header-main-stick-meta":"","header-below-stick-meta":"","astra-migrate-meta-layouts":"set","ast-page-background-enabled":"default","ast-page-background-meta":{"desktop":{"background-color":"var(--ast-global-color-4)","background-image":"","background-repeat":"repeat","background-position":"center center","background-size":"auto","background-attachment":"scroll","background-type":"","background-media":"","overlay-type":"","overlay-color":"","overlay-gradient":""},"tablet":{"background-color":"","background-image":"","background-repeat":"repeat","background-position":"center center","background-size":"auto","background-attachment":"scroll","background-type":"","background-media":"","overlay-type":"","overlay-color":"","overlay-gradient":""},"mobile":{"background-color":"","background-image":"","background-repeat":"repeat","background-position":"center center","background-size":"auto","background-attachment":"scroll","background-type":"","background-media":"","overlay-type":"","overlay-color":"","overlay-gradient":""}},"ast-content-background-meta":{"desktop":{"background-color":"var(--ast-global-color-5)","background-image":"","background-repeat":"repeat","background-position":"center center","background-size":"auto","background-attachment":"scroll","background-type":"","background-media":"","overlay-type":"","overlay-color":"","overlay-gradient":""},"tablet":{"background-color":"var(--ast-global-color-5)","background-image":"","background-repeat":"repeat","background-position":"center center","background-size":"auto","background-attachment":"scroll","background-type":"","background-media":"","overlay-type":"","overlay-color":"","overlay-gradient":""},"mobile":{"background-color":"var(--ast-global-color-5)","background-image":"","background-repeat":"repeat","background-position":"center center","background-size":"auto","background-attachment":"scroll","background-type":"","background-media":"","overlay-type":"","overlay-color":"","overlay-gradient":""}},"footnotes":""},"categories":[15],"tags":[],"class_list":["post-474","post","type-post","status-publish","format-standard","has-post-thumbnail","hentry","category-mitgliederversammlung"],"yoast_head":"<!-- This site is optimized with the Yoast SEO plugin v25.0 - https:\/\/yoast.com\/wordpress\/plugins\/seo\/ -->\n<title>Mitgliederversammlung 2020 - ungew\u00f6hnliche Zeiten - Joven Esperanza e.V.<\/title>\n<meta name=\"robots\" content=\"index, follow, max-snippet:-1, max-image-preview:large, max-video-preview:-1\" \/>\n<link rel=\"canonical\" href=\"https:\/\/joven-esperanza.de\/es\/blog\/474-2\/\" \/>\n<meta property=\"og:locale\" content=\"es_ES\" \/>\n<meta property=\"og:type\" content=\"article\" \/>\n<meta property=\"og:title\" content=\"Mitgliederversammlung 2020 - ungew\u00f6hnliche Zeiten - Joven Esperanza e.V.\" \/>\n<meta property=\"og:description\" content=\"Auf Grund der Corona-Krise haben wir die Mitgliederversammlung dieses Jahr kleingehalten.\u00a0Viele Mitglieder, die eigentlich gerne dabei gewesen w\u00e4ren, verfolgten diese stattdessen online \u00fcber einen Livestream\u00a0\u2013 so wachsen wir eben auch alle an der Situation&#8230;\u00a0 2019 war ein besonderes Jahr:\u00a0 Nachdem das PENADER im Vorjahr die Anerkennung als \u201ejuristische Person\u201c bekommen hat, konnten jetzt erste Mittel [&hellip;]\" \/>\n<meta property=\"og:url\" content=\"https:\/\/joven-esperanza.de\/es\/blog\/474-2\/\" \/>\n<meta property=\"og:site_name\" content=\"Joven Esperanza e.V.\" \/>\n<meta property=\"article:publisher\" content=\"https:\/\/www.facebook.com\/JovenEsperanza\" \/>\n<meta property=\"article:published_time\" content=\"2020-04-20T13:32:49+00:00\" \/>\n<meta property=\"article:modified_time\" content=\"2024-02-20T07:12:59+00:00\" \/>\n<meta property=\"og:image\" content=\"https:\/\/joven-esperanza.de\/wp-content\/uploads\/2021\/01\/image-33.jpeg\" \/>\n\t<meta property=\"og:image:width\" content=\"368\" \/>\n\t<meta property=\"og:image:height\" content=\"402\" \/>\n\t<meta property=\"og:image:type\" content=\"image\/jpeg\" \/>\n<meta name=\"author\" content=\"Joven Esperanza\" \/>\n<meta name=\"twitter:card\" content=\"summary_large_image\" \/>\n<meta name=\"twitter:label1\" content=\"Written by\" \/>\n\t<meta name=\"twitter:data1\" content=\"Joven Esperanza\" \/>\n\t<meta name=\"twitter:label2\" content=\"Est. reading time\" \/>\n\t<meta name=\"twitter:data2\" content=\"2 minutes\" \/>\n<script type=\"application\/ld+json\" class=\"yoast-schema-graph\">{\"@context\":\"https:\/\/schema.org\",\"@graph\":[{\"@type\":\"Article\",\"@id\":\"https:\/\/joven-esperanza.de\/es\/blog\/474-2\/#article\",\"isPartOf\":{\"@id\":\"https:\/\/joven-esperanza.de\/es\/blog\/474-2\/\"},\"author\":{\"name\":\"Joven Esperanza\",\"@id\":\"https:\/\/joven-esperanza.de\/#\/schema\/person\/05b4ae1a74d76612f45fe8c2fb62040e\"},\"headline\":\"Mitgliederversammlung 2020 &#8211; ungew\u00f6hnliche Zeiten\",\"datePublished\":\"2020-04-20T13:32:49+00:00\",\"dateModified\":\"2024-02-20T07:12:59+00:00\",\"mainEntityOfPage\":{\"@id\":\"https:\/\/joven-esperanza.de\/es\/blog\/474-2\/\"},\"wordCount\":371,\"publisher\":{\"@id\":\"https:\/\/joven-esperanza.de\/#organization\"},\"image\":{\"@id\":\"https:\/\/joven-esperanza.de\/es\/blog\/474-2\/#primaryimage\"},\"thumbnailUrl\":\"https:\/\/joven-esperanza.de\/wp-content\/uploads\/2021\/01\/image-33.jpeg\",\"articleSection\":[\"Mitgliederversammlung\"],\"inLanguage\":\"es-BO\"},{\"@type\":\"WebPage\",\"@id\":\"https:\/\/joven-esperanza.de\/es\/blog\/474-2\/\",\"url\":\"https:\/\/joven-esperanza.de\/es\/blog\/474-2\/\",\"name\":\"Mitgliederversammlung 2020 - ungew\u00f6hnliche Zeiten - Joven Esperanza e.V.\",\"isPartOf\":{\"@id\":\"https:\/\/joven-esperanza.de\/#website\"},\"primaryImageOfPage\":{\"@id\":\"https:\/\/joven-esperanza.de\/es\/blog\/474-2\/#primaryimage\"},\"image\":{\"@id\":\"https:\/\/joven-esperanza.de\/es\/blog\/474-2\/#primaryimage\"},\"thumbnailUrl\":\"https:\/\/joven-esperanza.de\/wp-content\/uploads\/2021\/01\/image-33.jpeg\",\"datePublished\":\"2020-04-20T13:32:49+00:00\",\"dateModified\":\"2024-02-20T07:12:59+00:00\",\"breadcrumb\":{\"@id\":\"https:\/\/joven-esperanza.de\/es\/blog\/474-2\/#breadcrumb\"},\"inLanguage\":\"es-BO\",\"potentialAction\":[{\"@type\":\"ReadAction\",\"target\":[\"https:\/\/joven-esperanza.de\/es\/blog\/474-2\/\"]}]},{\"@type\":\"ImageObject\",\"inLanguage\":\"es-BO\",\"@id\":\"https:\/\/joven-esperanza.de\/es\/blog\/474-2\/#primaryimage\",\"url\":\"https:\/\/joven-esperanza.de\/wp-content\/uploads\/2021\/01\/image-33.jpeg\",\"contentUrl\":\"https:\/\/joven-esperanza.de\/wp-content\/uploads\/2021\/01\/image-33.jpeg\",\"width\":368,\"height\":402},{\"@type\":\"BreadcrumbList\",\"@id\":\"https:\/\/joven-esperanza.de\/es\/blog\/474-2\/#breadcrumb\",\"itemListElement\":[{\"@type\":\"ListItem\",\"position\":1,\"name\":\"Startseite\",\"item\":\"https:\/\/joven-esperanza.de\/\"},{\"@type\":\"ListItem\",\"position\":2,\"name\":\"Mitgliederversammlung 2020 &#8211; ungew\u00f6hnliche Zeiten\"}]},{\"@type\":\"WebSite\",\"@id\":\"https:\/\/joven-esperanza.de\/#website\",\"url\":\"https:\/\/joven-esperanza.de\/\",\"name\":\"Joven Esperanza e.V.\",\"description\":\"Kindern in Camiri eine Zukunft bieten\",\"publisher\":{\"@id\":\"https:\/\/joven-esperanza.de\/#organization\"},\"potentialAction\":[{\"@type\":\"SearchAction\",\"target\":{\"@type\":\"EntryPoint\",\"urlTemplate\":\"https:\/\/joven-esperanza.de\/?s={search_term_string}\"},\"query-input\":{\"@type\":\"PropertyValueSpecification\",\"valueRequired\":true,\"valueName\":\"search_term_string\"}}],\"inLanguage\":\"es-BO\"},{\"@type\":\"Organization\",\"@id\":\"https:\/\/joven-esperanza.de\/#organization\",\"name\":\"Joven Esperanza e.V.\",\"url\":\"https:\/\/joven-esperanza.de\/\",\"logo\":{\"@type\":\"ImageObject\",\"inLanguage\":\"es-BO\",\"@id\":\"https:\/\/joven-esperanza.de\/#\/schema\/logo\/image\/\",\"url\":\"https:\/\/joven-esperanza.de\/wp-content\/uploads\/2024\/02\/joven-esperanza.png\",\"contentUrl\":\"https:\/\/joven-esperanza.de\/wp-content\/uploads\/2024\/02\/joven-esperanza.png\",\"width\":4738,\"height\":1324,\"caption\":\"Joven Esperanza e.V.\"},\"image\":{\"@id\":\"https:\/\/joven-esperanza.de\/#\/schema\/logo\/image\/\"},\"sameAs\":[\"https:\/\/www.facebook.com\/JovenEsperanza\",\"https:\/\/www.instagram.com\/joven_esperanza_ev\/\",\"https:\/\/www.linkedin.com\/company\/joven-esperanza-e.v.\/\",\"https:\/\/www.youtube.com\/@joven.esperanza\"]},{\"@type\":\"Person\",\"@id\":\"https:\/\/joven-esperanza.de\/#\/schema\/person\/05b4ae1a74d76612f45fe8c2fb62040e\",\"name\":\"Joven Esperanza\",\"image\":{\"@type\":\"ImageObject\",\"inLanguage\":\"es-BO\",\"@id\":\"https:\/\/joven-esperanza.de\/#\/schema\/person\/image\/\",\"url\":\"https:\/\/secure.gravatar.com\/avatar\/e517935b4b2a02445a70c803291d229ef42b7962df094c3c9edf5b7aac19750c?s=96&d=mm&r=g\",\"contentUrl\":\"https:\/\/secure.gravatar.com\/avatar\/e517935b4b2a02445a70c803291d229ef42b7962df094c3c9edf5b7aac19750c?s=96&d=mm&r=g\",\"caption\":\"Joven Esperanza\"},\"sameAs\":[\"https:\/\/dev.joven-esperanza.de\"]}]}<\/script>\n<!-- \/ Yoast SEO plugin. -->","yoast_head_json":{"title":"Mitgliederversammlung 2020 - ungew\u00f6hnliche Zeiten - Joven Esperanza e.V.","robots":{"index":"index","follow":"follow","max-snippet":"max-snippet:-1","max-image-preview":"max-image-preview:large","max-video-preview":"max-video-preview:-1"},"canonical":"https:\/\/joven-esperanza.de\/es\/blog\/474-2\/","og_locale":"es_ES","og_type":"article","og_title":"Mitgliederversammlung 2020 - ungew\u00f6hnliche Zeiten - Joven Esperanza e.V.","og_description":"Auf Grund der Corona-Krise haben wir die Mitgliederversammlung dieses Jahr kleingehalten.\u00a0Viele Mitglieder, die eigentlich gerne dabei gewesen w\u00e4ren, verfolgten diese stattdessen online \u00fcber einen Livestream\u00a0\u2013 so wachsen wir eben auch alle an der Situation&#8230;\u00a0 2019 war ein besonderes Jahr:\u00a0 Nachdem das PENADER im Vorjahr die Anerkennung als \u201ejuristische Person\u201c bekommen hat, konnten jetzt erste Mittel [&hellip;]","og_url":"https:\/\/joven-esperanza.de\/es\/blog\/474-2\/","og_site_name":"Joven Esperanza e.V.","article_publisher":"https:\/\/www.facebook.com\/JovenEsperanza","article_published_time":"2020-04-20T13:32:49+00:00","article_modified_time":"2024-02-20T07:12:59+00:00","og_image":[{"width":368,"height":402,"url":"https:\/\/joven-esperanza.de\/wp-content\/uploads\/2021\/01\/image-33.jpeg","type":"image\/jpeg"}],"author":"Joven Esperanza","twitter_card":"summary_large_image","twitter_misc":{"Written by":"Joven Esperanza","Est. reading time":"2 minutes"},"schema":{"@context":"https:\/\/schema.org","@graph":[{"@type":"Article","@id":"https:\/\/joven-esperanza.de\/es\/blog\/474-2\/#article","isPartOf":{"@id":"https:\/\/joven-esperanza.de\/es\/blog\/474-2\/"},"author":{"name":"Joven Esperanza","@id":"https:\/\/joven-esperanza.de\/#\/schema\/person\/05b4ae1a74d76612f45fe8c2fb62040e"},"headline":"Mitgliederversammlung 2020 &#8211; ungew\u00f6hnliche Zeiten","datePublished":"2020-04-20T13:32:49+00:00","dateModified":"2024-02-20T07:12:59+00:00","mainEntityOfPage":{"@id":"https:\/\/joven-esperanza.de\/es\/blog\/474-2\/"},"wordCount":371,"publisher":{"@id":"https:\/\/joven-esperanza.de\/#organization"},"image":{"@id":"https:\/\/joven-esperanza.de\/es\/blog\/474-2\/#primaryimage"},"thumbnailUrl":"https:\/\/joven-esperanza.de\/wp-content\/uploads\/2021\/01\/image-33.jpeg","articleSection":["Mitgliederversammlung"],"inLanguage":"es-BO"},{"@type":"WebPage","@id":"https:\/\/joven-esperanza.de\/es\/blog\/474-2\/","url":"https:\/\/joven-esperanza.de\/es\/blog\/474-2\/","name":"Mitgliederversammlung 2020 - ungew\u00f6hnliche Zeiten - Joven Esperanza e.V.","isPartOf":{"@id":"https:\/\/joven-esperanza.de\/#website"},"primaryImageOfPage":{"@id":"https:\/\/joven-esperanza.de\/es\/blog\/474-2\/#primaryimage"},"image":{"@id":"https:\/\/joven-esperanza.de\/es\/blog\/474-2\/#primaryimage"},"thumbnailUrl":"https:\/\/joven-esperanza.de\/wp-content\/uploads\/2021\/01\/image-33.jpeg","datePublished":"2020-04-20T13:32:49+00:00","dateModified":"2024-02-20T07:12:59+00:00","breadcrumb":{"@id":"https:\/\/joven-esperanza.de\/es\/blog\/474-2\/#breadcrumb"},"inLanguage":"es-BO","potentialAction":[{"@type":"ReadAction","target":["https:\/\/joven-esperanza.de\/es\/blog\/474-2\/"]}]},{"@type":"ImageObject","inLanguage":"es-BO","@id":"https:\/\/joven-esperanza.de\/es\/blog\/474-2\/#primaryimage","url":"https:\/\/joven-esperanza.de\/wp-content\/uploads\/2021\/01\/image-33.jpeg","contentUrl":"https:\/\/joven-esperanza.de\/wp-content\/uploads\/2021\/01\/image-33.jpeg","width":368,"height":402},{"@type":"BreadcrumbList","@id":"https:\/\/joven-esperanza.de\/es\/blog\/474-2\/#breadcrumb","itemListElement":[{"@type":"ListItem","position":1,"name":"Startseite","item":"https:\/\/joven-esperanza.de\/"},{"@type":"ListItem","position":2,"name":"Mitgliederversammlung 2020 &#8211; ungew\u00f6hnliche Zeiten"}]},{"@type":"WebSite","@id":"https:\/\/joven-esperanza.de\/#website","url":"https:\/\/joven-esperanza.de\/","name":"Joven Esperanza e.V.","description":"Kindern in Camiri eine Zukunft bieten","publisher":{"@id":"https:\/\/joven-esperanza.de\/#organization"},"potentialAction":[{"@type":"SearchAction","target":{"@type":"EntryPoint","urlTemplate":"https:\/\/joven-esperanza.de\/?s={search_term_string}"},"query-input":{"@type":"PropertyValueSpecification","valueRequired":true,"valueName":"search_term_string"}}],"inLanguage":"es-BO"},{"@type":"Organization","@id":"https:\/\/joven-esperanza.de\/#organization","name":"Joven Esperanza e.V.","url":"https:\/\/joven-esperanza.de\/","logo":{"@type":"ImageObject","inLanguage":"es-BO","@id":"https:\/\/joven-esperanza.de\/#\/schema\/logo\/image\/","url":"https:\/\/joven-esperanza.de\/wp-content\/uploads\/2024\/02\/joven-esperanza.png","contentUrl":"https:\/\/joven-esperanza.de\/wp-content\/uploads\/2024\/02\/joven-esperanza.png","width":4738,"height":1324,"caption":"Joven Esperanza e.V."},"image":{"@id":"https:\/\/joven-esperanza.de\/#\/schema\/logo\/image\/"},"sameAs":["https:\/\/www.facebook.com\/JovenEsperanza","https:\/\/www.instagram.com\/joven_esperanza_ev\/","https:\/\/www.linkedin.com\/company\/joven-esperanza-e.v.\/","https:\/\/www.youtube.com\/@joven.esperanza"]},{"@type":"Person","@id":"https:\/\/joven-esperanza.de\/#\/schema\/person\/05b4ae1a74d76612f45fe8c2fb62040e","name":"Joven Esperanza","image":{"@type":"ImageObject","inLanguage":"es-BO","@id":"https:\/\/joven-esperanza.de\/#\/schema\/person\/image\/","url":"https:\/\/secure.gravatar.com\/avatar\/e517935b4b2a02445a70c803291d229ef42b7962df094c3c9edf5b7aac19750c?s=96&d=mm&r=g","contentUrl":"https:\/\/secure.gravatar.com\/avatar\/e517935b4b2a02445a70c803291d229ef42b7962df094c3c9edf5b7aac19750c?s=96&d=mm&r=g","caption":"Joven Esperanza"},"sameAs":["https:\/\/dev.joven-esperanza.de"]}]}},"uagb_featured_image_src":{"full":["https:\/\/joven-esperanza.de\/wp-content\/uploads\/2021\/01\/image-33.jpeg",368,402,false],"thumbnail":["https:\/\/joven-esperanza.de\/wp-content\/uploads\/2021\/01\/image-33-150x150.jpeg",150,150,true],"medium":["https:\/\/joven-esperanza.de\/wp-content\/uploads\/2021\/01\/image-33-275x300.jpeg",275,300,true],"medium_large":["https:\/\/joven-esperanza.de\/wp-content\/uploads\/2021\/01\/image-33.jpeg",368,402,false],"large":["https:\/\/joven-esperanza.de\/wp-content\/uploads\/2021\/01\/image-33.jpeg",368,402,false],"1536x1536":["https:\/\/joven-esperanza.de\/wp-content\/uploads\/2021\/01\/image-33.jpeg",368,402,false],"2048x2048":["https:\/\/joven-esperanza.de\/wp-content\/uploads\/2021\/01\/image-33.jpeg",368,402,false],"trp-custom-language-flag":["https:\/\/joven-esperanza.de\/wp-content\/uploads\/2021\/01\/image-33.jpeg",11,12,false]},"uagb_author_info":{"display_name":"Joven Esperanza","author_link":"https:\/\/joven-esperanza.de\/es\/blog\/author\/admin\/"},"uagb_comment_info":0,"uagb_excerpt":"Auf Grund der Corona-Krise haben wir die Mitgliederversammlung dieses Jahr kleingehalten.\u00a0Viele Mitglieder, die eigentlich gerne dabei gewesen w\u00e4ren, verfolgten diese stattdessen online \u00fcber einen Livestream\u00a0\u2013 so wachsen wir eben auch alle an der Situation&#8230;\u00a0 2019 war ein besonderes Jahr:\u00a0 Nachdem das PENADER im Vorjahr die Anerkennung als \u201ejuristische Person\u201c bekommen hat, konnten jetzt erste Mittel&hellip;","_links":{"self":[{"href":"https:\/\/joven-esperanza.de\/es\/wp-json\/wp\/v2\/posts\/474","targetHints":{"allow":["GET"]}}],"collection":[{"href":"https:\/\/joven-esperanza.de\/es\/wp-json\/wp\/v2\/posts"}],"about":[{"href":"https:\/\/joven-esperanza.de\/es\/wp-json\/wp\/v2\/types\/post"}],"author":[{"embeddable":true,"href":"https:\/\/joven-esperanza.de\/es\/wp-json\/wp\/v2\/users\/1"}],"replies":[{"embeddable":true,"href":"https:\/\/joven-esperanza.de\/es\/wp-json\/wp\/v2\/comments?post=474"}],"version-history":[{"count":2,"href":"https:\/\/joven-esperanza.de\/es\/wp-json\/wp\/v2\/posts\/474\/revisions"}],"predecessor-version":[{"id":3089,"href":"https:\/\/joven-esperanza.de\/es\/wp-json\/wp\/v2\/posts\/474\/revisions\/3089"}],"wp:featuredmedia":[{"embeddable":true,"href":"https:\/\/joven-esperanza.de\/es\/wp-json\/wp\/v2\/media\/685"}],"wp:attachment":[{"href":"https:\/\/joven-esperanza.de\/es\/wp-json\/wp\/v2\/media?parent=474"}],"wp:term":[{"taxonomy":"category","embeddable":true,"href":"https:\/\/joven-esperanza.de\/es\/wp-json\/wp\/v2\/categories?post=474"},{"taxonomy":"post_tag","embeddable":true,"href":"https:\/\/joven-esperanza.de\/es\/wp-json\/wp\/v2\/tags?post=474"}],"curies":[{"name":"wp","href":"https:\/\/api.w.org\/{rel}","templated":true}]}}