{"id":623,"date":"2018-06-20T15:56:33","date_gmt":"2018-06-20T15:56:33","guid":{"rendered":"https:\/\/dev.joven-esperanza.de\/news-aus-dem-penader-und-vom-joven-esperanza-e-v\/"},"modified":"2024-02-20T07:19:02","modified_gmt":"2024-02-20T07:19:02","slug":"news-aus-dem-penader-und-vom-joven-esperanza-e-v","status":"publish","type":"post","link":"https:\/\/joven-esperanza.de\/es\/blog\/news-aus-dem-penader-und-vom-joven-esperanza-e-v\/","title":{"rendered":"News aus dem PENADER und vom Joven Esperanza e.V."},"content":{"rendered":"<p>Wir aus dem Vorstand besch\u00e4ftigen uns, wie auf der Mitgliederversammlung angek\u00fcndigt, mit der M\u00f6glichkeit,&nbsp;<strong>F\u00f6rdergelder<\/strong>&nbsp;zu beantragen. Diese Gelder werden f\u00fcr einen langfristig geplanten Hauskauf n\u00f6tig sein. Wir haben uns erste Informationen bei \u201e<strong>bengo<\/strong>\u201c eingeholt, die f\u00fcr die Verteilung von F\u00f6rdergeldern des BMZ (Bundesministerium f\u00fcr wirtschaftliche Zusammenarbeit und Entwicklung) zust\u00e4ndig sind. Am Ende geht es darum, den Wirkungsgrad (also das Outcome f\u00fcr die Kinder aus dem PENADER und ihre Familien) des \u201ePENADERs\u201c in Zahlen zu fassen. Im Oktober werden wir zu einem Wochenendseminar von \u201ebengo\u201c fahren, bei dem es um F\u00f6rdervoraussetzungen, Antragstellung und Abwicklung geht.&nbsp;<\/p>\n\n\n\n<figure class=\"wp-block-image size-large is-style-rounded\"><img loading=\"lazy\" decoding=\"async\" width=\"412\" height=\"302\" src=\"https:\/\/joven-esperanza.de\/wp-content\/uploads\/2021\/01\/image-11.png\" alt=\"\" class=\"wp-image-625\" srcset=\"https:\/\/joven-esperanza.de\/wp-content\/uploads\/2021\/01\/image-11.png 412w, https:\/\/joven-esperanza.de\/wp-content\/uploads\/2021\/01\/image-11-300x220.png 300w\" sizes=\"auto, (max-width: 412px) 100vw, 412px\" \/><\/figure>\n\n\n\n<p>Wir freuen uns sehr \u00fcber die neuen Bekanntschaften mit dem&nbsp;<strong>Fonelisco e.V.&nbsp;<\/strong>(https:\/\/www.fonelisco-verein.de), einem Heim f\u00fcr Stra\u00dfen- und Waisenkinder in Tansania, und dem&nbsp;<strong>THK Rissen&nbsp;<\/strong>(http:\/\/www.thk-rissen.de), der sich im Rahmen des Kiwi-Hockeyturniers&nbsp;&nbsp;Spenden an unseren Verein anstelle von Gastgeschenken gew\u00fcnscht hat.<\/p>\n\n\n\n<figure class=\"wp-block-image size-large\"><img decoding=\"async\" src=\"https:\/\/joven-esperanza.de\/wp-content\/uploads\/2021\/01\/image-14.jpeg\" alt=\"\" class=\"wp-image-631\"\/><\/figure>\n\n\n\n<figure class=\"wp-block-image size-large\"><img loading=\"lazy\" decoding=\"async\" width=\"144\" height=\"146\" src=\"https:\/\/joven-esperanza.de\/wp-content\/uploads\/2021\/01\/image-15.png\" alt=\"\" class=\"wp-image-632\"\/><\/figure>\n\n\n\n<p><strong>No\u00e9mie berichtet direkt aus Camiri von ihrer Freiwilligenarbeit und ihren Englischkursen im Projekt<\/strong>:<\/p>\n\n\n\n<p>\u201eAls Freiwillige greife ich den anderen Mitarbeitern im PENADER unter die Arme, ich helfe morgens in der B\u00e4ckerei und in der K\u00fcche und verkaufe nachmittags Brot. Am wichtigsten ist aber die Zeit mit den Kindern. Ich unterst\u00fctze sie bei ihren Hausaufgaben und wenn sie fertig sind, lernen wir Englisch.<\/p>\n\n\n\n<p><br>Wir setzen uns manchmal einfach zu dritt hin und erkunden zehn Minuten lang den \u201eth\u201c-sound, der wirklich nicht einfach auszusprechen ist wie man es auch aus Deutschland kennt&#8230; \ud83d\ude42 &nbsp;Die Kinder merken, Englisch ist eine coole neue Sprache, die sich dazu noch super lustig anh\u00f6rt und wo man f\u00fcr das \u201eth\u201c seine Zunge so komisch zwischen die Z\u00e4hne schieben muss. \ud83d\ude42 So kennen sie Unterricht gar nicht. Wir arbeiten mit Vokabelk\u00e4rtchen und Konversationss\u00e4tzen, die richtig \u00fcbersetzt und in die richtige Reihenfolge gebracht werden m\u00fcssen. Oft erfragen die Kinder auch selber W\u00f6rter und dann besteht die Challenge daraus, sich diese zu merken. Wir spielen auch Spiele wie Memory und manchmal gehen wir auch einfach gemeinsam die Englischhausaufgaben durch.<\/p>\n\n\n\n<p><br>Durch die unterschiedlichen Niveaus ist es in einer gr\u00f6\u00dferen Gruppe nicht zu vermeiden, dass sich die eine H\u00e4lfte langweilt und die andere H\u00e4lfte \u00fcberfordert ist. Ich gebe also immer ca. ein bis vier Kindern Englischunterricht wenn sie auf mich zukommen oder wenn ich sehe, dass sie ihre Hausaufgaben erledigt haben. Wir arbeiten auch nur wenn die Kinder motiviert sind, denn ich zwinge sie nicht, Englisch zu lernen, wenn sie einen anstrengenden Schultag hatten. Das raubt beiden Seiten nur Energie.&nbsp;<\/p>\n\n\n\n<p><br>Ich habe mich dazu entschieden, das Englischlernangebot w\u00e4hrend meiner Zeit hier auf diese Art flexibler zu gestalten. Das erm\u00f6glicht mir, viel besser individuell auf die Kinder einzugehen und einen h\u00f6heren Lerneffekt zu erreichen. Meine Arbeitsweise erm\u00f6glicht mir auch, spontan auf Situationen zu reagieren. Wenn zum Beispiel gerade eine Zweitkl\u00e4sslerin das kleine Einmaleins \u00fcben muss und zwei \u00e4ltere Sch\u00fcler Englisch lernen wollen, kann ich das einfach kombinieren und mit den \u00c4lteren das Einmaleins auf Englisch \u00fcben. So kann ich gleichzeitig Mathe mit den Kleinen und Englisch mit den Gro\u00dfen lernen, alle sind gleich gefordert und niemand langweilt sich. Und es arbeitet zusammen, wer eigentlich nicht zusammen gearbeitet h\u00e4tte. Eine perfekte Lernsituation.<br>Ich freue mich dar\u00fcber, dass ich meine Arbeit hier so gestalten kann, wie ich es am besten finde. Mir wird gen\u00fcgend Spielraum gegeben, meine Methoden auszuprobieren und mit ihnen zu arbeiten. Danke daf\u00fcr!\u201c<\/p>","protected":false},"excerpt":{"rendered":"<p>Wir aus dem Vorstand besch\u00e4ftigen uns, wie auf der Mitgliederversammlung angek\u00fcndigt, mit der M\u00f6glichkeit,&nbsp;F\u00f6rdergelder&nbsp;zu beantragen. Diese Gelder werden f\u00fcr einen langfristig geplanten Hauskauf n\u00f6tig sein. Wir haben uns erste Informationen bei \u201ebengo\u201c eingeholt, die f\u00fcr die Verteilung von F\u00f6rdergeldern des BMZ (Bundesministerium f\u00fcr wirtschaftliche Zusammenarbeit und Entwicklung) zust\u00e4ndig sind. Am Ende geht es darum, den [&hellip;]<\/p>","protected":false},"author":1,"featured_media":625,"comment_status":"closed","ping_status":"closed","sticky":false,"template":"","format":"standard","meta":{"_uag_custom_page_level_css":"","site-sidebar-layout":"default","site-content-layout":"","ast-site-content-layout":"default","site-content-style":"default","site-sidebar-style":"default","ast-global-header-display":"","ast-banner-title-visibility":"","ast-main-header-display":"","ast-hfb-above-header-display":"","ast-hfb-below-header-display":"","ast-hfb-mobile-header-display":"","site-post-title":"","ast-breadcrumbs-content":"","ast-featured-img":"","footer-sml-layout":"","theme-transparent-header-meta":"","adv-header-id-meta":"","stick-header-meta":"","header-above-stick-meta":"","header-main-stick-meta":"","header-below-stick-meta":"","astra-migrate-meta-layouts":"set","ast-page-background-enabled":"default","ast-page-background-meta":{"desktop":{"background-color":"var(--ast-global-color-4)","background-image":"","background-repeat":"repeat","background-position":"center center","background-size":"auto","background-attachment":"scroll","background-type":"","background-media":"","overlay-type":"","overlay-color":"","overlay-gradient":""},"tablet":{"background-color":"","background-image":"","background-repeat":"repeat","background-position":"center center","background-size":"auto","background-attachment":"scroll","background-type":"","background-media":"","overlay-type":"","overlay-color":"","overlay-gradient":""},"mobile":{"background-color":"","background-image":"","background-repeat":"repeat","background-position":"center center","background-size":"auto","background-attachment":"scroll","background-type":"","background-media":"","overlay-type":"","overlay-color":"","overlay-gradient":""}},"ast-content-background-meta":{"desktop":{"background-color":"var(--ast-global-color-5)","background-image":"","background-repeat":"repeat","background-position":"center center","background-size":"auto","background-attachment":"scroll","background-type":"","background-media":"","overlay-type":"","overlay-color":"","overlay-gradient":""},"tablet":{"background-color":"var(--ast-global-color-5)","background-image":"","background-repeat":"repeat","background-position":"center center","background-size":"auto","background-attachment":"scroll","background-type":"","background-media":"","overlay-type":"","overlay-color":"","overlay-gradient":""},"mobile":{"background-color":"var(--ast-global-color-5)","background-image":"","background-repeat":"repeat","background-position":"center center","background-size":"auto","background-attachment":"scroll","background-type":"","background-media":"","overlay-type":"","overlay-color":"","overlay-gradient":""}},"footnotes":""},"categories":[11,12],"tags":[],"class_list":["post-623","post","type-post","status-publish","format-standard","has-post-thumbnail","hentry","category-penader","category-news"],"yoast_head":"<!-- This site is optimized with the Yoast SEO plugin v25.0 - https:\/\/yoast.com\/wordpress\/plugins\/seo\/ -->\n<title>News aus dem PENADER und vom Joven Esperanza e.V. - Joven Esperanza e.V.<\/title>\n<meta name=\"robots\" content=\"index, follow, max-snippet:-1, max-image-preview:large, max-video-preview:-1\" \/>\n<link rel=\"canonical\" href=\"https:\/\/joven-esperanza.de\/es\/blog\/news-aus-dem-penader-und-vom-joven-esperanza-e-v\/\" \/>\n<meta property=\"og:locale\" content=\"es_ES\" \/>\n<meta property=\"og:type\" content=\"article\" \/>\n<meta property=\"og:title\" content=\"News aus dem PENADER und vom Joven Esperanza e.V. - Joven Esperanza e.V.\" \/>\n<meta property=\"og:description\" content=\"Wir aus dem Vorstand besch\u00e4ftigen uns, wie auf der Mitgliederversammlung angek\u00fcndigt, mit der M\u00f6glichkeit,&nbsp;F\u00f6rdergelder&nbsp;zu beantragen. Diese Gelder werden f\u00fcr einen langfristig geplanten Hauskauf n\u00f6tig sein. Wir haben uns erste Informationen bei \u201ebengo\u201c eingeholt, die f\u00fcr die Verteilung von F\u00f6rdergeldern des BMZ (Bundesministerium f\u00fcr wirtschaftliche Zusammenarbeit und Entwicklung) zust\u00e4ndig sind. Am Ende geht es darum, den [&hellip;]\" \/>\n<meta property=\"og:url\" content=\"https:\/\/joven-esperanza.de\/es\/blog\/news-aus-dem-penader-und-vom-joven-esperanza-e-v\/\" \/>\n<meta property=\"og:site_name\" content=\"Joven Esperanza e.V.\" \/>\n<meta property=\"article:publisher\" content=\"https:\/\/www.facebook.com\/JovenEsperanza\" \/>\n<meta property=\"article:published_time\" content=\"2018-06-20T15:56:33+00:00\" \/>\n<meta property=\"article:modified_time\" content=\"2024-02-20T07:19:02+00:00\" \/>\n<meta property=\"og:image\" content=\"https:\/\/joven-esperanza.de\/wp-content\/uploads\/2021\/01\/image-11.png\" \/>\n\t<meta property=\"og:image:width\" content=\"412\" \/>\n\t<meta property=\"og:image:height\" content=\"302\" \/>\n\t<meta property=\"og:image:type\" content=\"image\/png\" \/>\n<meta name=\"author\" content=\"Joven Esperanza\" \/>\n<meta name=\"twitter:card\" content=\"summary_large_image\" \/>\n<meta name=\"twitter:label1\" content=\"Written by\" \/>\n\t<meta name=\"twitter:data1\" content=\"Joven Esperanza\" \/>\n\t<meta name=\"twitter:label2\" content=\"Est. reading time\" \/>\n\t<meta name=\"twitter:data2\" content=\"3 minutes\" \/>\n<script type=\"application\/ld+json\" class=\"yoast-schema-graph\">{\"@context\":\"https:\/\/schema.org\",\"@graph\":[{\"@type\":\"Article\",\"@id\":\"https:\/\/joven-esperanza.de\/blog\/news-aus-dem-penader-und-vom-joven-esperanza-e-v\/#article\",\"isPartOf\":{\"@id\":\"https:\/\/joven-esperanza.de\/blog\/news-aus-dem-penader-und-vom-joven-esperanza-e-v\/\"},\"author\":{\"name\":\"Joven Esperanza\",\"@id\":\"https:\/\/joven-esperanza.de\/#\/schema\/person\/05b4ae1a74d76612f45fe8c2fb62040e\"},\"headline\":\"News aus dem PENADER und vom Joven Esperanza e.V.\",\"datePublished\":\"2018-06-20T15:56:33+00:00\",\"dateModified\":\"2024-02-20T07:19:02+00:00\",\"mainEntityOfPage\":{\"@id\":\"https:\/\/joven-esperanza.de\/blog\/news-aus-dem-penader-und-vom-joven-esperanza-e-v\/\"},\"wordCount\":604,\"publisher\":{\"@id\":\"https:\/\/joven-esperanza.de\/#organization\"},\"image\":{\"@id\":\"https:\/\/joven-esperanza.de\/blog\/news-aus-dem-penader-und-vom-joven-esperanza-e-v\/#primaryimage\"},\"thumbnailUrl\":\"https:\/\/joven-esperanza.de\/wp-content\/uploads\/2021\/01\/image-11.png\",\"articleSection\":[\"Infos vom PENADER\",\"News\"],\"inLanguage\":\"es-BO\"},{\"@type\":\"WebPage\",\"@id\":\"https:\/\/joven-esperanza.de\/blog\/news-aus-dem-penader-und-vom-joven-esperanza-e-v\/\",\"url\":\"https:\/\/joven-esperanza.de\/blog\/news-aus-dem-penader-und-vom-joven-esperanza-e-v\/\",\"name\":\"News aus dem PENADER und vom Joven Esperanza e.V. - Joven Esperanza e.V.\",\"isPartOf\":{\"@id\":\"https:\/\/joven-esperanza.de\/#website\"},\"primaryImageOfPage\":{\"@id\":\"https:\/\/joven-esperanza.de\/blog\/news-aus-dem-penader-und-vom-joven-esperanza-e-v\/#primaryimage\"},\"image\":{\"@id\":\"https:\/\/joven-esperanza.de\/blog\/news-aus-dem-penader-und-vom-joven-esperanza-e-v\/#primaryimage\"},\"thumbnailUrl\":\"https:\/\/joven-esperanza.de\/wp-content\/uploads\/2021\/01\/image-11.png\",\"datePublished\":\"2018-06-20T15:56:33+00:00\",\"dateModified\":\"2024-02-20T07:19:02+00:00\",\"breadcrumb\":{\"@id\":\"https:\/\/joven-esperanza.de\/blog\/news-aus-dem-penader-und-vom-joven-esperanza-e-v\/#breadcrumb\"},\"inLanguage\":\"es-BO\",\"potentialAction\":[{\"@type\":\"ReadAction\",\"target\":[\"https:\/\/joven-esperanza.de\/blog\/news-aus-dem-penader-und-vom-joven-esperanza-e-v\/\"]}]},{\"@type\":\"ImageObject\",\"inLanguage\":\"es-BO\",\"@id\":\"https:\/\/joven-esperanza.de\/blog\/news-aus-dem-penader-und-vom-joven-esperanza-e-v\/#primaryimage\",\"url\":\"https:\/\/joven-esperanza.de\/wp-content\/uploads\/2021\/01\/image-11.png\",\"contentUrl\":\"https:\/\/joven-esperanza.de\/wp-content\/uploads\/2021\/01\/image-11.png\",\"width\":412,\"height\":302},{\"@type\":\"BreadcrumbList\",\"@id\":\"https:\/\/joven-esperanza.de\/blog\/news-aus-dem-penader-und-vom-joven-esperanza-e-v\/#breadcrumb\",\"itemListElement\":[{\"@type\":\"ListItem\",\"position\":1,\"name\":\"Startseite\",\"item\":\"https:\/\/joven-esperanza.de\/\"},{\"@type\":\"ListItem\",\"position\":2,\"name\":\"News aus dem PENADER und vom Joven Esperanza e.V.\"}]},{\"@type\":\"WebSite\",\"@id\":\"https:\/\/joven-esperanza.de\/#website\",\"url\":\"https:\/\/joven-esperanza.de\/\",\"name\":\"Joven Esperanza e.V.\",\"description\":\"Kindern in Camiri eine Zukunft bieten\",\"publisher\":{\"@id\":\"https:\/\/joven-esperanza.de\/#organization\"},\"potentialAction\":[{\"@type\":\"SearchAction\",\"target\":{\"@type\":\"EntryPoint\",\"urlTemplate\":\"https:\/\/joven-esperanza.de\/?s={search_term_string}\"},\"query-input\":{\"@type\":\"PropertyValueSpecification\",\"valueRequired\":true,\"valueName\":\"search_term_string\"}}],\"inLanguage\":\"es-BO\"},{\"@type\":\"Organization\",\"@id\":\"https:\/\/joven-esperanza.de\/#organization\",\"name\":\"Joven Esperanza e.V.\",\"url\":\"https:\/\/joven-esperanza.de\/\",\"logo\":{\"@type\":\"ImageObject\",\"inLanguage\":\"es-BO\",\"@id\":\"https:\/\/joven-esperanza.de\/#\/schema\/logo\/image\/\",\"url\":\"https:\/\/joven-esperanza.de\/wp-content\/uploads\/2024\/02\/joven-esperanza.png\",\"contentUrl\":\"https:\/\/joven-esperanza.de\/wp-content\/uploads\/2024\/02\/joven-esperanza.png\",\"width\":4738,\"height\":1324,\"caption\":\"Joven Esperanza e.V.\"},\"image\":{\"@id\":\"https:\/\/joven-esperanza.de\/#\/schema\/logo\/image\/\"},\"sameAs\":[\"https:\/\/www.facebook.com\/JovenEsperanza\",\"https:\/\/www.instagram.com\/joven_esperanza_ev\/\",\"https:\/\/www.linkedin.com\/company\/joven-esperanza-e.v.\/\",\"https:\/\/www.youtube.com\/@joven.esperanza\"]},{\"@type\":\"Person\",\"@id\":\"https:\/\/joven-esperanza.de\/#\/schema\/person\/05b4ae1a74d76612f45fe8c2fb62040e\",\"name\":\"Joven Esperanza\",\"image\":{\"@type\":\"ImageObject\",\"inLanguage\":\"es-BO\",\"@id\":\"https:\/\/joven-esperanza.de\/#\/schema\/person\/image\/\",\"url\":\"https:\/\/secure.gravatar.com\/avatar\/e517935b4b2a02445a70c803291d229ef42b7962df094c3c9edf5b7aac19750c?s=96&d=mm&r=g\",\"contentUrl\":\"https:\/\/secure.gravatar.com\/avatar\/e517935b4b2a02445a70c803291d229ef42b7962df094c3c9edf5b7aac19750c?s=96&d=mm&r=g\",\"caption\":\"Joven Esperanza\"},\"sameAs\":[\"https:\/\/dev.joven-esperanza.de\"]}]}<\/script>\n<!-- \/ Yoast SEO plugin. -->","yoast_head_json":{"title":"News aus dem PENADER und vom Joven Esperanza e.V. - Joven Esperanza e.V.","robots":{"index":"index","follow":"follow","max-snippet":"max-snippet:-1","max-image-preview":"max-image-preview:large","max-video-preview":"max-video-preview:-1"},"canonical":"https:\/\/joven-esperanza.de\/es\/blog\/news-aus-dem-penader-und-vom-joven-esperanza-e-v\/","og_locale":"es_ES","og_type":"article","og_title":"News aus dem PENADER und vom Joven Esperanza e.V. - Joven Esperanza e.V.","og_description":"Wir aus dem Vorstand besch\u00e4ftigen uns, wie auf der Mitgliederversammlung angek\u00fcndigt, mit der M\u00f6glichkeit,&nbsp;F\u00f6rdergelder&nbsp;zu beantragen. Diese Gelder werden f\u00fcr einen langfristig geplanten Hauskauf n\u00f6tig sein. Wir haben uns erste Informationen bei \u201ebengo\u201c eingeholt, die f\u00fcr die Verteilung von F\u00f6rdergeldern des BMZ (Bundesministerium f\u00fcr wirtschaftliche Zusammenarbeit und Entwicklung) zust\u00e4ndig sind. Am Ende geht es darum, den [&hellip;]","og_url":"https:\/\/joven-esperanza.de\/es\/blog\/news-aus-dem-penader-und-vom-joven-esperanza-e-v\/","og_site_name":"Joven Esperanza e.V.","article_publisher":"https:\/\/www.facebook.com\/JovenEsperanza","article_published_time":"2018-06-20T15:56:33+00:00","article_modified_time":"2024-02-20T07:19:02+00:00","og_image":[{"width":412,"height":302,"url":"https:\/\/joven-esperanza.de\/wp-content\/uploads\/2021\/01\/image-11.png","type":"image\/png"}],"author":"Joven Esperanza","twitter_card":"summary_large_image","twitter_misc":{"Written by":"Joven Esperanza","Est. reading time":"3 minutes"},"schema":{"@context":"https:\/\/schema.org","@graph":[{"@type":"Article","@id":"https:\/\/joven-esperanza.de\/blog\/news-aus-dem-penader-und-vom-joven-esperanza-e-v\/#article","isPartOf":{"@id":"https:\/\/joven-esperanza.de\/blog\/news-aus-dem-penader-und-vom-joven-esperanza-e-v\/"},"author":{"name":"Joven Esperanza","@id":"https:\/\/joven-esperanza.de\/#\/schema\/person\/05b4ae1a74d76612f45fe8c2fb62040e"},"headline":"News aus dem PENADER und vom Joven Esperanza e.V.","datePublished":"2018-06-20T15:56:33+00:00","dateModified":"2024-02-20T07:19:02+00:00","mainEntityOfPage":{"@id":"https:\/\/joven-esperanza.de\/blog\/news-aus-dem-penader-und-vom-joven-esperanza-e-v\/"},"wordCount":604,"publisher":{"@id":"https:\/\/joven-esperanza.de\/#organization"},"image":{"@id":"https:\/\/joven-esperanza.de\/blog\/news-aus-dem-penader-und-vom-joven-esperanza-e-v\/#primaryimage"},"thumbnailUrl":"https:\/\/joven-esperanza.de\/wp-content\/uploads\/2021\/01\/image-11.png","articleSection":["Infos vom PENADER","News"],"inLanguage":"es-BO"},{"@type":"WebPage","@id":"https:\/\/joven-esperanza.de\/blog\/news-aus-dem-penader-und-vom-joven-esperanza-e-v\/","url":"https:\/\/joven-esperanza.de\/blog\/news-aus-dem-penader-und-vom-joven-esperanza-e-v\/","name":"News aus dem PENADER und vom Joven Esperanza e.V. - Joven Esperanza e.V.","isPartOf":{"@id":"https:\/\/joven-esperanza.de\/#website"},"primaryImageOfPage":{"@id":"https:\/\/joven-esperanza.de\/blog\/news-aus-dem-penader-und-vom-joven-esperanza-e-v\/#primaryimage"},"image":{"@id":"https:\/\/joven-esperanza.de\/blog\/news-aus-dem-penader-und-vom-joven-esperanza-e-v\/#primaryimage"},"thumbnailUrl":"https:\/\/joven-esperanza.de\/wp-content\/uploads\/2021\/01\/image-11.png","datePublished":"2018-06-20T15:56:33+00:00","dateModified":"2024-02-20T07:19:02+00:00","breadcrumb":{"@id":"https:\/\/joven-esperanza.de\/blog\/news-aus-dem-penader-und-vom-joven-esperanza-e-v\/#breadcrumb"},"inLanguage":"es-BO","potentialAction":[{"@type":"ReadAction","target":["https:\/\/joven-esperanza.de\/blog\/news-aus-dem-penader-und-vom-joven-esperanza-e-v\/"]}]},{"@type":"ImageObject","inLanguage":"es-BO","@id":"https:\/\/joven-esperanza.de\/blog\/news-aus-dem-penader-und-vom-joven-esperanza-e-v\/#primaryimage","url":"https:\/\/joven-esperanza.de\/wp-content\/uploads\/2021\/01\/image-11.png","contentUrl":"https:\/\/joven-esperanza.de\/wp-content\/uploads\/2021\/01\/image-11.png","width":412,"height":302},{"@type":"BreadcrumbList","@id":"https:\/\/joven-esperanza.de\/blog\/news-aus-dem-penader-und-vom-joven-esperanza-e-v\/#breadcrumb","itemListElement":[{"@type":"ListItem","position":1,"name":"Startseite","item":"https:\/\/joven-esperanza.de\/"},{"@type":"ListItem","position":2,"name":"News aus dem PENADER und vom Joven Esperanza e.V."}]},{"@type":"WebSite","@id":"https:\/\/joven-esperanza.de\/#website","url":"https:\/\/joven-esperanza.de\/","name":"Joven Esperanza e.V.","description":"Kindern in Camiri eine Zukunft bieten","publisher":{"@id":"https:\/\/joven-esperanza.de\/#organization"},"potentialAction":[{"@type":"SearchAction","target":{"@type":"EntryPoint","urlTemplate":"https:\/\/joven-esperanza.de\/?s={search_term_string}"},"query-input":{"@type":"PropertyValueSpecification","valueRequired":true,"valueName":"search_term_string"}}],"inLanguage":"es-BO"},{"@type":"Organization","@id":"https:\/\/joven-esperanza.de\/#organization","name":"Joven Esperanza e.V.","url":"https:\/\/joven-esperanza.de\/","logo":{"@type":"ImageObject","inLanguage":"es-BO","@id":"https:\/\/joven-esperanza.de\/#\/schema\/logo\/image\/","url":"https:\/\/joven-esperanza.de\/wp-content\/uploads\/2024\/02\/joven-esperanza.png","contentUrl":"https:\/\/joven-esperanza.de\/wp-content\/uploads\/2024\/02\/joven-esperanza.png","width":4738,"height":1324,"caption":"Joven Esperanza e.V."},"image":{"@id":"https:\/\/joven-esperanza.de\/#\/schema\/logo\/image\/"},"sameAs":["https:\/\/www.facebook.com\/JovenEsperanza","https:\/\/www.instagram.com\/joven_esperanza_ev\/","https:\/\/www.linkedin.com\/company\/joven-esperanza-e.v.\/","https:\/\/www.youtube.com\/@joven.esperanza"]},{"@type":"Person","@id":"https:\/\/joven-esperanza.de\/#\/schema\/person\/05b4ae1a74d76612f45fe8c2fb62040e","name":"Joven Esperanza","image":{"@type":"ImageObject","inLanguage":"es-BO","@id":"https:\/\/joven-esperanza.de\/#\/schema\/person\/image\/","url":"https:\/\/secure.gravatar.com\/avatar\/e517935b4b2a02445a70c803291d229ef42b7962df094c3c9edf5b7aac19750c?s=96&d=mm&r=g","contentUrl":"https:\/\/secure.gravatar.com\/avatar\/e517935b4b2a02445a70c803291d229ef42b7962df094c3c9edf5b7aac19750c?s=96&d=mm&r=g","caption":"Joven Esperanza"},"sameAs":["https:\/\/dev.joven-esperanza.de"]}]}},"uagb_featured_image_src":{"full":["https:\/\/joven-esperanza.de\/wp-content\/uploads\/2021\/01\/image-11.png",412,302,false],"thumbnail":["https:\/\/joven-esperanza.de\/wp-content\/uploads\/2021\/01\/image-11-150x150.png",150,150,true],"medium":["https:\/\/joven-esperanza.de\/wp-content\/uploads\/2021\/01\/image-11-300x220.png",300,220,true],"medium_large":["https:\/\/joven-esperanza.de\/wp-content\/uploads\/2021\/01\/image-11.png",412,302,false],"large":["https:\/\/joven-esperanza.de\/wp-content\/uploads\/2021\/01\/image-11.png",412,302,false],"1536x1536":["https:\/\/joven-esperanza.de\/wp-content\/uploads\/2021\/01\/image-11.png",412,302,false],"2048x2048":["https:\/\/joven-esperanza.de\/wp-content\/uploads\/2021\/01\/image-11.png",412,302,false],"trp-custom-language-flag":["https:\/\/joven-esperanza.de\/wp-content\/uploads\/2021\/01\/image-11.png",16,12,false]},"uagb_author_info":{"display_name":"Joven Esperanza","author_link":"https:\/\/joven-esperanza.de\/es\/blog\/author\/admin\/"},"uagb_comment_info":0,"uagb_excerpt":"Wir aus dem Vorstand besch\u00e4ftigen uns, wie auf der Mitgliederversammlung angek\u00fcndigt, mit der M\u00f6glichkeit,&nbsp;F\u00f6rdergelder&nbsp;zu beantragen. Diese Gelder werden f\u00fcr einen langfristig geplanten Hauskauf n\u00f6tig sein. Wir haben uns erste Informationen bei \u201ebengo\u201c eingeholt, die f\u00fcr die Verteilung von F\u00f6rdergeldern des BMZ (Bundesministerium f\u00fcr wirtschaftliche Zusammenarbeit und Entwicklung) zust\u00e4ndig sind. Am Ende geht es darum, den&hellip;","_links":{"self":[{"href":"https:\/\/joven-esperanza.de\/es\/wp-json\/wp\/v2\/posts\/623","targetHints":{"allow":["GET"]}}],"collection":[{"href":"https:\/\/joven-esperanza.de\/es\/wp-json\/wp\/v2\/posts"}],"about":[{"href":"https:\/\/joven-esperanza.de\/es\/wp-json\/wp\/v2\/types\/post"}],"author":[{"embeddable":true,"href":"https:\/\/joven-esperanza.de\/es\/wp-json\/wp\/v2\/users\/1"}],"replies":[{"embeddable":true,"href":"https:\/\/joven-esperanza.de\/es\/wp-json\/wp\/v2\/comments?post=623"}],"version-history":[{"count":1,"href":"https:\/\/joven-esperanza.de\/es\/wp-json\/wp\/v2\/posts\/623\/revisions"}],"predecessor-version":[{"id":3533,"href":"https:\/\/joven-esperanza.de\/es\/wp-json\/wp\/v2\/posts\/623\/revisions\/3533"}],"wp:featuredmedia":[{"embeddable":true,"href":"https:\/\/joven-esperanza.de\/es\/wp-json\/wp\/v2\/media\/625"}],"wp:attachment":[{"href":"https:\/\/joven-esperanza.de\/es\/wp-json\/wp\/v2\/media?parent=623"}],"wp:term":[{"taxonomy":"category","embeddable":true,"href":"https:\/\/joven-esperanza.de\/es\/wp-json\/wp\/v2\/categories?post=623"},{"taxonomy":"post_tag","embeddable":true,"href":"https:\/\/joven-esperanza.de\/es\/wp-json\/wp\/v2\/tags?post=623"}],"curies":[{"name":"wp","href":"https:\/\/api.w.org\/{rel}","templated":true}]}}