{"id":642,"date":"2019-11-01T16:05:42","date_gmt":"2019-11-01T16:05:42","guid":{"rendered":"https:\/\/dev.joven-esperanza.de\/news-aus-dem-penader-und-vom-joven-esperanza-e-v-3\/"},"modified":"2024-02-20T07:15:38","modified_gmt":"2024-02-20T07:15:38","slug":"news-aus-dem-penader-und-vom-joven-esperanza-e-v-3","status":"publish","type":"post","link":"https:\/\/joven-esperanza.de\/es\/blog\/news-aus-dem-penader-und-vom-joven-esperanza-e-v-3\/","title":{"rendered":"News aus dem PENADER und vom Joven Esperanza e.V."},"content":{"rendered":"<p><strong>Julius meldet sich dirket aus Bolivien:<\/strong><\/p>\n\n\n\n<p>Die ersten beiden Wochen durfte ich an dem Alltag des PENADERs teilhaben. Ich habe einige Kinder wieder gesehen, die schon bei meinem letzten Aufenthalt 2015 Teil des PENADERs waren und nat\u00fcrlich habe ich auch viele neue Kinder kennengelernt. Auch das Team der Betreuer ist etwas neu. So sind in den letzten zwei Jahren zwei ehemalige \u201ePENADER- Kinder\u201c in das Team eingestiegen, die schon das Vorg\u00e4ngerprojekt besuchten, als ich 2011 das erste Mal hier war. Beide studieren und arbeiten nebenbei halbtags im PENADER. Das ist eine sch\u00f6ne gegenseitige Unterst\u00fctzung.\u00a0<\/p>\n\n\n\n<p>Vor etwa drei Wochen wurde in Bolivien gew\u00e4hlt. Der Pr\u00e4sident lie\u00df sich f\u00fcr eine 4. Amtszeit aufstellen, obwohl dies nach bolivianischem Recht nicht m\u00f6glich war. Mehr als drei Amtszeiten darf der Pr\u00e4sident nicht hintereinander regieren. Ein Referendum, um dieses Gesetz aufzul\u00f6sen, hatte Evo Morales Anfang letzten Jahres verloren. Um trotzdem antreten zu k\u00f6nnen, erkl\u00e4rte das korrupte oberste Gericht das Gesetz kurzerhand f\u00fcr nicht rechtens und erm\u00f6glichte Morales eine weitere Amtszeit. So war die Stimmung schon vor der Wahl angespannt. Nach der ersten Hochrechnung der Wahl sah es so aus, als w\u00fcrde es ziemlich sicher eine Stichwahl im Dezember brauchen. Dann wurde die Stimmenausz\u00e4hlung f\u00fcr 24 Stunden gestoppt. Es tauchten Videos auf von Wahlurnen, die ausgetauscht oder verbrannt wurden. Als die Ausz\u00e4hlung fortgesetzt wurde, hatte Morales pl\u00f6tzlich einen unerkl\u00e4rlichen Stimmenzuwachs erfahren, sodass er nun offiziell zum Sieger erkl\u00e4rt wurde und es keine Stichwahl geben wird.&nbsp;<\/p>\n\n\n\n<p>Seitdem steht das Leben hier quasi still. Die Bolivianer wehren sich gegen das Wahlergebnis und fordern Neuwahlen. Der Verkehr ist die meiste Zeit durch Stra\u00dfensperren lahmgelegt. Es wird gestreikt. Die Schulen bleiben geschlossen. In vielen St\u00e4dten kommt es zu heftigen Ausschreitungen und Stra\u00dfenk\u00e4mpfen. Hier in Camiri ist es zum Gl\u00fcck friedlich. Aber auch hier bleiben die Schulen geschlossen, sodass das PENADER nun auch schon seit einer Woche nicht ge\u00f6ffnet hat. Die Mitarbeiter w\u00fcrden nachmittags nicht nach Hause kommen, weil dann die Stra\u00dfensperren wieder aufgebaut sind.\u00a0<\/p>\n\n\n\n<p>F\u00fcr mich ist es somit etwas z\u00e4h die letzten Tage. Ich war gezwungen, meinen Tatendrang etwas zu entschleunigen. Ich habe die Zeit genutzt, um ein gro\u00dfes Anliegen von mir anzugehen: Ich habe ein webbasiertes Programm namens NINOX gefunden, mit dem ich eine Datenbank gebaut habe. Ninox stellt uns das Programm netterweise kostenlos zur Verf\u00fcgung. Mit diesem Programm wollen wir Daten \u00fcber die Kinder sammeln und auswerten. In erster Linie soll es dabei helfen die Bed\u00fcrfnisse der Kinder schneller zu erkennen. Des Weiteren wird es uns helfen, die Wirkung des PENADERs nachzuweisen und festzuhalten, wo die Gr\u00fcnde liegen, wenn ein Kind aus dem PENADER austritt &#8211; ist es gesundheitsbedingt?, weil es umgezogen ist?, weil es arbeiten muss, um die Familie zu unterst\u00fctzen?\u2026 Somit wollen wir vermeiden, dass es viele Austritte aus dem PENADER gibt. Ziel ist ja, dass die Kinder m\u00f6glichst bis zum Schulabschluss ins Projekt kommen, um mit dem Bildungsabschluss eine Chance auf ein besseres Leben haben.&nbsp;<\/p>\n\n\n\n<p>Au\u00dferdem werden wir Daten \u00fcber die Gesundheit der Kinder sammeln. Wir orientieren uns dabei an den bolivianischen Vorsorgeprogrammen. Wir haben das regionale Gesundheitszentrum besucht, welches hier quasi das \u00c4quivalent zum deutschen Hausarzt ist. Der Leiter dieses Zentrums hat uns erz\u00e4hlt, dass die Vorsorgeprogramme f\u00fcr die Jugendlichen hier in Camiri nicht durchgef\u00fchrt werden. Als Grund nennt er in erster Linie Personalmangel (er ist z.B. f\u00fcr die medizinische Grundversorgung von \u00fcber 7.000 Einwohnern zust\u00e4ndig und hat dabei Unterst\u00fctzung von zwei Krankenschwestern), Geldmangel und Mangel an Medikamenten. &nbsp;Wir wollen nun versuchen im PENADER diese L\u00fccken zu f\u00fcllen. Wir haben eine Krankenschwester in Ausbildung angestellt, die einen halben Tag in der Woche f\u00fcr uns arbeiten wird. Sie wird die Gewichts- und Wachstumskontrollen durchf\u00fchren, Hausbesuche machen und weitere medizinische Daten der Kinder sammeln. Mit dem regionalem Gesundheitszentrum haben wir nun eine Zusammenarbeit &nbsp;in F\u00e4llen von schwereren Krankheiten und fehlenden Impfungen vereinbart.&nbsp;<\/p>\n\n\n\n<p>Nebenbei haben wir die Tage f\u00fcr einige Besprechungen mit dem gesamten Team genutzt. Wir haben eine Evaluation dieses Jahres durchgef\u00fchrt und sowohl kurzfristige als auch langfristige Ziele festgehalten. \u00a0Ein Wochenende haben wir genutzt, um das Haus zu putzen, kleinere Reparaturen durchzuf\u00fchren und das Bad der Kinder zu renovieren.\u00a0<\/p>\n\n\n\n<p>F\u00fcr mich beginnt nun ein vierw\u00f6chiges Praktikum in Tarija. Im Dezember werde ich aber noch einmal f\u00fcr zehn Tage nach Bolivien zur\u00fcckkehren. Bis dahin ist hoffentlich wieder Alltag eingekehrt. Ich freue mich darauf, dann nochmal Zeit mit den Kindern zu verbringen.<\/p>\n\n\n\n<p>Liebe Gr\u00fc\u00dfe aus Bolivien, Julius<\/p>","protected":false},"excerpt":{"rendered":"<p>Julius meldet sich dirket aus Bolivien: Die ersten beiden Wochen durfte ich an dem Alltag des PENADERs teilhaben. Ich habe einige Kinder wieder gesehen, die schon bei meinem letzten Aufenthalt 2015 Teil des PENADERs waren und nat\u00fcrlich habe ich auch viele neue Kinder kennengelernt. Auch das Team der Betreuer ist etwas neu. So sind in [&hellip;]<\/p>","protected":false},"author":1,"featured_media":665,"comment_status":"closed","ping_status":"closed","sticky":false,"template":"","format":"standard","meta":{"_uag_custom_page_level_css":"","site-sidebar-layout":"default","site-content-layout":"","ast-site-content-layout":"default","site-content-style":"default","site-sidebar-style":"default","ast-global-header-display":"","ast-banner-title-visibility":"","ast-main-header-display":"","ast-hfb-above-header-display":"","ast-hfb-below-header-display":"","ast-hfb-mobile-header-display":"","site-post-title":"","ast-breadcrumbs-content":"","ast-featured-img":"","footer-sml-layout":"","theme-transparent-header-meta":"","adv-header-id-meta":"","stick-header-meta":"","header-above-stick-meta":"","header-main-stick-meta":"","header-below-stick-meta":"","astra-migrate-meta-layouts":"set","ast-page-background-enabled":"default","ast-page-background-meta":{"desktop":{"background-color":"var(--ast-global-color-4)","background-image":"","background-repeat":"repeat","background-position":"center center","background-size":"auto","background-attachment":"scroll","background-type":"","background-media":"","overlay-type":"","overlay-color":"","overlay-gradient":""},"tablet":{"background-color":"","background-image":"","background-repeat":"repeat","background-position":"center center","background-size":"auto","background-attachment":"scroll","background-type":"","background-media":"","overlay-type":"","overlay-color":"","overlay-gradient":""},"mobile":{"background-color":"","background-image":"","background-repeat":"repeat","background-position":"center center","background-size":"auto","background-attachment":"scroll","background-type":"","background-media":"","overlay-type":"","overlay-color":"","overlay-gradient":""}},"ast-content-background-meta":{"desktop":{"background-color":"var(--ast-global-color-5)","background-image":"","background-repeat":"repeat","background-position":"center center","background-size":"auto","background-attachment":"scroll","background-type":"","background-media":"","overlay-type":"","overlay-color":"","overlay-gradient":""},"tablet":{"background-color":"var(--ast-global-color-5)","background-image":"","background-repeat":"repeat","background-position":"center center","background-size":"auto","background-attachment":"scroll","background-type":"","background-media":"","overlay-type":"","overlay-color":"","overlay-gradient":""},"mobile":{"background-color":"var(--ast-global-color-5)","background-image":"","background-repeat":"repeat","background-position":"center center","background-size":"auto","background-attachment":"scroll","background-type":"","background-media":"","overlay-type":"","overlay-color":"","overlay-gradient":""}},"footnotes":""},"categories":[10,11,12],"tags":[],"class_list":["post-642","post","type-post","status-publish","format-standard","has-post-thumbnail","hentry","category-freiwillige","category-penader","category-news"],"yoast_head":"<!-- This site is optimized with the Yoast SEO plugin v25.0 - https:\/\/yoast.com\/wordpress\/plugins\/seo\/ -->\n<title>News aus dem PENADER und vom Joven Esperanza e.V. - Joven Esperanza e.V.<\/title>\n<meta name=\"robots\" content=\"index, follow, max-snippet:-1, max-image-preview:large, max-video-preview:-1\" \/>\n<link rel=\"canonical\" href=\"https:\/\/joven-esperanza.de\/es\/blog\/news-aus-dem-penader-und-vom-joven-esperanza-e-v-3\/\" \/>\n<meta property=\"og:locale\" content=\"es_ES\" \/>\n<meta property=\"og:type\" content=\"article\" \/>\n<meta property=\"og:title\" content=\"News aus dem PENADER und vom Joven Esperanza e.V. - Joven Esperanza e.V.\" \/>\n<meta property=\"og:description\" content=\"Julius meldet sich dirket aus Bolivien: Die ersten beiden Wochen durfte ich an dem Alltag des PENADERs teilhaben. Ich habe einige Kinder wieder gesehen, die schon bei meinem letzten Aufenthalt 2015 Teil des PENADERs waren und nat\u00fcrlich habe ich auch viele neue Kinder kennengelernt. Auch das Team der Betreuer ist etwas neu. So sind in [&hellip;]\" \/>\n<meta property=\"og:url\" content=\"https:\/\/joven-esperanza.de\/es\/blog\/news-aus-dem-penader-und-vom-joven-esperanza-e-v-3\/\" \/>\n<meta property=\"og:site_name\" content=\"Joven Esperanza e.V.\" \/>\n<meta property=\"article:publisher\" content=\"https:\/\/www.facebook.com\/JovenEsperanza\" \/>\n<meta property=\"article:published_time\" content=\"2019-11-01T16:05:42+00:00\" \/>\n<meta property=\"article:modified_time\" content=\"2024-02-20T07:15:38+00:00\" \/>\n<meta property=\"og:image\" content=\"https:\/\/joven-esperanza.de\/wp-content\/uploads\/2021\/01\/image-27.jpeg\" \/>\n\t<meta property=\"og:image:width\" content=\"224\" \/>\n\t<meta property=\"og:image:height\" content=\"254\" \/>\n\t<meta property=\"og:image:type\" content=\"image\/jpeg\" \/>\n<meta name=\"author\" content=\"Joven Esperanza\" \/>\n<meta name=\"twitter:card\" content=\"summary_large_image\" \/>\n<meta name=\"twitter:label1\" content=\"Written by\" \/>\n\t<meta name=\"twitter:data1\" content=\"Joven Esperanza\" \/>\n\t<meta name=\"twitter:label2\" content=\"Est. reading time\" \/>\n\t<meta name=\"twitter:data2\" content=\"4 minutes\" \/>\n<script type=\"application\/ld+json\" class=\"yoast-schema-graph\">{\"@context\":\"https:\/\/schema.org\",\"@graph\":[{\"@type\":\"Article\",\"@id\":\"https:\/\/joven-esperanza.de\/blog\/news-aus-dem-penader-und-vom-joven-esperanza-e-v-3\/#article\",\"isPartOf\":{\"@id\":\"https:\/\/joven-esperanza.de\/blog\/news-aus-dem-penader-und-vom-joven-esperanza-e-v-3\/\"},\"author\":{\"name\":\"Joven Esperanza\",\"@id\":\"https:\/\/joven-esperanza.de\/#\/schema\/person\/05b4ae1a74d76612f45fe8c2fb62040e\"},\"headline\":\"News aus dem PENADER und vom Joven Esperanza e.V.\",\"datePublished\":\"2019-11-01T16:05:42+00:00\",\"dateModified\":\"2024-02-20T07:15:38+00:00\",\"mainEntityOfPage\":{\"@id\":\"https:\/\/joven-esperanza.de\/blog\/news-aus-dem-penader-und-vom-joven-esperanza-e-v-3\/\"},\"wordCount\":788,\"publisher\":{\"@id\":\"https:\/\/joven-esperanza.de\/#organization\"},\"image\":{\"@id\":\"https:\/\/joven-esperanza.de\/blog\/news-aus-dem-penader-und-vom-joven-esperanza-e-v-3\/#primaryimage\"},\"thumbnailUrl\":\"https:\/\/joven-esperanza.de\/wp-content\/uploads\/2021\/01\/image-27.jpeg\",\"articleSection\":[\"Freiwillige\",\"Infos vom PENADER\",\"News\"],\"inLanguage\":\"es-BO\"},{\"@type\":\"WebPage\",\"@id\":\"https:\/\/joven-esperanza.de\/blog\/news-aus-dem-penader-und-vom-joven-esperanza-e-v-3\/\",\"url\":\"https:\/\/joven-esperanza.de\/blog\/news-aus-dem-penader-und-vom-joven-esperanza-e-v-3\/\",\"name\":\"News aus dem PENADER und vom Joven Esperanza e.V. - Joven Esperanza e.V.\",\"isPartOf\":{\"@id\":\"https:\/\/joven-esperanza.de\/#website\"},\"primaryImageOfPage\":{\"@id\":\"https:\/\/joven-esperanza.de\/blog\/news-aus-dem-penader-und-vom-joven-esperanza-e-v-3\/#primaryimage\"},\"image\":{\"@id\":\"https:\/\/joven-esperanza.de\/blog\/news-aus-dem-penader-und-vom-joven-esperanza-e-v-3\/#primaryimage\"},\"thumbnailUrl\":\"https:\/\/joven-esperanza.de\/wp-content\/uploads\/2021\/01\/image-27.jpeg\",\"datePublished\":\"2019-11-01T16:05:42+00:00\",\"dateModified\":\"2024-02-20T07:15:38+00:00\",\"breadcrumb\":{\"@id\":\"https:\/\/joven-esperanza.de\/blog\/news-aus-dem-penader-und-vom-joven-esperanza-e-v-3\/#breadcrumb\"},\"inLanguage\":\"es-BO\",\"potentialAction\":[{\"@type\":\"ReadAction\",\"target\":[\"https:\/\/joven-esperanza.de\/blog\/news-aus-dem-penader-und-vom-joven-esperanza-e-v-3\/\"]}]},{\"@type\":\"ImageObject\",\"inLanguage\":\"es-BO\",\"@id\":\"https:\/\/joven-esperanza.de\/blog\/news-aus-dem-penader-und-vom-joven-esperanza-e-v-3\/#primaryimage\",\"url\":\"https:\/\/joven-esperanza.de\/wp-content\/uploads\/2021\/01\/image-27.jpeg\",\"contentUrl\":\"https:\/\/joven-esperanza.de\/wp-content\/uploads\/2021\/01\/image-27.jpeg\",\"width\":224,\"height\":254},{\"@type\":\"BreadcrumbList\",\"@id\":\"https:\/\/joven-esperanza.de\/blog\/news-aus-dem-penader-und-vom-joven-esperanza-e-v-3\/#breadcrumb\",\"itemListElement\":[{\"@type\":\"ListItem\",\"position\":1,\"name\":\"Startseite\",\"item\":\"https:\/\/joven-esperanza.de\/\"},{\"@type\":\"ListItem\",\"position\":2,\"name\":\"News aus dem PENADER und vom Joven Esperanza e.V.\"}]},{\"@type\":\"WebSite\",\"@id\":\"https:\/\/joven-esperanza.de\/#website\",\"url\":\"https:\/\/joven-esperanza.de\/\",\"name\":\"Joven Esperanza e.V.\",\"description\":\"Kindern in Camiri eine Zukunft bieten\",\"publisher\":{\"@id\":\"https:\/\/joven-esperanza.de\/#organization\"},\"potentialAction\":[{\"@type\":\"SearchAction\",\"target\":{\"@type\":\"EntryPoint\",\"urlTemplate\":\"https:\/\/joven-esperanza.de\/?s={search_term_string}\"},\"query-input\":{\"@type\":\"PropertyValueSpecification\",\"valueRequired\":true,\"valueName\":\"search_term_string\"}}],\"inLanguage\":\"es-BO\"},{\"@type\":\"Organization\",\"@id\":\"https:\/\/joven-esperanza.de\/#organization\",\"name\":\"Joven Esperanza e.V.\",\"url\":\"https:\/\/joven-esperanza.de\/\",\"logo\":{\"@type\":\"ImageObject\",\"inLanguage\":\"es-BO\",\"@id\":\"https:\/\/joven-esperanza.de\/#\/schema\/logo\/image\/\",\"url\":\"https:\/\/joven-esperanza.de\/wp-content\/uploads\/2024\/02\/joven-esperanza.png\",\"contentUrl\":\"https:\/\/joven-esperanza.de\/wp-content\/uploads\/2024\/02\/joven-esperanza.png\",\"width\":4738,\"height\":1324,\"caption\":\"Joven Esperanza e.V.\"},\"image\":{\"@id\":\"https:\/\/joven-esperanza.de\/#\/schema\/logo\/image\/\"},\"sameAs\":[\"https:\/\/www.facebook.com\/JovenEsperanza\",\"https:\/\/www.instagram.com\/joven_esperanza_ev\/\",\"https:\/\/www.linkedin.com\/company\/joven-esperanza-e.v.\/\",\"https:\/\/www.youtube.com\/@joven.esperanza\"]},{\"@type\":\"Person\",\"@id\":\"https:\/\/joven-esperanza.de\/#\/schema\/person\/05b4ae1a74d76612f45fe8c2fb62040e\",\"name\":\"Joven Esperanza\",\"image\":{\"@type\":\"ImageObject\",\"inLanguage\":\"es-BO\",\"@id\":\"https:\/\/joven-esperanza.de\/#\/schema\/person\/image\/\",\"url\":\"https:\/\/secure.gravatar.com\/avatar\/e517935b4b2a02445a70c803291d229ef42b7962df094c3c9edf5b7aac19750c?s=96&d=mm&r=g\",\"contentUrl\":\"https:\/\/secure.gravatar.com\/avatar\/e517935b4b2a02445a70c803291d229ef42b7962df094c3c9edf5b7aac19750c?s=96&d=mm&r=g\",\"caption\":\"Joven Esperanza\"},\"sameAs\":[\"https:\/\/dev.joven-esperanza.de\"]}]}<\/script>\n<!-- \/ Yoast SEO plugin. -->","yoast_head_json":{"title":"News aus dem PENADER und vom Joven Esperanza e.V. - Joven Esperanza e.V.","robots":{"index":"index","follow":"follow","max-snippet":"max-snippet:-1","max-image-preview":"max-image-preview:large","max-video-preview":"max-video-preview:-1"},"canonical":"https:\/\/joven-esperanza.de\/es\/blog\/news-aus-dem-penader-und-vom-joven-esperanza-e-v-3\/","og_locale":"es_ES","og_type":"article","og_title":"News aus dem PENADER und vom Joven Esperanza e.V. - Joven Esperanza e.V.","og_description":"Julius meldet sich dirket aus Bolivien: Die ersten beiden Wochen durfte ich an dem Alltag des PENADERs teilhaben. Ich habe einige Kinder wieder gesehen, die schon bei meinem letzten Aufenthalt 2015 Teil des PENADERs waren und nat\u00fcrlich habe ich auch viele neue Kinder kennengelernt. Auch das Team der Betreuer ist etwas neu. So sind in [&hellip;]","og_url":"https:\/\/joven-esperanza.de\/es\/blog\/news-aus-dem-penader-und-vom-joven-esperanza-e-v-3\/","og_site_name":"Joven Esperanza e.V.","article_publisher":"https:\/\/www.facebook.com\/JovenEsperanza","article_published_time":"2019-11-01T16:05:42+00:00","article_modified_time":"2024-02-20T07:15:38+00:00","og_image":[{"width":224,"height":254,"url":"https:\/\/joven-esperanza.de\/wp-content\/uploads\/2021\/01\/image-27.jpeg","type":"image\/jpeg"}],"author":"Joven Esperanza","twitter_card":"summary_large_image","twitter_misc":{"Written by":"Joven Esperanza","Est. reading time":"4 minutes"},"schema":{"@context":"https:\/\/schema.org","@graph":[{"@type":"Article","@id":"https:\/\/joven-esperanza.de\/blog\/news-aus-dem-penader-und-vom-joven-esperanza-e-v-3\/#article","isPartOf":{"@id":"https:\/\/joven-esperanza.de\/blog\/news-aus-dem-penader-und-vom-joven-esperanza-e-v-3\/"},"author":{"name":"Joven Esperanza","@id":"https:\/\/joven-esperanza.de\/#\/schema\/person\/05b4ae1a74d76612f45fe8c2fb62040e"},"headline":"News aus dem PENADER und vom Joven Esperanza e.V.","datePublished":"2019-11-01T16:05:42+00:00","dateModified":"2024-02-20T07:15:38+00:00","mainEntityOfPage":{"@id":"https:\/\/joven-esperanza.de\/blog\/news-aus-dem-penader-und-vom-joven-esperanza-e-v-3\/"},"wordCount":788,"publisher":{"@id":"https:\/\/joven-esperanza.de\/#organization"},"image":{"@id":"https:\/\/joven-esperanza.de\/blog\/news-aus-dem-penader-und-vom-joven-esperanza-e-v-3\/#primaryimage"},"thumbnailUrl":"https:\/\/joven-esperanza.de\/wp-content\/uploads\/2021\/01\/image-27.jpeg","articleSection":["Freiwillige","Infos vom PENADER","News"],"inLanguage":"es-BO"},{"@type":"WebPage","@id":"https:\/\/joven-esperanza.de\/blog\/news-aus-dem-penader-und-vom-joven-esperanza-e-v-3\/","url":"https:\/\/joven-esperanza.de\/blog\/news-aus-dem-penader-und-vom-joven-esperanza-e-v-3\/","name":"News aus dem PENADER und vom Joven Esperanza e.V. - Joven Esperanza e.V.","isPartOf":{"@id":"https:\/\/joven-esperanza.de\/#website"},"primaryImageOfPage":{"@id":"https:\/\/joven-esperanza.de\/blog\/news-aus-dem-penader-und-vom-joven-esperanza-e-v-3\/#primaryimage"},"image":{"@id":"https:\/\/joven-esperanza.de\/blog\/news-aus-dem-penader-und-vom-joven-esperanza-e-v-3\/#primaryimage"},"thumbnailUrl":"https:\/\/joven-esperanza.de\/wp-content\/uploads\/2021\/01\/image-27.jpeg","datePublished":"2019-11-01T16:05:42+00:00","dateModified":"2024-02-20T07:15:38+00:00","breadcrumb":{"@id":"https:\/\/joven-esperanza.de\/blog\/news-aus-dem-penader-und-vom-joven-esperanza-e-v-3\/#breadcrumb"},"inLanguage":"es-BO","potentialAction":[{"@type":"ReadAction","target":["https:\/\/joven-esperanza.de\/blog\/news-aus-dem-penader-und-vom-joven-esperanza-e-v-3\/"]}]},{"@type":"ImageObject","inLanguage":"es-BO","@id":"https:\/\/joven-esperanza.de\/blog\/news-aus-dem-penader-und-vom-joven-esperanza-e-v-3\/#primaryimage","url":"https:\/\/joven-esperanza.de\/wp-content\/uploads\/2021\/01\/image-27.jpeg","contentUrl":"https:\/\/joven-esperanza.de\/wp-content\/uploads\/2021\/01\/image-27.jpeg","width":224,"height":254},{"@type":"BreadcrumbList","@id":"https:\/\/joven-esperanza.de\/blog\/news-aus-dem-penader-und-vom-joven-esperanza-e-v-3\/#breadcrumb","itemListElement":[{"@type":"ListItem","position":1,"name":"Startseite","item":"https:\/\/joven-esperanza.de\/"},{"@type":"ListItem","position":2,"name":"News aus dem PENADER und vom Joven Esperanza e.V."}]},{"@type":"WebSite","@id":"https:\/\/joven-esperanza.de\/#website","url":"https:\/\/joven-esperanza.de\/","name":"Joven Esperanza e.V.","description":"Kindern in Camiri eine Zukunft bieten","publisher":{"@id":"https:\/\/joven-esperanza.de\/#organization"},"potentialAction":[{"@type":"SearchAction","target":{"@type":"EntryPoint","urlTemplate":"https:\/\/joven-esperanza.de\/?s={search_term_string}"},"query-input":{"@type":"PropertyValueSpecification","valueRequired":true,"valueName":"search_term_string"}}],"inLanguage":"es-BO"},{"@type":"Organization","@id":"https:\/\/joven-esperanza.de\/#organization","name":"Joven Esperanza e.V.","url":"https:\/\/joven-esperanza.de\/","logo":{"@type":"ImageObject","inLanguage":"es-BO","@id":"https:\/\/joven-esperanza.de\/#\/schema\/logo\/image\/","url":"https:\/\/joven-esperanza.de\/wp-content\/uploads\/2024\/02\/joven-esperanza.png","contentUrl":"https:\/\/joven-esperanza.de\/wp-content\/uploads\/2024\/02\/joven-esperanza.png","width":4738,"height":1324,"caption":"Joven Esperanza e.V."},"image":{"@id":"https:\/\/joven-esperanza.de\/#\/schema\/logo\/image\/"},"sameAs":["https:\/\/www.facebook.com\/JovenEsperanza","https:\/\/www.instagram.com\/joven_esperanza_ev\/","https:\/\/www.linkedin.com\/company\/joven-esperanza-e.v.\/","https:\/\/www.youtube.com\/@joven.esperanza"]},{"@type":"Person","@id":"https:\/\/joven-esperanza.de\/#\/schema\/person\/05b4ae1a74d76612f45fe8c2fb62040e","name":"Joven Esperanza","image":{"@type":"ImageObject","inLanguage":"es-BO","@id":"https:\/\/joven-esperanza.de\/#\/schema\/person\/image\/","url":"https:\/\/secure.gravatar.com\/avatar\/e517935b4b2a02445a70c803291d229ef42b7962df094c3c9edf5b7aac19750c?s=96&d=mm&r=g","contentUrl":"https:\/\/secure.gravatar.com\/avatar\/e517935b4b2a02445a70c803291d229ef42b7962df094c3c9edf5b7aac19750c?s=96&d=mm&r=g","caption":"Joven Esperanza"},"sameAs":["https:\/\/dev.joven-esperanza.de"]}]}},"uagb_featured_image_src":{"full":["https:\/\/joven-esperanza.de\/wp-content\/uploads\/2021\/01\/image-27.jpeg",224,254,false],"thumbnail":["https:\/\/joven-esperanza.de\/wp-content\/uploads\/2021\/01\/image-27-150x150.jpeg",150,150,true],"medium":["https:\/\/joven-esperanza.de\/wp-content\/uploads\/2021\/01\/image-27.jpeg",224,254,false],"medium_large":["https:\/\/joven-esperanza.de\/wp-content\/uploads\/2021\/01\/image-27.jpeg",224,254,false],"large":["https:\/\/joven-esperanza.de\/wp-content\/uploads\/2021\/01\/image-27.jpeg",224,254,false],"1536x1536":["https:\/\/joven-esperanza.de\/wp-content\/uploads\/2021\/01\/image-27.jpeg",224,254,false],"2048x2048":["https:\/\/joven-esperanza.de\/wp-content\/uploads\/2021\/01\/image-27.jpeg",224,254,false],"trp-custom-language-flag":["https:\/\/joven-esperanza.de\/wp-content\/uploads\/2021\/01\/image-27.jpeg",11,12,false]},"uagb_author_info":{"display_name":"Joven Esperanza","author_link":"https:\/\/joven-esperanza.de\/es\/blog\/author\/admin\/"},"uagb_comment_info":0,"uagb_excerpt":"Julius meldet sich dirket aus Bolivien: Die ersten beiden Wochen durfte ich an dem Alltag des PENADERs teilhaben. Ich habe einige Kinder wieder gesehen, die schon bei meinem letzten Aufenthalt 2015 Teil des PENADERs waren und nat\u00fcrlich habe ich auch viele neue Kinder kennengelernt. Auch das Team der Betreuer ist etwas neu. So sind in&hellip;","_links":{"self":[{"href":"https:\/\/joven-esperanza.de\/es\/wp-json\/wp\/v2\/posts\/642","targetHints":{"allow":["GET"]}}],"collection":[{"href":"https:\/\/joven-esperanza.de\/es\/wp-json\/wp\/v2\/posts"}],"about":[{"href":"https:\/\/joven-esperanza.de\/es\/wp-json\/wp\/v2\/types\/post"}],"author":[{"embeddable":true,"href":"https:\/\/joven-esperanza.de\/es\/wp-json\/wp\/v2\/users\/1"}],"replies":[{"embeddable":true,"href":"https:\/\/joven-esperanza.de\/es\/wp-json\/wp\/v2\/comments?post=642"}],"version-history":[{"count":1,"href":"https:\/\/joven-esperanza.de\/es\/wp-json\/wp\/v2\/posts\/642\/revisions"}],"predecessor-version":[{"id":3526,"href":"https:\/\/joven-esperanza.de\/es\/wp-json\/wp\/v2\/posts\/642\/revisions\/3526"}],"wp:featuredmedia":[{"embeddable":true,"href":"https:\/\/joven-esperanza.de\/es\/wp-json\/wp\/v2\/media\/665"}],"wp:attachment":[{"href":"https:\/\/joven-esperanza.de\/es\/wp-json\/wp\/v2\/media?parent=642"}],"wp:term":[{"taxonomy":"category","embeddable":true,"href":"https:\/\/joven-esperanza.de\/es\/wp-json\/wp\/v2\/categories?post=642"},{"taxonomy":"post_tag","embeddable":true,"href":"https:\/\/joven-esperanza.de\/es\/wp-json\/wp\/v2\/tags?post=642"}],"curies":[{"name":"wp","href":"https:\/\/api.w.org\/{rel}","templated":true}]}}