{"id":658,"date":"2019-09-12T16:12:57","date_gmt":"2019-09-12T16:12:57","guid":{"rendered":"https:\/\/dev.joven-esperanza.de\/news-aus-dem-penader-und-vom-joven-esperanza-e-v-5\/"},"modified":"2024-02-20T07:15:54","modified_gmt":"2024-02-20T07:15:54","slug":"news-aus-dem-penader-und-vom-joven-esperanza-e-v-5","status":"publish","type":"post","link":"https:\/\/joven-esperanza.de\/es\/blog\/news-aus-dem-penader-und-vom-joven-esperanza-e-v-5\/","title":{"rendered":"News aus dem PENADER und vom Joven Esperanza e.V."},"content":{"rendered":"<p><strong>Gastgeberin Imke erz\u00e4hlt von unserem dritten Sommerfest:<\/strong><\/p>\n\n\n\n<figure class=\"wp-block-image size-large is-style-rounded\"><img decoding=\"async\" src=\"https:\/\/joven-esperanza.de\/wp-content\/uploads\/2021\/01\/image-24.png\" alt=\"\"\/><\/figure>\n\n\n\n<p>\u201eUnser 3. Joven Esperanza Sommerfest starteten wir in diesem Jahr am 7. September bei gn\u00e4digem Wetter in Hamburg am R\u00f6\u00f6tberg.&nbsp;&nbsp;Am Abend vorher haben wir zusammen mit Jojo, Annette, Rike und Lutz unserem eher skandinavischen Haus einen bolivianischen Touch verpasst mit Girlanden in Landesfarben, gewebten Tischl\u00e4ufern und vielen Fotos aus dem Projekt. F\u00fcr die Zukunft aller Feste sei angemerkt, dass wir inzwischen auf einen reichhaltigen Dekofundus zur\u00fcckgreifen k\u00f6nnen. Das nerv\u00f6se Gef\u00fchl bei uns als Gastgeber, ob nun sieben&nbsp;&nbsp;oder 70 G\u00e4ste kommen werden, hat sich dabei in eine gelassene \u201ees k\u00fctt wie et k\u00fctt\u201c-Stimmung verwandelt. Es pendelte sich dann auch in der Spitze bei ca. 65&nbsp;&nbsp;Mitgliedern und interessierten Freunden ein. Nach lebhaften Diskussionen, wo der Beamer f\u00fcr die Projektpr\u00e4sentation von Jojo und Julius stehen sollte und welche Wand die am besten geeignete sein sollte, einigten wir uns auf den Kamin und alle hatten eine komfortable Sicht. Das Beste war die Live-Schaltung mit Marisa, die gerade in Camiri vor Ort war. So gewannen besonders die \u201eNeulinge\u201c einen anschaulichen Eindruck vom PENADER &amp; den Lebensumst\u00e4nden der Kinder und einige haben die Chance genutzt, viele Fragen zu stellen und sich intensiv zu informieren. Am Buffet mit (mitgebrachten) s\u00fcdamerikanischen K\u00f6stlichkeiten und dem bew\u00e4hrten Riesentopf Chili sin carne von Friederike klang das Fest so langsam aus. Jojo und Julius haben ganze Arbeit geleistet, denn der Abend endete mit acht neuen Mitgliedern und einigen mehr, die noch \u00fcber eine Spende nachdenken. Das ruft doch nach Wiederholung! Es hat Spa\u00df gemacht!\u201c&nbsp;&nbsp;&nbsp;&nbsp;&nbsp;&nbsp;&nbsp;&nbsp;&nbsp;<\/p>\n\n\n\n<figure class=\"wp-block-image size-large is-style-rounded\"><img decoding=\"async\" src=\"https:\/\/joven-esperanza.de\/wp-content\/uploads\/2021\/01\/image-25.jpeg\" alt=\"\"\/><\/figure>\n\n\n\n<p>&nbsp;<strong>Noch einmal vielen lieben Dank an die Gastgeber und&nbsp;&nbsp;Organisatoren!&nbsp;<\/strong><\/p>","protected":false},"excerpt":{"rendered":"<p>Gastgeberin Imke erz\u00e4hlt von unserem dritten Sommerfest: \u201eUnser 3. Joven Esperanza Sommerfest starteten wir in diesem Jahr am 7. September bei gn\u00e4digem Wetter in Hamburg am R\u00f6\u00f6tberg.&nbsp;&nbsp;Am Abend vorher haben wir zusammen mit Jojo, Annette, Rike und Lutz unserem eher skandinavischen Haus einen bolivianischen Touch verpasst mit Girlanden in Landesfarben, gewebten Tischl\u00e4ufern und vielen Fotos [&hellip;]<\/p>","protected":false},"author":1,"featured_media":659,"comment_status":"closed","ping_status":"closed","sticky":false,"template":"","format":"standard","meta":{"_uag_custom_page_level_css":"","site-sidebar-layout":"default","site-content-layout":"","ast-site-content-layout":"default","site-content-style":"default","site-sidebar-style":"default","ast-global-header-display":"","ast-banner-title-visibility":"","ast-main-header-display":"","ast-hfb-above-header-display":"","ast-hfb-below-header-display":"","ast-hfb-mobile-header-display":"","site-post-title":"","ast-breadcrumbs-content":"","ast-featured-img":"","footer-sml-layout":"","theme-transparent-header-meta":"","adv-header-id-meta":"","stick-header-meta":"","header-above-stick-meta":"","header-main-stick-meta":"","header-below-stick-meta":"","astra-migrate-meta-layouts":"set","ast-page-background-enabled":"default","ast-page-background-meta":{"desktop":{"background-color":"var(--ast-global-color-4)","background-image":"","background-repeat":"repeat","background-position":"center center","background-size":"auto","background-attachment":"scroll","background-type":"","background-media":"","overlay-type":"","overlay-color":"","overlay-gradient":""},"tablet":{"background-color":"","background-image":"","background-repeat":"repeat","background-position":"center center","background-size":"auto","background-attachment":"scroll","background-type":"","background-media":"","overlay-type":"","overlay-color":"","overlay-gradient":""},"mobile":{"background-color":"","background-image":"","background-repeat":"repeat","background-position":"center center","background-size":"auto","background-attachment":"scroll","background-type":"","background-media":"","overlay-type":"","overlay-color":"","overlay-gradient":""}},"ast-content-background-meta":{"desktop":{"background-color":"var(--ast-global-color-5)","background-image":"","background-repeat":"repeat","background-position":"center center","background-size":"auto","background-attachment":"scroll","background-type":"","background-media":"","overlay-type":"","overlay-color":"","overlay-gradient":""},"tablet":{"background-color":"var(--ast-global-color-5)","background-image":"","background-repeat":"repeat","background-position":"center center","background-size":"auto","background-attachment":"scroll","background-type":"","background-media":"","overlay-type":"","overlay-color":"","overlay-gradient":""},"mobile":{"background-color":"var(--ast-global-color-5)","background-image":"","background-repeat":"repeat","background-position":"center center","background-size":"auto","background-attachment":"scroll","background-type":"","background-media":"","overlay-type":"","overlay-color":"","overlay-gradient":""}},"footnotes":""},"categories":[10,11,12],"tags":[],"class_list":["post-658","post","type-post","status-publish","format-standard","has-post-thumbnail","hentry","category-freiwillige","category-penader","category-news"],"yoast_head":"<!-- This site is optimized with the Yoast SEO plugin v25.0 - https:\/\/yoast.com\/wordpress\/plugins\/seo\/ -->\n<title>News aus dem PENADER und vom Joven Esperanza e.V. - Joven Esperanza e.V.<\/title>\n<meta name=\"robots\" content=\"index, follow, max-snippet:-1, max-image-preview:large, max-video-preview:-1\" \/>\n<link rel=\"canonical\" href=\"https:\/\/joven-esperanza.de\/es\/blog\/news-aus-dem-penader-und-vom-joven-esperanza-e-v-5\/\" \/>\n<meta property=\"og:locale\" content=\"es_ES\" \/>\n<meta property=\"og:type\" content=\"article\" \/>\n<meta property=\"og:title\" content=\"News aus dem PENADER und vom Joven Esperanza e.V. - Joven Esperanza e.V.\" \/>\n<meta property=\"og:description\" content=\"Gastgeberin Imke erz\u00e4hlt von unserem dritten Sommerfest: \u201eUnser 3. Joven Esperanza Sommerfest starteten wir in diesem Jahr am 7. September bei gn\u00e4digem Wetter in Hamburg am R\u00f6\u00f6tberg.&nbsp;&nbsp;Am Abend vorher haben wir zusammen mit Jojo, Annette, Rike und Lutz unserem eher skandinavischen Haus einen bolivianischen Touch verpasst mit Girlanden in Landesfarben, gewebten Tischl\u00e4ufern und vielen Fotos [&hellip;]\" \/>\n<meta property=\"og:url\" content=\"https:\/\/joven-esperanza.de\/es\/blog\/news-aus-dem-penader-und-vom-joven-esperanza-e-v-5\/\" \/>\n<meta property=\"og:site_name\" content=\"Joven Esperanza e.V.\" \/>\n<meta property=\"article:publisher\" content=\"https:\/\/www.facebook.com\/JovenEsperanza\" \/>\n<meta property=\"article:published_time\" content=\"2019-09-12T16:12:57+00:00\" \/>\n<meta property=\"article:modified_time\" content=\"2024-02-20T07:15:54+00:00\" \/>\n<meta property=\"og:image\" content=\"https:\/\/joven-esperanza.de\/wp-content\/uploads\/2021\/01\/image-24.jpeg\" \/>\n\t<meta property=\"og:image:width\" content=\"328\" \/>\n\t<meta property=\"og:image:height\" content=\"202\" \/>\n\t<meta property=\"og:image:type\" content=\"image\/jpeg\" \/>\n<meta name=\"author\" content=\"Joven Esperanza\" \/>\n<meta name=\"twitter:card\" content=\"summary_large_image\" \/>\n<meta name=\"twitter:label1\" content=\"Written by\" \/>\n\t<meta name=\"twitter:data1\" content=\"Joven Esperanza\" \/>\n\t<meta name=\"twitter:label2\" content=\"Est. reading time\" \/>\n\t<meta name=\"twitter:data2\" content=\"1 minute\" \/>\n<script type=\"application\/ld+json\" class=\"yoast-schema-graph\">{\"@context\":\"https:\/\/schema.org\",\"@graph\":[{\"@type\":\"Article\",\"@id\":\"https:\/\/joven-esperanza.de\/blog\/news-aus-dem-penader-und-vom-joven-esperanza-e-v-5\/#article\",\"isPartOf\":{\"@id\":\"https:\/\/joven-esperanza.de\/blog\/news-aus-dem-penader-und-vom-joven-esperanza-e-v-5\/\"},\"author\":{\"name\":\"Joven Esperanza\",\"@id\":\"https:\/\/joven-esperanza.de\/#\/schema\/person\/05b4ae1a74d76612f45fe8c2fb62040e\"},\"headline\":\"News aus dem PENADER und vom Joven Esperanza e.V.\",\"datePublished\":\"2019-09-12T16:12:57+00:00\",\"dateModified\":\"2024-02-20T07:15:54+00:00\",\"mainEntityOfPage\":{\"@id\":\"https:\/\/joven-esperanza.de\/blog\/news-aus-dem-penader-und-vom-joven-esperanza-e-v-5\/\"},\"wordCount\":306,\"publisher\":{\"@id\":\"https:\/\/joven-esperanza.de\/#organization\"},\"image\":{\"@id\":\"https:\/\/joven-esperanza.de\/blog\/news-aus-dem-penader-und-vom-joven-esperanza-e-v-5\/#primaryimage\"},\"thumbnailUrl\":\"https:\/\/joven-esperanza.de\/wp-content\/uploads\/2021\/01\/image-24.jpeg\",\"articleSection\":[\"Freiwillige\",\"Infos vom PENADER\",\"News\"],\"inLanguage\":\"es-BO\"},{\"@type\":\"WebPage\",\"@id\":\"https:\/\/joven-esperanza.de\/blog\/news-aus-dem-penader-und-vom-joven-esperanza-e-v-5\/\",\"url\":\"https:\/\/joven-esperanza.de\/blog\/news-aus-dem-penader-und-vom-joven-esperanza-e-v-5\/\",\"name\":\"News aus dem PENADER und vom Joven Esperanza e.V. - Joven Esperanza e.V.\",\"isPartOf\":{\"@id\":\"https:\/\/joven-esperanza.de\/#website\"},\"primaryImageOfPage\":{\"@id\":\"https:\/\/joven-esperanza.de\/blog\/news-aus-dem-penader-und-vom-joven-esperanza-e-v-5\/#primaryimage\"},\"image\":{\"@id\":\"https:\/\/joven-esperanza.de\/blog\/news-aus-dem-penader-und-vom-joven-esperanza-e-v-5\/#primaryimage\"},\"thumbnailUrl\":\"https:\/\/joven-esperanza.de\/wp-content\/uploads\/2021\/01\/image-24.jpeg\",\"datePublished\":\"2019-09-12T16:12:57+00:00\",\"dateModified\":\"2024-02-20T07:15:54+00:00\",\"breadcrumb\":{\"@id\":\"https:\/\/joven-esperanza.de\/blog\/news-aus-dem-penader-und-vom-joven-esperanza-e-v-5\/#breadcrumb\"},\"inLanguage\":\"es-BO\",\"potentialAction\":[{\"@type\":\"ReadAction\",\"target\":[\"https:\/\/joven-esperanza.de\/blog\/news-aus-dem-penader-und-vom-joven-esperanza-e-v-5\/\"]}]},{\"@type\":\"ImageObject\",\"inLanguage\":\"es-BO\",\"@id\":\"https:\/\/joven-esperanza.de\/blog\/news-aus-dem-penader-und-vom-joven-esperanza-e-v-5\/#primaryimage\",\"url\":\"https:\/\/joven-esperanza.de\/wp-content\/uploads\/2021\/01\/image-24.jpeg\",\"contentUrl\":\"https:\/\/joven-esperanza.de\/wp-content\/uploads\/2021\/01\/image-24.jpeg\",\"width\":328,\"height\":202},{\"@type\":\"BreadcrumbList\",\"@id\":\"https:\/\/joven-esperanza.de\/blog\/news-aus-dem-penader-und-vom-joven-esperanza-e-v-5\/#breadcrumb\",\"itemListElement\":[{\"@type\":\"ListItem\",\"position\":1,\"name\":\"Startseite\",\"item\":\"https:\/\/joven-esperanza.de\/\"},{\"@type\":\"ListItem\",\"position\":2,\"name\":\"News aus dem PENADER und vom Joven Esperanza e.V.\"}]},{\"@type\":\"WebSite\",\"@id\":\"https:\/\/joven-esperanza.de\/#website\",\"url\":\"https:\/\/joven-esperanza.de\/\",\"name\":\"Joven Esperanza e.V.\",\"description\":\"Kindern in Camiri eine Zukunft bieten\",\"publisher\":{\"@id\":\"https:\/\/joven-esperanza.de\/#organization\"},\"potentialAction\":[{\"@type\":\"SearchAction\",\"target\":{\"@type\":\"EntryPoint\",\"urlTemplate\":\"https:\/\/joven-esperanza.de\/?s={search_term_string}\"},\"query-input\":{\"@type\":\"PropertyValueSpecification\",\"valueRequired\":true,\"valueName\":\"search_term_string\"}}],\"inLanguage\":\"es-BO\"},{\"@type\":\"Organization\",\"@id\":\"https:\/\/joven-esperanza.de\/#organization\",\"name\":\"Joven Esperanza e.V.\",\"url\":\"https:\/\/joven-esperanza.de\/\",\"logo\":{\"@type\":\"ImageObject\",\"inLanguage\":\"es-BO\",\"@id\":\"https:\/\/joven-esperanza.de\/#\/schema\/logo\/image\/\",\"url\":\"https:\/\/joven-esperanza.de\/wp-content\/uploads\/2024\/02\/joven-esperanza.png\",\"contentUrl\":\"https:\/\/joven-esperanza.de\/wp-content\/uploads\/2024\/02\/joven-esperanza.png\",\"width\":4738,\"height\":1324,\"caption\":\"Joven Esperanza e.V.\"},\"image\":{\"@id\":\"https:\/\/joven-esperanza.de\/#\/schema\/logo\/image\/\"},\"sameAs\":[\"https:\/\/www.facebook.com\/JovenEsperanza\",\"https:\/\/www.instagram.com\/joven_esperanza_ev\/\",\"https:\/\/www.linkedin.com\/company\/joven-esperanza-e.v.\/\",\"https:\/\/www.youtube.com\/@joven.esperanza\"]},{\"@type\":\"Person\",\"@id\":\"https:\/\/joven-esperanza.de\/#\/schema\/person\/05b4ae1a74d76612f45fe8c2fb62040e\",\"name\":\"Joven Esperanza\",\"image\":{\"@type\":\"ImageObject\",\"inLanguage\":\"es-BO\",\"@id\":\"https:\/\/joven-esperanza.de\/#\/schema\/person\/image\/\",\"url\":\"https:\/\/secure.gravatar.com\/avatar\/e517935b4b2a02445a70c803291d229ef42b7962df094c3c9edf5b7aac19750c?s=96&d=mm&r=g\",\"contentUrl\":\"https:\/\/secure.gravatar.com\/avatar\/e517935b4b2a02445a70c803291d229ef42b7962df094c3c9edf5b7aac19750c?s=96&d=mm&r=g\",\"caption\":\"Joven Esperanza\"},\"sameAs\":[\"https:\/\/dev.joven-esperanza.de\"]}]}<\/script>\n<!-- \/ Yoast SEO plugin. -->","yoast_head_json":{"title":"News aus dem PENADER und vom Joven Esperanza e.V. - Joven Esperanza e.V.","robots":{"index":"index","follow":"follow","max-snippet":"max-snippet:-1","max-image-preview":"max-image-preview:large","max-video-preview":"max-video-preview:-1"},"canonical":"https:\/\/joven-esperanza.de\/es\/blog\/news-aus-dem-penader-und-vom-joven-esperanza-e-v-5\/","og_locale":"es_ES","og_type":"article","og_title":"News aus dem PENADER und vom Joven Esperanza e.V. - Joven Esperanza e.V.","og_description":"Gastgeberin Imke erz\u00e4hlt von unserem dritten Sommerfest: \u201eUnser 3. Joven Esperanza Sommerfest starteten wir in diesem Jahr am 7. September bei gn\u00e4digem Wetter in Hamburg am R\u00f6\u00f6tberg.&nbsp;&nbsp;Am Abend vorher haben wir zusammen mit Jojo, Annette, Rike und Lutz unserem eher skandinavischen Haus einen bolivianischen Touch verpasst mit Girlanden in Landesfarben, gewebten Tischl\u00e4ufern und vielen Fotos [&hellip;]","og_url":"https:\/\/joven-esperanza.de\/es\/blog\/news-aus-dem-penader-und-vom-joven-esperanza-e-v-5\/","og_site_name":"Joven Esperanza e.V.","article_publisher":"https:\/\/www.facebook.com\/JovenEsperanza","article_published_time":"2019-09-12T16:12:57+00:00","article_modified_time":"2024-02-20T07:15:54+00:00","og_image":[{"width":328,"height":202,"url":"https:\/\/joven-esperanza.de\/wp-content\/uploads\/2021\/01\/image-24.jpeg","type":"image\/jpeg"}],"author":"Joven Esperanza","twitter_card":"summary_large_image","twitter_misc":{"Written by":"Joven Esperanza","Est. reading time":"1 minute"},"schema":{"@context":"https:\/\/schema.org","@graph":[{"@type":"Article","@id":"https:\/\/joven-esperanza.de\/blog\/news-aus-dem-penader-und-vom-joven-esperanza-e-v-5\/#article","isPartOf":{"@id":"https:\/\/joven-esperanza.de\/blog\/news-aus-dem-penader-und-vom-joven-esperanza-e-v-5\/"},"author":{"name":"Joven Esperanza","@id":"https:\/\/joven-esperanza.de\/#\/schema\/person\/05b4ae1a74d76612f45fe8c2fb62040e"},"headline":"News aus dem PENADER und vom Joven Esperanza e.V.","datePublished":"2019-09-12T16:12:57+00:00","dateModified":"2024-02-20T07:15:54+00:00","mainEntityOfPage":{"@id":"https:\/\/joven-esperanza.de\/blog\/news-aus-dem-penader-und-vom-joven-esperanza-e-v-5\/"},"wordCount":306,"publisher":{"@id":"https:\/\/joven-esperanza.de\/#organization"},"image":{"@id":"https:\/\/joven-esperanza.de\/blog\/news-aus-dem-penader-und-vom-joven-esperanza-e-v-5\/#primaryimage"},"thumbnailUrl":"https:\/\/joven-esperanza.de\/wp-content\/uploads\/2021\/01\/image-24.jpeg","articleSection":["Freiwillige","Infos vom PENADER","News"],"inLanguage":"es-BO"},{"@type":"WebPage","@id":"https:\/\/joven-esperanza.de\/blog\/news-aus-dem-penader-und-vom-joven-esperanza-e-v-5\/","url":"https:\/\/joven-esperanza.de\/blog\/news-aus-dem-penader-und-vom-joven-esperanza-e-v-5\/","name":"News aus dem PENADER und vom Joven Esperanza e.V. - Joven Esperanza e.V.","isPartOf":{"@id":"https:\/\/joven-esperanza.de\/#website"},"primaryImageOfPage":{"@id":"https:\/\/joven-esperanza.de\/blog\/news-aus-dem-penader-und-vom-joven-esperanza-e-v-5\/#primaryimage"},"image":{"@id":"https:\/\/joven-esperanza.de\/blog\/news-aus-dem-penader-und-vom-joven-esperanza-e-v-5\/#primaryimage"},"thumbnailUrl":"https:\/\/joven-esperanza.de\/wp-content\/uploads\/2021\/01\/image-24.jpeg","datePublished":"2019-09-12T16:12:57+00:00","dateModified":"2024-02-20T07:15:54+00:00","breadcrumb":{"@id":"https:\/\/joven-esperanza.de\/blog\/news-aus-dem-penader-und-vom-joven-esperanza-e-v-5\/#breadcrumb"},"inLanguage":"es-BO","potentialAction":[{"@type":"ReadAction","target":["https:\/\/joven-esperanza.de\/blog\/news-aus-dem-penader-und-vom-joven-esperanza-e-v-5\/"]}]},{"@type":"ImageObject","inLanguage":"es-BO","@id":"https:\/\/joven-esperanza.de\/blog\/news-aus-dem-penader-und-vom-joven-esperanza-e-v-5\/#primaryimage","url":"https:\/\/joven-esperanza.de\/wp-content\/uploads\/2021\/01\/image-24.jpeg","contentUrl":"https:\/\/joven-esperanza.de\/wp-content\/uploads\/2021\/01\/image-24.jpeg","width":328,"height":202},{"@type":"BreadcrumbList","@id":"https:\/\/joven-esperanza.de\/blog\/news-aus-dem-penader-und-vom-joven-esperanza-e-v-5\/#breadcrumb","itemListElement":[{"@type":"ListItem","position":1,"name":"Startseite","item":"https:\/\/joven-esperanza.de\/"},{"@type":"ListItem","position":2,"name":"News aus dem PENADER und vom Joven Esperanza e.V."}]},{"@type":"WebSite","@id":"https:\/\/joven-esperanza.de\/#website","url":"https:\/\/joven-esperanza.de\/","name":"Joven Esperanza e.V.","description":"Kindern in Camiri eine Zukunft bieten","publisher":{"@id":"https:\/\/joven-esperanza.de\/#organization"},"potentialAction":[{"@type":"SearchAction","target":{"@type":"EntryPoint","urlTemplate":"https:\/\/joven-esperanza.de\/?s={search_term_string}"},"query-input":{"@type":"PropertyValueSpecification","valueRequired":true,"valueName":"search_term_string"}}],"inLanguage":"es-BO"},{"@type":"Organization","@id":"https:\/\/joven-esperanza.de\/#organization","name":"Joven Esperanza e.V.","url":"https:\/\/joven-esperanza.de\/","logo":{"@type":"ImageObject","inLanguage":"es-BO","@id":"https:\/\/joven-esperanza.de\/#\/schema\/logo\/image\/","url":"https:\/\/joven-esperanza.de\/wp-content\/uploads\/2024\/02\/joven-esperanza.png","contentUrl":"https:\/\/joven-esperanza.de\/wp-content\/uploads\/2024\/02\/joven-esperanza.png","width":4738,"height":1324,"caption":"Joven Esperanza e.V."},"image":{"@id":"https:\/\/joven-esperanza.de\/#\/schema\/logo\/image\/"},"sameAs":["https:\/\/www.facebook.com\/JovenEsperanza","https:\/\/www.instagram.com\/joven_esperanza_ev\/","https:\/\/www.linkedin.com\/company\/joven-esperanza-e.v.\/","https:\/\/www.youtube.com\/@joven.esperanza"]},{"@type":"Person","@id":"https:\/\/joven-esperanza.de\/#\/schema\/person\/05b4ae1a74d76612f45fe8c2fb62040e","name":"Joven Esperanza","image":{"@type":"ImageObject","inLanguage":"es-BO","@id":"https:\/\/joven-esperanza.de\/#\/schema\/person\/image\/","url":"https:\/\/secure.gravatar.com\/avatar\/e517935b4b2a02445a70c803291d229ef42b7962df094c3c9edf5b7aac19750c?s=96&d=mm&r=g","contentUrl":"https:\/\/secure.gravatar.com\/avatar\/e517935b4b2a02445a70c803291d229ef42b7962df094c3c9edf5b7aac19750c?s=96&d=mm&r=g","caption":"Joven Esperanza"},"sameAs":["https:\/\/dev.joven-esperanza.de"]}]}},"uagb_featured_image_src":{"full":["https:\/\/joven-esperanza.de\/wp-content\/uploads\/2021\/01\/image-24.jpeg",328,202,false],"thumbnail":["https:\/\/joven-esperanza.de\/wp-content\/uploads\/2021\/01\/image-24-150x150.jpeg",150,150,true],"medium":["https:\/\/joven-esperanza.de\/wp-content\/uploads\/2021\/01\/image-24-300x185.jpeg",300,185,true],"medium_large":["https:\/\/joven-esperanza.de\/wp-content\/uploads\/2021\/01\/image-24.jpeg",328,202,false],"large":["https:\/\/joven-esperanza.de\/wp-content\/uploads\/2021\/01\/image-24.jpeg",328,202,false],"1536x1536":["https:\/\/joven-esperanza.de\/wp-content\/uploads\/2021\/01\/image-24.jpeg",328,202,false],"2048x2048":["https:\/\/joven-esperanza.de\/wp-content\/uploads\/2021\/01\/image-24.jpeg",328,202,false],"trp-custom-language-flag":["https:\/\/joven-esperanza.de\/wp-content\/uploads\/2021\/01\/image-24.jpeg",18,12,false]},"uagb_author_info":{"display_name":"Joven Esperanza","author_link":"https:\/\/joven-esperanza.de\/es\/blog\/author\/admin\/"},"uagb_comment_info":0,"uagb_excerpt":"Gastgeberin Imke erz\u00e4hlt von unserem dritten Sommerfest: \u201eUnser 3. Joven Esperanza Sommerfest starteten wir in diesem Jahr am 7. September bei gn\u00e4digem Wetter in Hamburg am R\u00f6\u00f6tberg.&nbsp;&nbsp;Am Abend vorher haben wir zusammen mit Jojo, Annette, Rike und Lutz unserem eher skandinavischen Haus einen bolivianischen Touch verpasst mit Girlanden in Landesfarben, gewebten Tischl\u00e4ufern und vielen Fotos&hellip;","_links":{"self":[{"href":"https:\/\/joven-esperanza.de\/es\/wp-json\/wp\/v2\/posts\/658","targetHints":{"allow":["GET"]}}],"collection":[{"href":"https:\/\/joven-esperanza.de\/es\/wp-json\/wp\/v2\/posts"}],"about":[{"href":"https:\/\/joven-esperanza.de\/es\/wp-json\/wp\/v2\/types\/post"}],"author":[{"embeddable":true,"href":"https:\/\/joven-esperanza.de\/es\/wp-json\/wp\/v2\/users\/1"}],"replies":[{"embeddable":true,"href":"https:\/\/joven-esperanza.de\/es\/wp-json\/wp\/v2\/comments?post=658"}],"version-history":[{"count":1,"href":"https:\/\/joven-esperanza.de\/es\/wp-json\/wp\/v2\/posts\/658\/revisions"}],"predecessor-version":[{"id":3527,"href":"https:\/\/joven-esperanza.de\/es\/wp-json\/wp\/v2\/posts\/658\/revisions\/3527"}],"wp:featuredmedia":[{"embeddable":true,"href":"https:\/\/joven-esperanza.de\/es\/wp-json\/wp\/v2\/media\/659"}],"wp:attachment":[{"href":"https:\/\/joven-esperanza.de\/es\/wp-json\/wp\/v2\/media?parent=658"}],"wp:term":[{"taxonomy":"category","embeddable":true,"href":"https:\/\/joven-esperanza.de\/es\/wp-json\/wp\/v2\/categories?post=658"},{"taxonomy":"post_tag","embeddable":true,"href":"https:\/\/joven-esperanza.de\/es\/wp-json\/wp\/v2\/tags?post=658"}],"curies":[{"name":"wp","href":"https:\/\/api.w.org\/{rel}","templated":true}]}}