{"id":668,"date":"2018-04-17T16:18:00","date_gmt":"2018-04-17T16:18:00","guid":{"rendered":"https:\/\/dev.joven-esperanza.de\/news-aus-dem-penader-und-vom-joven-esperanza-e-v-6\/"},"modified":"2024-02-20T07:19:28","modified_gmt":"2024-02-20T07:19:28","slug":"news-aus-dem-penader-und-vom-joven-esperanza-e-v-6","status":"publish","type":"post","link":"https:\/\/joven-esperanza.de\/es\/blog\/news-aus-dem-penader-und-vom-joven-esperanza-e-v-6\/","title":{"rendered":"News aus dem PENADER und vom Joven Esperanza e.V."},"content":{"rendered":"<figure class=\"wp-block-image size-large is-style-rounded\"><img decoding=\"async\" src=\"https:\/\/joven-esperanza.de\/wp-content\/uploads\/2021\/01\/image-28.jpeg\" alt=\"\" class=\"wp-image-670\"\/><\/figure>\n\n\n\n<p>Wie jedes Jahr wurde am 12. April der\u00a0<strong>\u201eTag der Kinder\u201c<\/strong>\u00a0in Bolivien gefeiert. F\u00fcr die M\u00e4dchen und Jungen im Projekt ist dies ein ganz besonderer Tag: IHR Tag, an dem sie tats\u00e4chlich einfach Kind sein und Spa\u00df haben d\u00fcrfen. Seit vielen Jahren besteht durch Micaela (Gr\u00fcndungsmitglied des PENADERS \u2013 einige kennen sie von der Mitgliederversammlung) eine Kooperation mit Studenten der Universit\u00e4t in Santa Cruz. Sie sorgen am \u201eTag der Kinder\u201c f\u00fcr ein buntes Rahmenprogramm aus diversen Spielen, Musik, selbstgebastelten Kost\u00fcmen, leckerem Essen und kleinen Geschenken. Fast alle Kinder kamen schon um 8 Uhr ins PENADER und verbrachten zusammen einen tollen Tag! Aber seht selbst\u00a0J<\/p>\n\n\n\n<figure class=\"wp-block-image size-large is-style-rounded\"><img loading=\"lazy\" decoding=\"async\" width=\"464\" height=\"340\" src=\"https:\/\/joven-esperanza.de\/wp-content\/uploads\/2021\/01\/image-29.jpeg\" alt=\"\" class=\"wp-image-671\" srcset=\"https:\/\/joven-esperanza.de\/wp-content\/uploads\/2021\/01\/image-29.jpeg 464w, https:\/\/joven-esperanza.de\/wp-content\/uploads\/2021\/01\/image-29-300x220.jpeg 300w\" sizes=\"auto, (max-width: 464px) 100vw, 464px\" \/><\/figure>\n\n\n\n<p>Diese\u00a0<strong>Unterst\u00fctzung<\/strong>\u00a0von den Studenten in Santa Cruz freut uns sehr. In \u00e4rmeren St\u00e4dten wie Camiri sind die Menschen besonders aufeinander angewiesen und helfen sich gegenseitig so gut sie k\u00f6nnen. So bekommt das PENADER zum Beispiel immer wieder Essensspenden von einzelnen Marktst\u00e4nden oder es kommen Nachbarn mit Schulmaterialien vorbei. Letzte Woche hat eine Gruppe von Frauen ehrenamtlich allen Kindern im Projekt die Haare geschnitten \u2013 ein kleiner \u201eLuxus\u201c, den sich die Familien sonst nicht leisten k\u00f6nnen.<\/p>\n\n\n\n<figure class=\"wp-block-image size-large is-style-rounded\"><img loading=\"lazy\" decoding=\"async\" width=\"394\" height=\"258\" src=\"https:\/\/joven-esperanza.de\/wp-content\/uploads\/2021\/01\/image-30.jpeg\" alt=\"\" class=\"wp-image-673\" srcset=\"https:\/\/joven-esperanza.de\/wp-content\/uploads\/2021\/01\/image-30.jpeg 394w, https:\/\/joven-esperanza.de\/wp-content\/uploads\/2021\/01\/image-30-300x196.jpeg 300w\" sizes=\"auto, (max-width: 394px) 100vw, 394px\" \/><\/figure>\n\n\n\n<p>Besonders aufregend war f\u00fcr die Kinder nat\u00fcrlich auch die Ankunft von unserer\u00a0<strong>neuenFreiwilligen<\/strong>\u00a0aus Deutschland!\u00a0<strong>No\u00e9mie<\/strong>\u00a0ist nun schon \u00fcber einen Monat in Camiri und hat sich gut eingelebt. Im Anhang stellt sie sich und ihre ersten Eindr\u00fccke vor; bald folgt Genaueres von ihrer Arbeit im Projekt\u00a0J<\/p>","protected":false},"excerpt":{"rendered":"<p>Wie jedes Jahr wurde am 12. April der\u00a0\u201eTag der Kinder\u201c\u00a0in Bolivien gefeiert. F\u00fcr die M\u00e4dchen und Jungen im Projekt ist dies ein ganz besonderer Tag: IHR Tag, an dem sie tats\u00e4chlich einfach Kind sein und Spa\u00df haben d\u00fcrfen. Seit vielen Jahren besteht durch Micaela (Gr\u00fcndungsmitglied des PENADERS \u2013 einige kennen sie von der Mitgliederversammlung) eine [&hellip;]<\/p>","protected":false},"author":1,"featured_media":669,"comment_status":"closed","ping_status":"closed","sticky":false,"template":"","format":"standard","meta":{"_uag_custom_page_level_css":"","site-sidebar-layout":"default","site-content-layout":"","ast-site-content-layout":"default","site-content-style":"default","site-sidebar-style":"default","ast-global-header-display":"","ast-banner-title-visibility":"","ast-main-header-display":"","ast-hfb-above-header-display":"","ast-hfb-below-header-display":"","ast-hfb-mobile-header-display":"","site-post-title":"","ast-breadcrumbs-content":"","ast-featured-img":"","footer-sml-layout":"","theme-transparent-header-meta":"","adv-header-id-meta":"","stick-header-meta":"","header-above-stick-meta":"","header-main-stick-meta":"","header-below-stick-meta":"","astra-migrate-meta-layouts":"set","ast-page-background-enabled":"default","ast-page-background-meta":{"desktop":{"background-color":"var(--ast-global-color-4)","background-image":"","background-repeat":"repeat","background-position":"center center","background-size":"auto","background-attachment":"scroll","background-type":"","background-media":"","overlay-type":"","overlay-color":"","overlay-gradient":""},"tablet":{"background-color":"","background-image":"","background-repeat":"repeat","background-position":"center center","background-size":"auto","background-attachment":"scroll","background-type":"","background-media":"","overlay-type":"","overlay-color":"","overlay-gradient":""},"mobile":{"background-color":"","background-image":"","background-repeat":"repeat","background-position":"center center","background-size":"auto","background-attachment":"scroll","background-type":"","background-media":"","overlay-type":"","overlay-color":"","overlay-gradient":""}},"ast-content-background-meta":{"desktop":{"background-color":"var(--ast-global-color-5)","background-image":"","background-repeat":"repeat","background-position":"center center","background-size":"auto","background-attachment":"scroll","background-type":"","background-media":"","overlay-type":"","overlay-color":"","overlay-gradient":""},"tablet":{"background-color":"var(--ast-global-color-5)","background-image":"","background-repeat":"repeat","background-position":"center center","background-size":"auto","background-attachment":"scroll","background-type":"","background-media":"","overlay-type":"","overlay-color":"","overlay-gradient":""},"mobile":{"background-color":"var(--ast-global-color-5)","background-image":"","background-repeat":"repeat","background-position":"center center","background-size":"auto","background-attachment":"scroll","background-type":"","background-media":"","overlay-type":"","overlay-color":"","overlay-gradient":""}},"footnotes":""},"categories":[10,11,12],"tags":[],"class_list":["post-668","post","type-post","status-publish","format-standard","has-post-thumbnail","hentry","category-freiwillige","category-penader","category-news"],"yoast_head":"<!-- This site is optimized with the Yoast SEO plugin v25.0 - https:\/\/yoast.com\/wordpress\/plugins\/seo\/ -->\n<title>News aus dem PENADER und vom Joven Esperanza e.V. - Joven Esperanza e.V.<\/title>\n<meta name=\"robots\" content=\"index, follow, max-snippet:-1, max-image-preview:large, max-video-preview:-1\" \/>\n<link rel=\"canonical\" href=\"https:\/\/joven-esperanza.de\/es\/blog\/news-aus-dem-penader-und-vom-joven-esperanza-e-v-6\/\" \/>\n<meta property=\"og:locale\" content=\"es_ES\" \/>\n<meta property=\"og:type\" content=\"article\" \/>\n<meta property=\"og:title\" content=\"News aus dem PENADER und vom Joven Esperanza e.V. - Joven Esperanza e.V.\" \/>\n<meta property=\"og:description\" content=\"Wie jedes Jahr wurde am 12. April der\u00a0\u201eTag der Kinder\u201c\u00a0in Bolivien gefeiert. F\u00fcr die M\u00e4dchen und Jungen im Projekt ist dies ein ganz besonderer Tag: IHR Tag, an dem sie tats\u00e4chlich einfach Kind sein und Spa\u00df haben d\u00fcrfen. Seit vielen Jahren besteht durch Micaela (Gr\u00fcndungsmitglied des PENADERS \u2013 einige kennen sie von der Mitgliederversammlung) eine [&hellip;]\" \/>\n<meta property=\"og:url\" content=\"https:\/\/joven-esperanza.de\/es\/blog\/news-aus-dem-penader-und-vom-joven-esperanza-e-v-6\/\" \/>\n<meta property=\"og:site_name\" content=\"Joven Esperanza e.V.\" \/>\n<meta property=\"article:publisher\" content=\"https:\/\/www.facebook.com\/JovenEsperanza\" \/>\n<meta property=\"article:published_time\" content=\"2018-04-17T16:18:00+00:00\" \/>\n<meta property=\"article:modified_time\" content=\"2024-02-20T07:19:28+00:00\" \/>\n<meta property=\"og:image\" content=\"https:\/\/joven-esperanza.de\/wp-content\/uploads\/2021\/01\/image-28.png\" \/>\n\t<meta property=\"og:image:width\" content=\"464\" \/>\n\t<meta property=\"og:image:height\" content=\"342\" \/>\n\t<meta property=\"og:image:type\" content=\"image\/png\" \/>\n<meta name=\"author\" content=\"Joven Esperanza\" \/>\n<meta name=\"twitter:card\" content=\"summary_large_image\" \/>\n<meta name=\"twitter:label1\" content=\"Written by\" \/>\n\t<meta name=\"twitter:data1\" content=\"Joven Esperanza\" \/>\n\t<meta name=\"twitter:label2\" content=\"Est. reading time\" \/>\n\t<meta name=\"twitter:data2\" content=\"1 minute\" \/>\n<script type=\"application\/ld+json\" class=\"yoast-schema-graph\">{\"@context\":\"https:\/\/schema.org\",\"@graph\":[{\"@type\":\"Article\",\"@id\":\"https:\/\/joven-esperanza.de\/es\/blog\/news-aus-dem-penader-und-vom-joven-esperanza-e-v-6\/#article\",\"isPartOf\":{\"@id\":\"https:\/\/joven-esperanza.de\/es\/blog\/news-aus-dem-penader-und-vom-joven-esperanza-e-v-6\/\"},\"author\":{\"name\":\"Joven Esperanza\",\"@id\":\"https:\/\/joven-esperanza.de\/#\/schema\/person\/05b4ae1a74d76612f45fe8c2fb62040e\"},\"headline\":\"News aus dem PENADER und vom Joven Esperanza e.V.\",\"datePublished\":\"2018-04-17T16:18:00+00:00\",\"dateModified\":\"2024-02-20T07:19:28+00:00\",\"mainEntityOfPage\":{\"@id\":\"https:\/\/joven-esperanza.de\/es\/blog\/news-aus-dem-penader-und-vom-joven-esperanza-e-v-6\/\"},\"wordCount\":253,\"publisher\":{\"@id\":\"https:\/\/joven-esperanza.de\/#organization\"},\"image\":{\"@id\":\"https:\/\/joven-esperanza.de\/es\/blog\/news-aus-dem-penader-und-vom-joven-esperanza-e-v-6\/#primaryimage\"},\"thumbnailUrl\":\"https:\/\/joven-esperanza.de\/wp-content\/uploads\/2021\/01\/image-28.png\",\"articleSection\":[\"Freiwillige\",\"Infos vom PENADER\",\"News\"],\"inLanguage\":\"es-BO\"},{\"@type\":\"WebPage\",\"@id\":\"https:\/\/joven-esperanza.de\/es\/blog\/news-aus-dem-penader-und-vom-joven-esperanza-e-v-6\/\",\"url\":\"https:\/\/joven-esperanza.de\/es\/blog\/news-aus-dem-penader-und-vom-joven-esperanza-e-v-6\/\",\"name\":\"News aus dem PENADER und vom Joven Esperanza e.V. - Joven Esperanza e.V.\",\"isPartOf\":{\"@id\":\"https:\/\/joven-esperanza.de\/#website\"},\"primaryImageOfPage\":{\"@id\":\"https:\/\/joven-esperanza.de\/es\/blog\/news-aus-dem-penader-und-vom-joven-esperanza-e-v-6\/#primaryimage\"},\"image\":{\"@id\":\"https:\/\/joven-esperanza.de\/es\/blog\/news-aus-dem-penader-und-vom-joven-esperanza-e-v-6\/#primaryimage\"},\"thumbnailUrl\":\"https:\/\/joven-esperanza.de\/wp-content\/uploads\/2021\/01\/image-28.png\",\"datePublished\":\"2018-04-17T16:18:00+00:00\",\"dateModified\":\"2024-02-20T07:19:28+00:00\",\"breadcrumb\":{\"@id\":\"https:\/\/joven-esperanza.de\/es\/blog\/news-aus-dem-penader-und-vom-joven-esperanza-e-v-6\/#breadcrumb\"},\"inLanguage\":\"es-BO\",\"potentialAction\":[{\"@type\":\"ReadAction\",\"target\":[\"https:\/\/joven-esperanza.de\/es\/blog\/news-aus-dem-penader-und-vom-joven-esperanza-e-v-6\/\"]}]},{\"@type\":\"ImageObject\",\"inLanguage\":\"es-BO\",\"@id\":\"https:\/\/joven-esperanza.de\/es\/blog\/news-aus-dem-penader-und-vom-joven-esperanza-e-v-6\/#primaryimage\",\"url\":\"https:\/\/joven-esperanza.de\/wp-content\/uploads\/2021\/01\/image-28.png\",\"contentUrl\":\"https:\/\/joven-esperanza.de\/wp-content\/uploads\/2021\/01\/image-28.png\",\"width\":464,\"height\":342},{\"@type\":\"BreadcrumbList\",\"@id\":\"https:\/\/joven-esperanza.de\/es\/blog\/news-aus-dem-penader-und-vom-joven-esperanza-e-v-6\/#breadcrumb\",\"itemListElement\":[{\"@type\":\"ListItem\",\"position\":1,\"name\":\"Startseite\",\"item\":\"https:\/\/joven-esperanza.de\/\"},{\"@type\":\"ListItem\",\"position\":2,\"name\":\"News aus dem PENADER und vom Joven Esperanza e.V.\"}]},{\"@type\":\"WebSite\",\"@id\":\"https:\/\/joven-esperanza.de\/#website\",\"url\":\"https:\/\/joven-esperanza.de\/\",\"name\":\"Joven Esperanza e.V.\",\"description\":\"Kindern in Camiri eine Zukunft bieten\",\"publisher\":{\"@id\":\"https:\/\/joven-esperanza.de\/#organization\"},\"potentialAction\":[{\"@type\":\"SearchAction\",\"target\":{\"@type\":\"EntryPoint\",\"urlTemplate\":\"https:\/\/joven-esperanza.de\/?s={search_term_string}\"},\"query-input\":{\"@type\":\"PropertyValueSpecification\",\"valueRequired\":true,\"valueName\":\"search_term_string\"}}],\"inLanguage\":\"es-BO\"},{\"@type\":\"Organization\",\"@id\":\"https:\/\/joven-esperanza.de\/#organization\",\"name\":\"Joven Esperanza e.V.\",\"url\":\"https:\/\/joven-esperanza.de\/\",\"logo\":{\"@type\":\"ImageObject\",\"inLanguage\":\"es-BO\",\"@id\":\"https:\/\/joven-esperanza.de\/#\/schema\/logo\/image\/\",\"url\":\"https:\/\/joven-esperanza.de\/wp-content\/uploads\/2024\/02\/joven-esperanza.png\",\"contentUrl\":\"https:\/\/joven-esperanza.de\/wp-content\/uploads\/2024\/02\/joven-esperanza.png\",\"width\":4738,\"height\":1324,\"caption\":\"Joven Esperanza e.V.\"},\"image\":{\"@id\":\"https:\/\/joven-esperanza.de\/#\/schema\/logo\/image\/\"},\"sameAs\":[\"https:\/\/www.facebook.com\/JovenEsperanza\",\"https:\/\/www.instagram.com\/joven_esperanza_ev\/\",\"https:\/\/www.linkedin.com\/company\/joven-esperanza-e.v.\/\",\"https:\/\/www.youtube.com\/@joven.esperanza\"]},{\"@type\":\"Person\",\"@id\":\"https:\/\/joven-esperanza.de\/#\/schema\/person\/05b4ae1a74d76612f45fe8c2fb62040e\",\"name\":\"Joven Esperanza\",\"image\":{\"@type\":\"ImageObject\",\"inLanguage\":\"es-BO\",\"@id\":\"https:\/\/joven-esperanza.de\/#\/schema\/person\/image\/\",\"url\":\"https:\/\/secure.gravatar.com\/avatar\/e517935b4b2a02445a70c803291d229ef42b7962df094c3c9edf5b7aac19750c?s=96&d=mm&r=g\",\"contentUrl\":\"https:\/\/secure.gravatar.com\/avatar\/e517935b4b2a02445a70c803291d229ef42b7962df094c3c9edf5b7aac19750c?s=96&d=mm&r=g\",\"caption\":\"Joven Esperanza\"},\"sameAs\":[\"https:\/\/dev.joven-esperanza.de\"]}]}<\/script>\n<!-- \/ Yoast SEO plugin. -->","yoast_head_json":{"title":"News aus dem PENADER und vom Joven Esperanza e.V. - Joven Esperanza e.V.","robots":{"index":"index","follow":"follow","max-snippet":"max-snippet:-1","max-image-preview":"max-image-preview:large","max-video-preview":"max-video-preview:-1"},"canonical":"https:\/\/joven-esperanza.de\/es\/blog\/news-aus-dem-penader-und-vom-joven-esperanza-e-v-6\/","og_locale":"es_ES","og_type":"article","og_title":"News aus dem PENADER und vom Joven Esperanza e.V. - Joven Esperanza e.V.","og_description":"Wie jedes Jahr wurde am 12. April der\u00a0\u201eTag der Kinder\u201c\u00a0in Bolivien gefeiert. F\u00fcr die M\u00e4dchen und Jungen im Projekt ist dies ein ganz besonderer Tag: IHR Tag, an dem sie tats\u00e4chlich einfach Kind sein und Spa\u00df haben d\u00fcrfen. Seit vielen Jahren besteht durch Micaela (Gr\u00fcndungsmitglied des PENADERS \u2013 einige kennen sie von der Mitgliederversammlung) eine [&hellip;]","og_url":"https:\/\/joven-esperanza.de\/es\/blog\/news-aus-dem-penader-und-vom-joven-esperanza-e-v-6\/","og_site_name":"Joven Esperanza e.V.","article_publisher":"https:\/\/www.facebook.com\/JovenEsperanza","article_published_time":"2018-04-17T16:18:00+00:00","article_modified_time":"2024-02-20T07:19:28+00:00","og_image":[{"width":464,"height":342,"url":"https:\/\/joven-esperanza.de\/wp-content\/uploads\/2021\/01\/image-28.png","type":"image\/png"}],"author":"Joven Esperanza","twitter_card":"summary_large_image","twitter_misc":{"Written by":"Joven Esperanza","Est. reading time":"1 minute"},"schema":{"@context":"https:\/\/schema.org","@graph":[{"@type":"Article","@id":"https:\/\/joven-esperanza.de\/es\/blog\/news-aus-dem-penader-und-vom-joven-esperanza-e-v-6\/#article","isPartOf":{"@id":"https:\/\/joven-esperanza.de\/es\/blog\/news-aus-dem-penader-und-vom-joven-esperanza-e-v-6\/"},"author":{"name":"Joven Esperanza","@id":"https:\/\/joven-esperanza.de\/#\/schema\/person\/05b4ae1a74d76612f45fe8c2fb62040e"},"headline":"News aus dem PENADER und vom Joven Esperanza e.V.","datePublished":"2018-04-17T16:18:00+00:00","dateModified":"2024-02-20T07:19:28+00:00","mainEntityOfPage":{"@id":"https:\/\/joven-esperanza.de\/es\/blog\/news-aus-dem-penader-und-vom-joven-esperanza-e-v-6\/"},"wordCount":253,"publisher":{"@id":"https:\/\/joven-esperanza.de\/#organization"},"image":{"@id":"https:\/\/joven-esperanza.de\/es\/blog\/news-aus-dem-penader-und-vom-joven-esperanza-e-v-6\/#primaryimage"},"thumbnailUrl":"https:\/\/joven-esperanza.de\/wp-content\/uploads\/2021\/01\/image-28.png","articleSection":["Freiwillige","Infos vom PENADER","News"],"inLanguage":"es-BO"},{"@type":"WebPage","@id":"https:\/\/joven-esperanza.de\/es\/blog\/news-aus-dem-penader-und-vom-joven-esperanza-e-v-6\/","url":"https:\/\/joven-esperanza.de\/es\/blog\/news-aus-dem-penader-und-vom-joven-esperanza-e-v-6\/","name":"News aus dem PENADER und vom Joven Esperanza e.V. - Joven Esperanza e.V.","isPartOf":{"@id":"https:\/\/joven-esperanza.de\/#website"},"primaryImageOfPage":{"@id":"https:\/\/joven-esperanza.de\/es\/blog\/news-aus-dem-penader-und-vom-joven-esperanza-e-v-6\/#primaryimage"},"image":{"@id":"https:\/\/joven-esperanza.de\/es\/blog\/news-aus-dem-penader-und-vom-joven-esperanza-e-v-6\/#primaryimage"},"thumbnailUrl":"https:\/\/joven-esperanza.de\/wp-content\/uploads\/2021\/01\/image-28.png","datePublished":"2018-04-17T16:18:00+00:00","dateModified":"2024-02-20T07:19:28+00:00","breadcrumb":{"@id":"https:\/\/joven-esperanza.de\/es\/blog\/news-aus-dem-penader-und-vom-joven-esperanza-e-v-6\/#breadcrumb"},"inLanguage":"es-BO","potentialAction":[{"@type":"ReadAction","target":["https:\/\/joven-esperanza.de\/es\/blog\/news-aus-dem-penader-und-vom-joven-esperanza-e-v-6\/"]}]},{"@type":"ImageObject","inLanguage":"es-BO","@id":"https:\/\/joven-esperanza.de\/es\/blog\/news-aus-dem-penader-und-vom-joven-esperanza-e-v-6\/#primaryimage","url":"https:\/\/joven-esperanza.de\/wp-content\/uploads\/2021\/01\/image-28.png","contentUrl":"https:\/\/joven-esperanza.de\/wp-content\/uploads\/2021\/01\/image-28.png","width":464,"height":342},{"@type":"BreadcrumbList","@id":"https:\/\/joven-esperanza.de\/es\/blog\/news-aus-dem-penader-und-vom-joven-esperanza-e-v-6\/#breadcrumb","itemListElement":[{"@type":"ListItem","position":1,"name":"Startseite","item":"https:\/\/joven-esperanza.de\/"},{"@type":"ListItem","position":2,"name":"News aus dem PENADER und vom Joven Esperanza e.V."}]},{"@type":"WebSite","@id":"https:\/\/joven-esperanza.de\/#website","url":"https:\/\/joven-esperanza.de\/","name":"Joven Esperanza e.V.","description":"Kindern in Camiri eine Zukunft bieten","publisher":{"@id":"https:\/\/joven-esperanza.de\/#organization"},"potentialAction":[{"@type":"SearchAction","target":{"@type":"EntryPoint","urlTemplate":"https:\/\/joven-esperanza.de\/?s={search_term_string}"},"query-input":{"@type":"PropertyValueSpecification","valueRequired":true,"valueName":"search_term_string"}}],"inLanguage":"es-BO"},{"@type":"Organization","@id":"https:\/\/joven-esperanza.de\/#organization","name":"Joven Esperanza e.V.","url":"https:\/\/joven-esperanza.de\/","logo":{"@type":"ImageObject","inLanguage":"es-BO","@id":"https:\/\/joven-esperanza.de\/#\/schema\/logo\/image\/","url":"https:\/\/joven-esperanza.de\/wp-content\/uploads\/2024\/02\/joven-esperanza.png","contentUrl":"https:\/\/joven-esperanza.de\/wp-content\/uploads\/2024\/02\/joven-esperanza.png","width":4738,"height":1324,"caption":"Joven Esperanza e.V."},"image":{"@id":"https:\/\/joven-esperanza.de\/#\/schema\/logo\/image\/"},"sameAs":["https:\/\/www.facebook.com\/JovenEsperanza","https:\/\/www.instagram.com\/joven_esperanza_ev\/","https:\/\/www.linkedin.com\/company\/joven-esperanza-e.v.\/","https:\/\/www.youtube.com\/@joven.esperanza"]},{"@type":"Person","@id":"https:\/\/joven-esperanza.de\/#\/schema\/person\/05b4ae1a74d76612f45fe8c2fb62040e","name":"Joven Esperanza","image":{"@type":"ImageObject","inLanguage":"es-BO","@id":"https:\/\/joven-esperanza.de\/#\/schema\/person\/image\/","url":"https:\/\/secure.gravatar.com\/avatar\/e517935b4b2a02445a70c803291d229ef42b7962df094c3c9edf5b7aac19750c?s=96&d=mm&r=g","contentUrl":"https:\/\/secure.gravatar.com\/avatar\/e517935b4b2a02445a70c803291d229ef42b7962df094c3c9edf5b7aac19750c?s=96&d=mm&r=g","caption":"Joven Esperanza"},"sameAs":["https:\/\/dev.joven-esperanza.de"]}]}},"uagb_featured_image_src":{"full":["https:\/\/joven-esperanza.de\/wp-content\/uploads\/2021\/01\/image-28.png",464,342,false],"thumbnail":["https:\/\/joven-esperanza.de\/wp-content\/uploads\/2021\/01\/image-28-150x150.png",150,150,true],"medium":["https:\/\/joven-esperanza.de\/wp-content\/uploads\/2021\/01\/image-28-300x221.png",300,221,true],"medium_large":["https:\/\/joven-esperanza.de\/wp-content\/uploads\/2021\/01\/image-28.png",464,342,false],"large":["https:\/\/joven-esperanza.de\/wp-content\/uploads\/2021\/01\/image-28.png",464,342,false],"1536x1536":["https:\/\/joven-esperanza.de\/wp-content\/uploads\/2021\/01\/image-28.png",464,342,false],"2048x2048":["https:\/\/joven-esperanza.de\/wp-content\/uploads\/2021\/01\/image-28.png",464,342,false],"trp-custom-language-flag":["https:\/\/joven-esperanza.de\/wp-content\/uploads\/2021\/01\/image-28.png",16,12,false]},"uagb_author_info":{"display_name":"Joven Esperanza","author_link":"https:\/\/joven-esperanza.de\/es\/blog\/author\/admin\/"},"uagb_comment_info":0,"uagb_excerpt":"Wie jedes Jahr wurde am 12. April der\u00a0\u201eTag der Kinder\u201c\u00a0in Bolivien gefeiert. F\u00fcr die M\u00e4dchen und Jungen im Projekt ist dies ein ganz besonderer Tag: IHR Tag, an dem sie tats\u00e4chlich einfach Kind sein und Spa\u00df haben d\u00fcrfen. Seit vielen Jahren besteht durch Micaela (Gr\u00fcndungsmitglied des PENADERS \u2013 einige kennen sie von der Mitgliederversammlung) eine&hellip;","_links":{"self":[{"href":"https:\/\/joven-esperanza.de\/es\/wp-json\/wp\/v2\/posts\/668","targetHints":{"allow":["GET"]}}],"collection":[{"href":"https:\/\/joven-esperanza.de\/es\/wp-json\/wp\/v2\/posts"}],"about":[{"href":"https:\/\/joven-esperanza.de\/es\/wp-json\/wp\/v2\/types\/post"}],"author":[{"embeddable":true,"href":"https:\/\/joven-esperanza.de\/es\/wp-json\/wp\/v2\/users\/1"}],"replies":[{"embeddable":true,"href":"https:\/\/joven-esperanza.de\/es\/wp-json\/wp\/v2\/comments?post=668"}],"version-history":[{"count":1,"href":"https:\/\/joven-esperanza.de\/es\/wp-json\/wp\/v2\/posts\/668\/revisions"}],"predecessor-version":[{"id":3534,"href":"https:\/\/joven-esperanza.de\/es\/wp-json\/wp\/v2\/posts\/668\/revisions\/3534"}],"wp:featuredmedia":[{"embeddable":true,"href":"https:\/\/joven-esperanza.de\/es\/wp-json\/wp\/v2\/media\/669"}],"wp:attachment":[{"href":"https:\/\/joven-esperanza.de\/es\/wp-json\/wp\/v2\/media?parent=668"}],"wp:term":[{"taxonomy":"category","embeddable":true,"href":"https:\/\/joven-esperanza.de\/es\/wp-json\/wp\/v2\/categories?post=668"},{"taxonomy":"post_tag","embeddable":true,"href":"https:\/\/joven-esperanza.de\/es\/wp-json\/wp\/v2\/tags?post=668"}],"curies":[{"name":"wp","href":"https:\/\/api.w.org\/{rel}","templated":true}]}}