{"id":772,"date":"2021-02-19T15:14:37","date_gmt":"2021-02-19T15:14:37","guid":{"rendered":"https:\/\/dev.joven-esperanza.de\/einladung-zur-mitgliederversammlung-2021\/"},"modified":"2023-12-10T11:41:36","modified_gmt":"2023-12-10T11:41:36","slug":"einladung-zur-mitgliederversammlung-2021","status":"publish","type":"post","link":"https:\/\/joven-esperanza.de\/es\/blog\/einladung-zur-mitgliederversammlung-2021\/","title":{"rendered":"Einladung zur Mitgliederversammlung 2021"},"content":{"rendered":"<p>Liebes Mitglied,<\/p>\n\n\n\n<p>2020 war f\u00fcr uns alle ein besonderes Jahr &#8211; gepr\u00e4gt von der Covid-19 Pandemie. Auch in unserem bolivianischen Partnerprojekt PENADER war es ein Jahr voller Herausforderungen und der Suche nach kreativen L\u00f6sungen. Wir m\u00f6chten dir bei unserer diesj\u00e4hrigen Mitgliederversammlung davon erz\u00e4hlen, wie das PENADER unter diesen besonderen Umst\u00e4nden weitergearbeitet und neben den Kindern auch ganzen Familien durch diese schwierige Zeit geholfen hat. Au\u00dferdem m\u00f6chten wir einen Ausblick auf die Zukunft geben. Die Mitgliederversammlung stellt f\u00fcr uns eine gute Gelegenheit dar, miteinander in Kontakt zu kommen und gemeinsam neue Ideen zu entwickeln.&nbsp;&nbsp;<\/p>\n\n\n\n<p>Die Einladung zu unserer&nbsp;<strong>Mitgliederversammlung am 21.&nbsp;Februar 2021 um 15 Uhr<\/strong>&nbsp;findest du anbei. Dieses Jahr wird die&nbsp;Mitgliederversammlung online \u00fcber&nbsp;<strong>Zoom<\/strong>&nbsp;stattfinden. Nimm dir gerne Kaffee und Verpflegung mit ins Meeting \ud83d\ude42<\/p>\n\n\n\n<p>Wir empfehlen dir, das kostenlose Programm \u201eZoom\u201c im Vorfeld auf deinem Computer zu installieren. F\u00fcr Smartphones und Tablets gibt es nat\u00fcrlich auch eine Zoom-App. In diesem Fall musst du nur noch die Meeting-ID (860 4735 9628)&nbsp;und den Kenncode (MV2021) eingeben.&nbsp;Alternativ gelangst du auch \u00fcber folgenden Link zum Meeting:&nbsp;<a rel=\"noreferrer noopener\" href=\"https:\/\/us02web.zoom.us\/j\/86047359628?pwd=WmNMdnFiUkNiZXhrQktqUVMvSHJ2Zz09\" target=\"_blank\">https:\/\/us02web.zoom.us\/j\/86047359628?pwd=WmNMdnFiUkNiZXhrQktqUVMvSHJ2Zz09<\/a><\/p>\n\n\n\n<p>Wir freuen uns \u00fcber hoffentlich viele (unverbindliche) Zusagen \u00fcber diesen Doodlelink:&nbsp;<a rel=\"noreferrer noopener\" href=\"https:\/\/doodle.com\/poll\/gka9huyvn7q3a986?utm_source=poll&amp;utm_medium=link\" target=\"_blank\">https:\/\/doodle.com\/poll\/gka9huyvn7q3a986?utm_source=poll&amp;utm_medium=link<\/a>, \u00fcber unsere Facebook-Veranstaltung oder alternativ als direkte Antwort und vor allem auf DICH am 21.02.<\/p>\n\n\n\n<figure class=\"wp-block-image size-large\"><img loading=\"lazy\" decoding=\"async\" width=\"1024\" height=\"256\" src=\"https:\/\/joven-esperanza.de\/wp-content\/uploads\/2020\/09\/cropped-Vereinslogo-1024x256.jpg\" alt=\"\" class=\"wp-image-10\" srcset=\"https:\/\/joven-esperanza.de\/wp-content\/uploads\/2020\/09\/cropped-Vereinslogo-1024x256.jpg 1024w, https:\/\/joven-esperanza.de\/wp-content\/uploads\/2020\/09\/cropped-Vereinslogo-300x75.jpg 300w, https:\/\/joven-esperanza.de\/wp-content\/uploads\/2020\/09\/cropped-Vereinslogo-768x192.jpg 768w, https:\/\/joven-esperanza.de\/wp-content\/uploads\/2020\/09\/cropped-Vereinslogo.jpg 1100w\" sizes=\"auto, (max-width: 1024px) 100vw, 1024px\" \/><\/figure>","protected":false},"excerpt":{"rendered":"<p>Liebes Mitglied, 2020 war f\u00fcr uns alle ein besonderes Jahr &#8211; gepr\u00e4gt von der Covid-19 Pandemie. Auch in unserem bolivianischen Partnerprojekt PENADER war es ein Jahr voller Herausforderungen und der Suche nach kreativen L\u00f6sungen. Wir m\u00f6chten dir bei unserer diesj\u00e4hrigen Mitgliederversammlung davon erz\u00e4hlen, wie das PENADER unter diesen besonderen Umst\u00e4nden weitergearbeitet und neben den Kindern [&hellip;]<\/p>","protected":false},"author":1,"featured_media":911,"comment_status":"closed","ping_status":"closed","sticky":false,"template":"","format":"standard","meta":{"_uag_custom_page_level_css":"","site-sidebar-layout":"default","site-content-layout":"","ast-site-content-layout":"default","site-content-style":"default","site-sidebar-style":"default","ast-global-header-display":"","ast-banner-title-visibility":"","ast-main-header-display":"","ast-hfb-above-header-display":"","ast-hfb-below-header-display":"","ast-hfb-mobile-header-display":"","site-post-title":"","ast-breadcrumbs-content":"","ast-featured-img":"","footer-sml-layout":"","theme-transparent-header-meta":"","adv-header-id-meta":"","stick-header-meta":"","header-above-stick-meta":"","header-main-stick-meta":"","header-below-stick-meta":"","astra-migrate-meta-layouts":"set","ast-page-background-enabled":"default","ast-page-background-meta":{"desktop":{"background-color":"var(--ast-global-color-4)","background-image":"","background-repeat":"repeat","background-position":"center center","background-size":"auto","background-attachment":"scroll","background-type":"","background-media":"","overlay-type":"","overlay-color":"","overlay-gradient":""},"tablet":{"background-color":"","background-image":"","background-repeat":"repeat","background-position":"center center","background-size":"auto","background-attachment":"scroll","background-type":"","background-media":"","overlay-type":"","overlay-color":"","overlay-gradient":""},"mobile":{"background-color":"","background-image":"","background-repeat":"repeat","background-position":"center center","background-size":"auto","background-attachment":"scroll","background-type":"","background-media":"","overlay-type":"","overlay-color":"","overlay-gradient":""}},"ast-content-background-meta":{"desktop":{"background-color":"var(--ast-global-color-5)","background-image":"","background-repeat":"repeat","background-position":"center center","background-size":"auto","background-attachment":"scroll","background-type":"","background-media":"","overlay-type":"","overlay-color":"","overlay-gradient":""},"tablet":{"background-color":"var(--ast-global-color-5)","background-image":"","background-repeat":"repeat","background-position":"center center","background-size":"auto","background-attachment":"scroll","background-type":"","background-media":"","overlay-type":"","overlay-color":"","overlay-gradient":""},"mobile":{"background-color":"var(--ast-global-color-5)","background-image":"","background-repeat":"repeat","background-position":"center center","background-size":"auto","background-attachment":"scroll","background-type":"","background-media":"","overlay-type":"","overlay-color":"","overlay-gradient":""}},"footnotes":""},"categories":[15,13,12],"tags":[],"class_list":["post-772","post","type-post","status-publish","format-standard","has-post-thumbnail","hentry","category-mitgliederversammlung","category-mitgliedschaft","category-news"],"yoast_head":"<!-- This site is optimized with the Yoast SEO plugin v25.0 - https:\/\/yoast.com\/wordpress\/plugins\/seo\/ -->\n<title>Einladung zur Mitgliederversammlung 2021 - Joven Esperanza e.V.<\/title>\n<meta name=\"robots\" content=\"index, follow, max-snippet:-1, max-image-preview:large, max-video-preview:-1\" \/>\n<link rel=\"canonical\" href=\"https:\/\/joven-esperanza.de\/es\/blog\/einladung-zur-mitgliederversammlung-2021\/\" \/>\n<meta property=\"og:locale\" content=\"es_ES\" \/>\n<meta property=\"og:type\" content=\"article\" \/>\n<meta property=\"og:title\" content=\"Einladung zur Mitgliederversammlung 2021 - Joven Esperanza e.V.\" \/>\n<meta property=\"og:description\" content=\"Liebes Mitglied, 2020 war f\u00fcr uns alle ein besonderes Jahr &#8211; gepr\u00e4gt von der Covid-19 Pandemie. Auch in unserem bolivianischen Partnerprojekt PENADER war es ein Jahr voller Herausforderungen und der Suche nach kreativen L\u00f6sungen. Wir m\u00f6chten dir bei unserer diesj\u00e4hrigen Mitgliederversammlung davon erz\u00e4hlen, wie das PENADER unter diesen besonderen Umst\u00e4nden weitergearbeitet und neben den Kindern [&hellip;]\" \/>\n<meta property=\"og:url\" content=\"https:\/\/joven-esperanza.de\/es\/blog\/einladung-zur-mitgliederversammlung-2021\/\" \/>\n<meta property=\"og:site_name\" content=\"Joven Esperanza e.V.\" \/>\n<meta property=\"article:publisher\" content=\"https:\/\/www.facebook.com\/JovenEsperanza\" \/>\n<meta property=\"article:published_time\" content=\"2021-02-19T15:14:37+00:00\" \/>\n<meta property=\"article:modified_time\" content=\"2023-12-10T11:41:36+00:00\" \/>\n<meta property=\"og:image\" content=\"https:\/\/joven-esperanza.de\/wp-content\/uploads\/2022\/02\/cropped-Vereinslogo.jpg\" \/>\n\t<meta property=\"og:image:width\" content=\"1100\" \/>\n\t<meta property=\"og:image:height\" content=\"275\" \/>\n\t<meta property=\"og:image:type\" content=\"image\/jpeg\" \/>\n<meta name=\"author\" content=\"Joven Esperanza\" \/>\n<meta name=\"twitter:card\" content=\"summary_large_image\" \/>\n<meta name=\"twitter:label1\" content=\"Written by\" \/>\n\t<meta name=\"twitter:data1\" content=\"Joven Esperanza\" \/>\n\t<meta name=\"twitter:label2\" content=\"Est. reading time\" \/>\n\t<meta name=\"twitter:data2\" content=\"1 minute\" \/>\n<script type=\"application\/ld+json\" class=\"yoast-schema-graph\">{\"@context\":\"https:\/\/schema.org\",\"@graph\":[{\"@type\":\"Article\",\"@id\":\"https:\/\/joven-esperanza.de\/blog\/einladung-zur-mitgliederversammlung-2021\/#article\",\"isPartOf\":{\"@id\":\"https:\/\/joven-esperanza.de\/blog\/einladung-zur-mitgliederversammlung-2021\/\"},\"author\":{\"name\":\"Joven Esperanza\",\"@id\":\"https:\/\/joven-esperanza.de\/#\/schema\/person\/05b4ae1a74d76612f45fe8c2fb62040e\"},\"headline\":\"Einladung zur Mitgliederversammlung 2021\",\"datePublished\":\"2021-02-19T15:14:37+00:00\",\"dateModified\":\"2023-12-10T11:41:36+00:00\",\"mainEntityOfPage\":{\"@id\":\"https:\/\/joven-esperanza.de\/blog\/einladung-zur-mitgliederversammlung-2021\/\"},\"wordCount\":245,\"publisher\":{\"@id\":\"https:\/\/joven-esperanza.de\/#organization\"},\"image\":{\"@id\":\"https:\/\/joven-esperanza.de\/blog\/einladung-zur-mitgliederversammlung-2021\/#primaryimage\"},\"thumbnailUrl\":\"https:\/\/joven-esperanza.de\/wp-content\/uploads\/2022\/02\/cropped-Vereinslogo.jpg\",\"articleSection\":[\"Mitgliederversammlung\",\"Mitgliedschaft\",\"News\"],\"inLanguage\":\"es-BO\"},{\"@type\":\"WebPage\",\"@id\":\"https:\/\/joven-esperanza.de\/blog\/einladung-zur-mitgliederversammlung-2021\/\",\"url\":\"https:\/\/joven-esperanza.de\/blog\/einladung-zur-mitgliederversammlung-2021\/\",\"name\":\"Einladung zur Mitgliederversammlung 2021 - Joven Esperanza e.V.\",\"isPartOf\":{\"@id\":\"https:\/\/joven-esperanza.de\/#website\"},\"primaryImageOfPage\":{\"@id\":\"https:\/\/joven-esperanza.de\/blog\/einladung-zur-mitgliederversammlung-2021\/#primaryimage\"},\"image\":{\"@id\":\"https:\/\/joven-esperanza.de\/blog\/einladung-zur-mitgliederversammlung-2021\/#primaryimage\"},\"thumbnailUrl\":\"https:\/\/joven-esperanza.de\/wp-content\/uploads\/2022\/02\/cropped-Vereinslogo.jpg\",\"datePublished\":\"2021-02-19T15:14:37+00:00\",\"dateModified\":\"2023-12-10T11:41:36+00:00\",\"breadcrumb\":{\"@id\":\"https:\/\/joven-esperanza.de\/blog\/einladung-zur-mitgliederversammlung-2021\/#breadcrumb\"},\"inLanguage\":\"es-BO\",\"potentialAction\":[{\"@type\":\"ReadAction\",\"target\":[\"https:\/\/joven-esperanza.de\/blog\/einladung-zur-mitgliederversammlung-2021\/\"]}]},{\"@type\":\"ImageObject\",\"inLanguage\":\"es-BO\",\"@id\":\"https:\/\/joven-esperanza.de\/blog\/einladung-zur-mitgliederversammlung-2021\/#primaryimage\",\"url\":\"https:\/\/joven-esperanza.de\/wp-content\/uploads\/2022\/02\/cropped-Vereinslogo.jpg\",\"contentUrl\":\"https:\/\/joven-esperanza.de\/wp-content\/uploads\/2022\/02\/cropped-Vereinslogo.jpg\",\"width\":1100,\"height\":275},{\"@type\":\"BreadcrumbList\",\"@id\":\"https:\/\/joven-esperanza.de\/blog\/einladung-zur-mitgliederversammlung-2021\/#breadcrumb\",\"itemListElement\":[{\"@type\":\"ListItem\",\"position\":1,\"name\":\"Startseite\",\"item\":\"https:\/\/joven-esperanza.de\/\"},{\"@type\":\"ListItem\",\"position\":2,\"name\":\"Einladung zur Mitgliederversammlung 2021\"}]},{\"@type\":\"WebSite\",\"@id\":\"https:\/\/joven-esperanza.de\/#website\",\"url\":\"https:\/\/joven-esperanza.de\/\",\"name\":\"Joven Esperanza e.V.\",\"description\":\"Kindern in Camiri eine Zukunft bieten\",\"publisher\":{\"@id\":\"https:\/\/joven-esperanza.de\/#organization\"},\"potentialAction\":[{\"@type\":\"SearchAction\",\"target\":{\"@type\":\"EntryPoint\",\"urlTemplate\":\"https:\/\/joven-esperanza.de\/?s={search_term_string}\"},\"query-input\":{\"@type\":\"PropertyValueSpecification\",\"valueRequired\":true,\"valueName\":\"search_term_string\"}}],\"inLanguage\":\"es-BO\"},{\"@type\":\"Organization\",\"@id\":\"https:\/\/joven-esperanza.de\/#organization\",\"name\":\"Joven Esperanza e.V.\",\"url\":\"https:\/\/joven-esperanza.de\/\",\"logo\":{\"@type\":\"ImageObject\",\"inLanguage\":\"es-BO\",\"@id\":\"https:\/\/joven-esperanza.de\/#\/schema\/logo\/image\/\",\"url\":\"https:\/\/joven-esperanza.de\/wp-content\/uploads\/2024\/02\/joven-esperanza.png\",\"contentUrl\":\"https:\/\/joven-esperanza.de\/wp-content\/uploads\/2024\/02\/joven-esperanza.png\",\"width\":4738,\"height\":1324,\"caption\":\"Joven Esperanza e.V.\"},\"image\":{\"@id\":\"https:\/\/joven-esperanza.de\/#\/schema\/logo\/image\/\"},\"sameAs\":[\"https:\/\/www.facebook.com\/JovenEsperanza\",\"https:\/\/www.instagram.com\/joven_esperanza_ev\/\",\"https:\/\/www.linkedin.com\/company\/joven-esperanza-e.v.\/\",\"https:\/\/www.youtube.com\/@joven.esperanza\"]},{\"@type\":\"Person\",\"@id\":\"https:\/\/joven-esperanza.de\/#\/schema\/person\/05b4ae1a74d76612f45fe8c2fb62040e\",\"name\":\"Joven Esperanza\",\"image\":{\"@type\":\"ImageObject\",\"inLanguage\":\"es-BO\",\"@id\":\"https:\/\/joven-esperanza.de\/#\/schema\/person\/image\/\",\"url\":\"https:\/\/secure.gravatar.com\/avatar\/e517935b4b2a02445a70c803291d229ef42b7962df094c3c9edf5b7aac19750c?s=96&d=mm&r=g\",\"contentUrl\":\"https:\/\/secure.gravatar.com\/avatar\/e517935b4b2a02445a70c803291d229ef42b7962df094c3c9edf5b7aac19750c?s=96&d=mm&r=g\",\"caption\":\"Joven Esperanza\"},\"sameAs\":[\"https:\/\/dev.joven-esperanza.de\"]}]}<\/script>\n<!-- \/ Yoast SEO plugin. -->","yoast_head_json":{"title":"Einladung zur Mitgliederversammlung 2021 - Joven Esperanza e.V.","robots":{"index":"index","follow":"follow","max-snippet":"max-snippet:-1","max-image-preview":"max-image-preview:large","max-video-preview":"max-video-preview:-1"},"canonical":"https:\/\/joven-esperanza.de\/es\/blog\/einladung-zur-mitgliederversammlung-2021\/","og_locale":"es_ES","og_type":"article","og_title":"Einladung zur Mitgliederversammlung 2021 - Joven Esperanza e.V.","og_description":"Liebes Mitglied, 2020 war f\u00fcr uns alle ein besonderes Jahr &#8211; gepr\u00e4gt von der Covid-19 Pandemie. Auch in unserem bolivianischen Partnerprojekt PENADER war es ein Jahr voller Herausforderungen und der Suche nach kreativen L\u00f6sungen. Wir m\u00f6chten dir bei unserer diesj\u00e4hrigen Mitgliederversammlung davon erz\u00e4hlen, wie das PENADER unter diesen besonderen Umst\u00e4nden weitergearbeitet und neben den Kindern [&hellip;]","og_url":"https:\/\/joven-esperanza.de\/es\/blog\/einladung-zur-mitgliederversammlung-2021\/","og_site_name":"Joven Esperanza e.V.","article_publisher":"https:\/\/www.facebook.com\/JovenEsperanza","article_published_time":"2021-02-19T15:14:37+00:00","article_modified_time":"2023-12-10T11:41:36+00:00","og_image":[{"width":1100,"height":275,"url":"https:\/\/joven-esperanza.de\/wp-content\/uploads\/2022\/02\/cropped-Vereinslogo.jpg","type":"image\/jpeg"}],"author":"Joven Esperanza","twitter_card":"summary_large_image","twitter_misc":{"Written by":"Joven Esperanza","Est. reading time":"1 minute"},"schema":{"@context":"https:\/\/schema.org","@graph":[{"@type":"Article","@id":"https:\/\/joven-esperanza.de\/blog\/einladung-zur-mitgliederversammlung-2021\/#article","isPartOf":{"@id":"https:\/\/joven-esperanza.de\/blog\/einladung-zur-mitgliederversammlung-2021\/"},"author":{"name":"Joven Esperanza","@id":"https:\/\/joven-esperanza.de\/#\/schema\/person\/05b4ae1a74d76612f45fe8c2fb62040e"},"headline":"Einladung zur Mitgliederversammlung 2021","datePublished":"2021-02-19T15:14:37+00:00","dateModified":"2023-12-10T11:41:36+00:00","mainEntityOfPage":{"@id":"https:\/\/joven-esperanza.de\/blog\/einladung-zur-mitgliederversammlung-2021\/"},"wordCount":245,"publisher":{"@id":"https:\/\/joven-esperanza.de\/#organization"},"image":{"@id":"https:\/\/joven-esperanza.de\/blog\/einladung-zur-mitgliederversammlung-2021\/#primaryimage"},"thumbnailUrl":"https:\/\/joven-esperanza.de\/wp-content\/uploads\/2022\/02\/cropped-Vereinslogo.jpg","articleSection":["Mitgliederversammlung","Mitgliedschaft","News"],"inLanguage":"es-BO"},{"@type":"WebPage","@id":"https:\/\/joven-esperanza.de\/blog\/einladung-zur-mitgliederversammlung-2021\/","url":"https:\/\/joven-esperanza.de\/blog\/einladung-zur-mitgliederversammlung-2021\/","name":"Einladung zur Mitgliederversammlung 2021 - Joven Esperanza e.V.","isPartOf":{"@id":"https:\/\/joven-esperanza.de\/#website"},"primaryImageOfPage":{"@id":"https:\/\/joven-esperanza.de\/blog\/einladung-zur-mitgliederversammlung-2021\/#primaryimage"},"image":{"@id":"https:\/\/joven-esperanza.de\/blog\/einladung-zur-mitgliederversammlung-2021\/#primaryimage"},"thumbnailUrl":"https:\/\/joven-esperanza.de\/wp-content\/uploads\/2022\/02\/cropped-Vereinslogo.jpg","datePublished":"2021-02-19T15:14:37+00:00","dateModified":"2023-12-10T11:41:36+00:00","breadcrumb":{"@id":"https:\/\/joven-esperanza.de\/blog\/einladung-zur-mitgliederversammlung-2021\/#breadcrumb"},"inLanguage":"es-BO","potentialAction":[{"@type":"ReadAction","target":["https:\/\/joven-esperanza.de\/blog\/einladung-zur-mitgliederversammlung-2021\/"]}]},{"@type":"ImageObject","inLanguage":"es-BO","@id":"https:\/\/joven-esperanza.de\/blog\/einladung-zur-mitgliederversammlung-2021\/#primaryimage","url":"https:\/\/joven-esperanza.de\/wp-content\/uploads\/2022\/02\/cropped-Vereinslogo.jpg","contentUrl":"https:\/\/joven-esperanza.de\/wp-content\/uploads\/2022\/02\/cropped-Vereinslogo.jpg","width":1100,"height":275},{"@type":"BreadcrumbList","@id":"https:\/\/joven-esperanza.de\/blog\/einladung-zur-mitgliederversammlung-2021\/#breadcrumb","itemListElement":[{"@type":"ListItem","position":1,"name":"Startseite","item":"https:\/\/joven-esperanza.de\/"},{"@type":"ListItem","position":2,"name":"Einladung zur Mitgliederversammlung 2021"}]},{"@type":"WebSite","@id":"https:\/\/joven-esperanza.de\/#website","url":"https:\/\/joven-esperanza.de\/","name":"Joven Esperanza e.V.","description":"Kindern in Camiri eine Zukunft bieten","publisher":{"@id":"https:\/\/joven-esperanza.de\/#organization"},"potentialAction":[{"@type":"SearchAction","target":{"@type":"EntryPoint","urlTemplate":"https:\/\/joven-esperanza.de\/?s={search_term_string}"},"query-input":{"@type":"PropertyValueSpecification","valueRequired":true,"valueName":"search_term_string"}}],"inLanguage":"es-BO"},{"@type":"Organization","@id":"https:\/\/joven-esperanza.de\/#organization","name":"Joven Esperanza e.V.","url":"https:\/\/joven-esperanza.de\/","logo":{"@type":"ImageObject","inLanguage":"es-BO","@id":"https:\/\/joven-esperanza.de\/#\/schema\/logo\/image\/","url":"https:\/\/joven-esperanza.de\/wp-content\/uploads\/2024\/02\/joven-esperanza.png","contentUrl":"https:\/\/joven-esperanza.de\/wp-content\/uploads\/2024\/02\/joven-esperanza.png","width":4738,"height":1324,"caption":"Joven Esperanza e.V."},"image":{"@id":"https:\/\/joven-esperanza.de\/#\/schema\/logo\/image\/"},"sameAs":["https:\/\/www.facebook.com\/JovenEsperanza","https:\/\/www.instagram.com\/joven_esperanza_ev\/","https:\/\/www.linkedin.com\/company\/joven-esperanza-e.v.\/","https:\/\/www.youtube.com\/@joven.esperanza"]},{"@type":"Person","@id":"https:\/\/joven-esperanza.de\/#\/schema\/person\/05b4ae1a74d76612f45fe8c2fb62040e","name":"Joven Esperanza","image":{"@type":"ImageObject","inLanguage":"es-BO","@id":"https:\/\/joven-esperanza.de\/#\/schema\/person\/image\/","url":"https:\/\/secure.gravatar.com\/avatar\/e517935b4b2a02445a70c803291d229ef42b7962df094c3c9edf5b7aac19750c?s=96&d=mm&r=g","contentUrl":"https:\/\/secure.gravatar.com\/avatar\/e517935b4b2a02445a70c803291d229ef42b7962df094c3c9edf5b7aac19750c?s=96&d=mm&r=g","caption":"Joven Esperanza"},"sameAs":["https:\/\/dev.joven-esperanza.de"]}]}},"uagb_featured_image_src":{"full":["https:\/\/joven-esperanza.de\/wp-content\/uploads\/2022\/02\/cropped-Vereinslogo.jpg",1100,275,false],"thumbnail":["https:\/\/joven-esperanza.de\/wp-content\/uploads\/2022\/02\/cropped-Vereinslogo-150x150.jpg",150,150,true],"medium":["https:\/\/joven-esperanza.de\/wp-content\/uploads\/2022\/02\/cropped-Vereinslogo-300x75.jpg",300,75,true],"medium_large":["https:\/\/joven-esperanza.de\/wp-content\/uploads\/2022\/02\/cropped-Vereinslogo-768x192.jpg",768,192,true],"large":["https:\/\/joven-esperanza.de\/wp-content\/uploads\/2022\/02\/cropped-Vereinslogo-1024x256.jpg",1024,256,true],"1536x1536":["https:\/\/joven-esperanza.de\/wp-content\/uploads\/2022\/02\/cropped-Vereinslogo.jpg",1100,275,false],"2048x2048":["https:\/\/joven-esperanza.de\/wp-content\/uploads\/2022\/02\/cropped-Vereinslogo.jpg",1100,275,false],"trp-custom-language-flag":["https:\/\/joven-esperanza.de\/wp-content\/uploads\/2022\/02\/cropped-Vereinslogo.jpg",18,5,false]},"uagb_author_info":{"display_name":"Joven Esperanza","author_link":"https:\/\/joven-esperanza.de\/es\/blog\/author\/admin\/"},"uagb_comment_info":0,"uagb_excerpt":"Liebes Mitglied, 2020 war f\u00fcr uns alle ein besonderes Jahr &#8211; gepr\u00e4gt von der Covid-19 Pandemie. Auch in unserem bolivianischen Partnerprojekt PENADER war es ein Jahr voller Herausforderungen und der Suche nach kreativen L\u00f6sungen. Wir m\u00f6chten dir bei unserer diesj\u00e4hrigen Mitgliederversammlung davon erz\u00e4hlen, wie das PENADER unter diesen besonderen Umst\u00e4nden weitergearbeitet und neben den Kindern&hellip;","_links":{"self":[{"href":"https:\/\/joven-esperanza.de\/es\/wp-json\/wp\/v2\/posts\/772","targetHints":{"allow":["GET"]}}],"collection":[{"href":"https:\/\/joven-esperanza.de\/es\/wp-json\/wp\/v2\/posts"}],"about":[{"href":"https:\/\/joven-esperanza.de\/es\/wp-json\/wp\/v2\/types\/post"}],"author":[{"embeddable":true,"href":"https:\/\/joven-esperanza.de\/es\/wp-json\/wp\/v2\/users\/1"}],"replies":[{"embeddable":true,"href":"https:\/\/joven-esperanza.de\/es\/wp-json\/wp\/v2\/comments?post=772"}],"version-history":[{"count":2,"href":"https:\/\/joven-esperanza.de\/es\/wp-json\/wp\/v2\/posts\/772\/revisions"}],"predecessor-version":[{"id":3080,"href":"https:\/\/joven-esperanza.de\/es\/wp-json\/wp\/v2\/posts\/772\/revisions\/3080"}],"wp:featuredmedia":[{"embeddable":true,"href":"https:\/\/joven-esperanza.de\/es\/wp-json\/wp\/v2\/media\/911"}],"wp:attachment":[{"href":"https:\/\/joven-esperanza.de\/es\/wp-json\/wp\/v2\/media?parent=772"}],"wp:term":[{"taxonomy":"category","embeddable":true,"href":"https:\/\/joven-esperanza.de\/es\/wp-json\/wp\/v2\/categories?post=772"},{"taxonomy":"post_tag","embeddable":true,"href":"https:\/\/joven-esperanza.de\/es\/wp-json\/wp\/v2\/tags?post=772"}],"curies":[{"name":"wp","href":"https:\/\/api.w.org\/{rel}","templated":true}]}}