{"id":794,"date":"2021-03-13T21:35:57","date_gmt":"2021-03-13T21:35:57","guid":{"rendered":"https:\/\/dev.joven-esperanza.de\/alles-zur-mitgliederversammlung-2021\/"},"modified":"2023-12-10T11:29:11","modified_gmt":"2023-12-10T11:29:11","slug":"alles-zur-mitgliederversammlung-2021","status":"publish","type":"post","link":"https:\/\/joven-esperanza.de\/es\/blog\/alles-zur-mitgliederversammlung-2021\/","title":{"rendered":"Alles zur Mitgliederversammlung 2021"},"content":{"rendered":"<p>Nachdem wir unsere Mitgliederversammlung letztes Jahr aufgrund der ganz neuen Coronasituation recht spontan nur im ganz kleinen Kreis halten konnten, haben wir uns dieses Jahr wieder mit allen bei Zoom \u201egetroffen\u201c. Bei Fr\u00fchlingswetter kamen viele engagierte Mit-glieder zusammen! Eine Auswahl derjenigen, die sich auch gezeigt haben, seht ihr rechts.\u00a0<strong>Sch\u00f6n, dass ihr da wart!<\/strong>\u00a0Besonders gefreut hat uns, dass dieses Mal neben unseren treuen Hamburgern viele Mitglieder aus ganz Deutschland und sogar aus der Schweiz dabei sein konnten. Diese M\u00f6glichkeit, sich online dazuzuschalten, wollen wir auch in den kommenden Jahren geben \u2013 auch, wenn wir uns dann hoffentlich wieder richtig versammeln k\u00f6nnen. Auch einige Interessierte haben wieder teilgenommen (und teilweise schon parallel ihren Mitgliedsantrag ausgef\u00fcllt\u00a0J). Zuletzt konnten wir in online Gruppenr\u00e4umen sogar zu unterschiedlichen Themen richtig in den Austausch kommen und neue Ideen entwickeln.<\/p>\n\n\n\n<figure class=\"wp-block-image size-large is-style-rounded\"><img loading=\"lazy\" decoding=\"async\" width=\"444\" height=\"256\" src=\"https:\/\/joven-esperanza.de\/wp-content\/uploads\/2021\/03\/image.jpeg\" alt=\"\" class=\"wp-image-795\" srcset=\"https:\/\/joven-esperanza.de\/wp-content\/uploads\/2021\/03\/image.jpeg 444w, https:\/\/joven-esperanza.de\/wp-content\/uploads\/2021\/03\/image-300x173.jpeg 300w\" sizes=\"auto, (max-width: 444px) 100vw, 444px\" \/><\/figure>\n\n\n\n<p><strong>Die Pandemie hat 2020 auch Camiri schwer getroffen und so auch unsere Projektarbeit ma\u00dfgeblich gepr\u00e4gt&#8230;<\/strong>Nachdem das Coronavirus auch in Bolivien best\u00e4tigt wurde, durften die Menschen monatelang kaum ihr Grundst\u00fcck verlassen, unter 18- und \u00fcber 65-J\u00e4hrige sogar gar nicht. Dadurch konnten sie auch nicht mehr arbeiten, sodass viele Familien nichts mehr zu essen hatten. Wir sprangen bald mit Lebensmittel-lieferungen ein, was durch die Quarant\u00e4nebestimmungen allerdings auch nur begrenzt m\u00f6glich war. So warteten alle sehnlichst auf erste Lockerungen. Unsere Freunde vor Ort nutzen diese Zeit aber auch f\u00fcr die Planung und Vorbereitung einer Essensausgabe f\u00fcr die Kinder des Projekts und die ganze Nachbarschaft. Seit Juli wird t\u00e4glich f\u00fcr \u00fcber 200 Personen im PENADER gekocht und mittags stehen knapp 50 Familien vor dem PENADER Schlange, um sich und ihren Familien ein warmes Mittagessen und Brot f\u00fcr abends abzuholen. Unter strengen Hygieneauflagen wurden seitdem schon 28.031 Mittagessen an insgesamt 253 Menschen verteilt. In der Grafik links seht ihr in rot die Anzahl der versorgten Familien und in blau die Anzahl der verteilten Mittagessen. Neben der Versorgung all dieser Menschen war es auch f\u00fcr unsere zw\u00f6lf MitarbeiterInnen ein gro\u00dfes Gl\u00fcck, weiterhin Arbeit und ein zuverl\u00e4ssiges Gehalt\u00a0\u00a0zu haben. Momentan sind wir dabei, die Bildungsm\u00f6glichkeiten auszubauen. Fast ein Jahr lang herrschte Stillstand in den bolivianischen Schulen, doch nun beginnt langsam ein Fernunterricht.\u00a0<\/p>\n\n\n\n<figure class=\"wp-block-image size-large\"><img loading=\"lazy\" decoding=\"async\" width=\"440\" height=\"260\" src=\"https:\/\/joven-esperanza.de\/wp-content\/uploads\/2021\/03\/image-1.jpeg\" alt=\"\" class=\"wp-image-797\" srcset=\"https:\/\/joven-esperanza.de\/wp-content\/uploads\/2021\/03\/image-1.jpeg 440w, https:\/\/joven-esperanza.de\/wp-content\/uploads\/2021\/03\/image-1-300x177.jpeg 300w\" sizes=\"auto, (max-width: 440px) 100vw, 440px\" \/><\/figure>\n\n\n\n<p>Bei der\u00a0<strong>Wahl des Vorstandes<\/strong>\u00a0wurden erneut Julius Knierer zum Vorstandsvorsitzenden, Marisa Amaya Rudilla zur stellvertretenden Vorsitzenden und Johanna Gewand zur Schatzmeisterin gew\u00e4hlt. Ebenfalls wiedergew\u00e4hlt wurde unser erweiterter Vorstand, bestehend aus Alexander Maywurm, Marie Claes, Teresa K\u00fcckmann, Lutz Kirsten und Joshin Rose. Wir freuen uns au\u00dferdem, dass nun auch Natalie Sell, die sich ebenfalls seit vielen Jahren f\u00fcr Joven Esperanza einsetzt, in den erweiterten Vorstand gew\u00e4hlt wurde. Herzlichen Dank f\u00fcr euer Vertrauen!\u00a0\u00a0\u00a0\u00a0\u00a0\u00a0\u00a0\u00a0\u00a0\u00a0\u00a0\u00a0\u00a0\u00a0\u00a0\u00a0\u00a0\u00a0\u00a0\u00a0\u00a0\u00a0\u00a0\u00a0\u00a0\u00a0\u00a0\u00a0\u00a0\u00a0\u00a0\u00a0\u00a0\u00a0\u00a0\u00a0\u00a0\u00a0\u00a0\u00a0\u00a0\u00a0\u00a0\u00a0\u00a0\u00a0\u00a0\u00a0\u00a0\u00a0\u00a0\u00a0\u00a0\u00a0\u00a0\u00a0\u00a0\u00a0\u00a0\u00a0\u00a0\u00a0\u00a0\u00a0\u00a0\u00a0\u00a0\u00a0\u00a0\u00a0\u00a0\u00a0\u00a0\u00a0\u00a0\u00a0\u00a0Wir blicken \u2013 mit eurer Unterst\u00fctzung \u2013 zuversichtlich ins Jahr 2021 und hoffen sehr, euch bei der n\u00e4chsten Mitgliederversammlung wieder von Kinderlachen, gemeinsamem Lernen, Essen und Spielen im PENADER berichten zu k\u00f6nnen&#8230; Bis dahin halten wir euch nat\u00fcrlich auf dem Laufenden!<\/p>\n\n\n\n<figure class=\"wp-block-image size-large is-resized is-style-rounded\"><img loading=\"lazy\" decoding=\"async\" src=\"https:\/\/joven-esperanza.de\/wp-content\/uploads\/2021\/01\/IMG_9466-1-1024x1024.jpg\" alt=\"\" class=\"wp-image-739\" width=\"512\" height=\"512\"\/><\/figure>","protected":false},"excerpt":{"rendered":"<p>Nachdem wir unsere Mitgliederversammlung letztes Jahr aufgrund der ganz neuen Coronasituation recht spontan nur im ganz kleinen Kreis halten konnten, haben wir uns dieses Jahr wieder mit allen bei Zoom \u201egetroffen\u201c. Bei Fr\u00fchlingswetter kamen viele engagierte Mit-glieder zusammen! Eine Auswahl derjenigen, die sich auch gezeigt haben, seht ihr rechts.\u00a0Sch\u00f6n, dass ihr da wart!\u00a0Besonders gefreut hat [&hellip;]<\/p>","protected":false},"author":1,"featured_media":796,"comment_status":"closed","ping_status":"closed","sticky":false,"template":"","format":"standard","meta":{"_uag_custom_page_level_css":"","site-sidebar-layout":"default","site-content-layout":"","ast-site-content-layout":"default","site-content-style":"default","site-sidebar-style":"default","ast-global-header-display":"","ast-banner-title-visibility":"","ast-main-header-display":"","ast-hfb-above-header-display":"","ast-hfb-below-header-display":"","ast-hfb-mobile-header-display":"","site-post-title":"","ast-breadcrumbs-content":"","ast-featured-img":"","footer-sml-layout":"","theme-transparent-header-meta":"","adv-header-id-meta":"","stick-header-meta":"","header-above-stick-meta":"","header-main-stick-meta":"","header-below-stick-meta":"","astra-migrate-meta-layouts":"set","ast-page-background-enabled":"default","ast-page-background-meta":{"desktop":{"background-color":"var(--ast-global-color-4)","background-image":"","background-repeat":"repeat","background-position":"center center","background-size":"auto","background-attachment":"scroll","background-type":"","background-media":"","overlay-type":"","overlay-color":"","overlay-gradient":""},"tablet":{"background-color":"","background-image":"","background-repeat":"repeat","background-position":"center center","background-size":"auto","background-attachment":"scroll","background-type":"","background-media":"","overlay-type":"","overlay-color":"","overlay-gradient":""},"mobile":{"background-color":"","background-image":"","background-repeat":"repeat","background-position":"center center","background-size":"auto","background-attachment":"scroll","background-type":"","background-media":"","overlay-type":"","overlay-color":"","overlay-gradient":""}},"ast-content-background-meta":{"desktop":{"background-color":"var(--ast-global-color-5)","background-image":"","background-repeat":"repeat","background-position":"center center","background-size":"auto","background-attachment":"scroll","background-type":"","background-media":"","overlay-type":"","overlay-color":"","overlay-gradient":""},"tablet":{"background-color":"var(--ast-global-color-5)","background-image":"","background-repeat":"repeat","background-position":"center center","background-size":"auto","background-attachment":"scroll","background-type":"","background-media":"","overlay-type":"","overlay-color":"","overlay-gradient":""},"mobile":{"background-color":"var(--ast-global-color-5)","background-image":"","background-repeat":"repeat","background-position":"center center","background-size":"auto","background-attachment":"scroll","background-type":"","background-media":"","overlay-type":"","overlay-color":"","overlay-gradient":""}},"footnotes":""},"categories":[11,15,12],"tags":[],"class_list":["post-794","post","type-post","status-publish","format-standard","has-post-thumbnail","hentry","category-penader","category-mitgliederversammlung","category-news"],"yoast_head":"<!-- This site is optimized with the Yoast SEO plugin v25.0 - https:\/\/yoast.com\/wordpress\/plugins\/seo\/ -->\n<title>Alles zur Mitgliederversammlung 2021 - Joven Esperanza e.V.<\/title>\n<meta name=\"robots\" content=\"index, follow, max-snippet:-1, max-image-preview:large, max-video-preview:-1\" \/>\n<link rel=\"canonical\" href=\"https:\/\/joven-esperanza.de\/es\/blog\/alles-zur-mitgliederversammlung-2021\/\" \/>\n<meta property=\"og:locale\" content=\"es_ES\" \/>\n<meta property=\"og:type\" content=\"article\" \/>\n<meta property=\"og:title\" content=\"Alles zur Mitgliederversammlung 2021 - Joven Esperanza e.V.\" \/>\n<meta property=\"og:description\" content=\"Nachdem wir unsere Mitgliederversammlung letztes Jahr aufgrund der ganz neuen Coronasituation recht spontan nur im ganz kleinen Kreis halten konnten, haben wir uns dieses Jahr wieder mit allen bei Zoom \u201egetroffen\u201c. Bei Fr\u00fchlingswetter kamen viele engagierte Mit-glieder zusammen! Eine Auswahl derjenigen, die sich auch gezeigt haben, seht ihr rechts.\u00a0Sch\u00f6n, dass ihr da wart!\u00a0Besonders gefreut hat [&hellip;]\" \/>\n<meta property=\"og:url\" content=\"https:\/\/joven-esperanza.de\/es\/blog\/alles-zur-mitgliederversammlung-2021\/\" \/>\n<meta property=\"og:site_name\" content=\"Joven Esperanza e.V.\" \/>\n<meta property=\"article:publisher\" content=\"https:\/\/www.facebook.com\/JovenEsperanza\" \/>\n<meta property=\"article:published_time\" content=\"2021-03-13T21:35:57+00:00\" \/>\n<meta property=\"article:modified_time\" content=\"2023-12-10T11:29:11+00:00\" \/>\n<meta property=\"og:image\" content=\"https:\/\/joven-esperanza.de\/wp-content\/uploads\/2021\/03\/image.png\" \/>\n\t<meta property=\"og:image:width\" content=\"444\" \/>\n\t<meta property=\"og:image:height\" content=\"256\" \/>\n\t<meta property=\"og:image:type\" content=\"image\/png\" \/>\n<meta name=\"author\" content=\"Joven Esperanza\" \/>\n<meta name=\"twitter:card\" content=\"summary_large_image\" \/>\n<meta name=\"twitter:label1\" content=\"Written by\" \/>\n\t<meta name=\"twitter:data1\" content=\"Joven Esperanza\" \/>\n\t<meta name=\"twitter:label2\" content=\"Est. reading time\" \/>\n\t<meta name=\"twitter:data2\" content=\"2 minutes\" \/>\n<script type=\"application\/ld+json\" class=\"yoast-schema-graph\">{\"@context\":\"https:\/\/schema.org\",\"@graph\":[{\"@type\":\"Article\",\"@id\":\"https:\/\/joven-esperanza.de\/es\/blog\/alles-zur-mitgliederversammlung-2021\/#article\",\"isPartOf\":{\"@id\":\"https:\/\/joven-esperanza.de\/es\/blog\/alles-zur-mitgliederversammlung-2021\/\"},\"author\":{\"name\":\"Joven Esperanza\",\"@id\":\"https:\/\/joven-esperanza.de\/#\/schema\/person\/05b4ae1a74d76612f45fe8c2fb62040e\"},\"headline\":\"Alles zur Mitgliederversammlung 2021\",\"datePublished\":\"2021-03-13T21:35:57+00:00\",\"dateModified\":\"2023-12-10T11:29:11+00:00\",\"mainEntityOfPage\":{\"@id\":\"https:\/\/joven-esperanza.de\/es\/blog\/alles-zur-mitgliederversammlung-2021\/\"},\"wordCount\":494,\"publisher\":{\"@id\":\"https:\/\/joven-esperanza.de\/#organization\"},\"image\":{\"@id\":\"https:\/\/joven-esperanza.de\/es\/blog\/alles-zur-mitgliederversammlung-2021\/#primaryimage\"},\"thumbnailUrl\":\"https:\/\/joven-esperanza.de\/wp-content\/uploads\/2021\/03\/image.png\",\"articleSection\":[\"Infos vom PENADER\",\"Mitgliederversammlung\",\"News\"],\"inLanguage\":\"es-BO\"},{\"@type\":\"WebPage\",\"@id\":\"https:\/\/joven-esperanza.de\/es\/blog\/alles-zur-mitgliederversammlung-2021\/\",\"url\":\"https:\/\/joven-esperanza.de\/es\/blog\/alles-zur-mitgliederversammlung-2021\/\",\"name\":\"Alles zur Mitgliederversammlung 2021 - Joven Esperanza e.V.\",\"isPartOf\":{\"@id\":\"https:\/\/joven-esperanza.de\/#website\"},\"primaryImageOfPage\":{\"@id\":\"https:\/\/joven-esperanza.de\/es\/blog\/alles-zur-mitgliederversammlung-2021\/#primaryimage\"},\"image\":{\"@id\":\"https:\/\/joven-esperanza.de\/es\/blog\/alles-zur-mitgliederversammlung-2021\/#primaryimage\"},\"thumbnailUrl\":\"https:\/\/joven-esperanza.de\/wp-content\/uploads\/2021\/03\/image.png\",\"datePublished\":\"2021-03-13T21:35:57+00:00\",\"dateModified\":\"2023-12-10T11:29:11+00:00\",\"breadcrumb\":{\"@id\":\"https:\/\/joven-esperanza.de\/es\/blog\/alles-zur-mitgliederversammlung-2021\/#breadcrumb\"},\"inLanguage\":\"es-BO\",\"potentialAction\":[{\"@type\":\"ReadAction\",\"target\":[\"https:\/\/joven-esperanza.de\/es\/blog\/alles-zur-mitgliederversammlung-2021\/\"]}]},{\"@type\":\"ImageObject\",\"inLanguage\":\"es-BO\",\"@id\":\"https:\/\/joven-esperanza.de\/es\/blog\/alles-zur-mitgliederversammlung-2021\/#primaryimage\",\"url\":\"https:\/\/joven-esperanza.de\/wp-content\/uploads\/2021\/03\/image.png\",\"contentUrl\":\"https:\/\/joven-esperanza.de\/wp-content\/uploads\/2021\/03\/image.png\",\"width\":444,\"height\":256},{\"@type\":\"BreadcrumbList\",\"@id\":\"https:\/\/joven-esperanza.de\/es\/blog\/alles-zur-mitgliederversammlung-2021\/#breadcrumb\",\"itemListElement\":[{\"@type\":\"ListItem\",\"position\":1,\"name\":\"Startseite\",\"item\":\"https:\/\/joven-esperanza.de\/\"},{\"@type\":\"ListItem\",\"position\":2,\"name\":\"Alles zur Mitgliederversammlung 2021\"}]},{\"@type\":\"WebSite\",\"@id\":\"https:\/\/joven-esperanza.de\/#website\",\"url\":\"https:\/\/joven-esperanza.de\/\",\"name\":\"Joven Esperanza e.V.\",\"description\":\"Kindern in Camiri eine Zukunft bieten\",\"publisher\":{\"@id\":\"https:\/\/joven-esperanza.de\/#organization\"},\"potentialAction\":[{\"@type\":\"SearchAction\",\"target\":{\"@type\":\"EntryPoint\",\"urlTemplate\":\"https:\/\/joven-esperanza.de\/?s={search_term_string}\"},\"query-input\":{\"@type\":\"PropertyValueSpecification\",\"valueRequired\":true,\"valueName\":\"search_term_string\"}}],\"inLanguage\":\"es-BO\"},{\"@type\":\"Organization\",\"@id\":\"https:\/\/joven-esperanza.de\/#organization\",\"name\":\"Joven Esperanza e.V.\",\"url\":\"https:\/\/joven-esperanza.de\/\",\"logo\":{\"@type\":\"ImageObject\",\"inLanguage\":\"es-BO\",\"@id\":\"https:\/\/joven-esperanza.de\/#\/schema\/logo\/image\/\",\"url\":\"https:\/\/joven-esperanza.de\/wp-content\/uploads\/2024\/02\/joven-esperanza.png\",\"contentUrl\":\"https:\/\/joven-esperanza.de\/wp-content\/uploads\/2024\/02\/joven-esperanza.png\",\"width\":4738,\"height\":1324,\"caption\":\"Joven Esperanza e.V.\"},\"image\":{\"@id\":\"https:\/\/joven-esperanza.de\/#\/schema\/logo\/image\/\"},\"sameAs\":[\"https:\/\/www.facebook.com\/JovenEsperanza\",\"https:\/\/www.instagram.com\/joven_esperanza_ev\/\",\"https:\/\/www.linkedin.com\/company\/joven-esperanza-e.v.\/\",\"https:\/\/www.youtube.com\/@joven.esperanza\"]},{\"@type\":\"Person\",\"@id\":\"https:\/\/joven-esperanza.de\/#\/schema\/person\/05b4ae1a74d76612f45fe8c2fb62040e\",\"name\":\"Joven Esperanza\",\"image\":{\"@type\":\"ImageObject\",\"inLanguage\":\"es-BO\",\"@id\":\"https:\/\/joven-esperanza.de\/#\/schema\/person\/image\/\",\"url\":\"https:\/\/secure.gravatar.com\/avatar\/e517935b4b2a02445a70c803291d229ef42b7962df094c3c9edf5b7aac19750c?s=96&d=mm&r=g\",\"contentUrl\":\"https:\/\/secure.gravatar.com\/avatar\/e517935b4b2a02445a70c803291d229ef42b7962df094c3c9edf5b7aac19750c?s=96&d=mm&r=g\",\"caption\":\"Joven Esperanza\"},\"sameAs\":[\"https:\/\/dev.joven-esperanza.de\"]}]}<\/script>\n<!-- \/ Yoast SEO plugin. -->","yoast_head_json":{"title":"Alles zur Mitgliederversammlung 2021 - Joven Esperanza e.V.","robots":{"index":"index","follow":"follow","max-snippet":"max-snippet:-1","max-image-preview":"max-image-preview:large","max-video-preview":"max-video-preview:-1"},"canonical":"https:\/\/joven-esperanza.de\/es\/blog\/alles-zur-mitgliederversammlung-2021\/","og_locale":"es_ES","og_type":"article","og_title":"Alles zur Mitgliederversammlung 2021 - Joven Esperanza e.V.","og_description":"Nachdem wir unsere Mitgliederversammlung letztes Jahr aufgrund der ganz neuen Coronasituation recht spontan nur im ganz kleinen Kreis halten konnten, haben wir uns dieses Jahr wieder mit allen bei Zoom \u201egetroffen\u201c. Bei Fr\u00fchlingswetter kamen viele engagierte Mit-glieder zusammen! Eine Auswahl derjenigen, die sich auch gezeigt haben, seht ihr rechts.\u00a0Sch\u00f6n, dass ihr da wart!\u00a0Besonders gefreut hat [&hellip;]","og_url":"https:\/\/joven-esperanza.de\/es\/blog\/alles-zur-mitgliederversammlung-2021\/","og_site_name":"Joven Esperanza e.V.","article_publisher":"https:\/\/www.facebook.com\/JovenEsperanza","article_published_time":"2021-03-13T21:35:57+00:00","article_modified_time":"2023-12-10T11:29:11+00:00","og_image":[{"width":444,"height":256,"url":"https:\/\/joven-esperanza.de\/wp-content\/uploads\/2021\/03\/image.png","type":"image\/png"}],"author":"Joven Esperanza","twitter_card":"summary_large_image","twitter_misc":{"Written by":"Joven Esperanza","Est. reading time":"2 minutes"},"schema":{"@context":"https:\/\/schema.org","@graph":[{"@type":"Article","@id":"https:\/\/joven-esperanza.de\/es\/blog\/alles-zur-mitgliederversammlung-2021\/#article","isPartOf":{"@id":"https:\/\/joven-esperanza.de\/es\/blog\/alles-zur-mitgliederversammlung-2021\/"},"author":{"name":"Joven Esperanza","@id":"https:\/\/joven-esperanza.de\/#\/schema\/person\/05b4ae1a74d76612f45fe8c2fb62040e"},"headline":"Alles zur Mitgliederversammlung 2021","datePublished":"2021-03-13T21:35:57+00:00","dateModified":"2023-12-10T11:29:11+00:00","mainEntityOfPage":{"@id":"https:\/\/joven-esperanza.de\/es\/blog\/alles-zur-mitgliederversammlung-2021\/"},"wordCount":494,"publisher":{"@id":"https:\/\/joven-esperanza.de\/#organization"},"image":{"@id":"https:\/\/joven-esperanza.de\/es\/blog\/alles-zur-mitgliederversammlung-2021\/#primaryimage"},"thumbnailUrl":"https:\/\/joven-esperanza.de\/wp-content\/uploads\/2021\/03\/image.png","articleSection":["Infos vom PENADER","Mitgliederversammlung","News"],"inLanguage":"es-BO"},{"@type":"WebPage","@id":"https:\/\/joven-esperanza.de\/es\/blog\/alles-zur-mitgliederversammlung-2021\/","url":"https:\/\/joven-esperanza.de\/es\/blog\/alles-zur-mitgliederversammlung-2021\/","name":"Alles zur Mitgliederversammlung 2021 - Joven Esperanza e.V.","isPartOf":{"@id":"https:\/\/joven-esperanza.de\/#website"},"primaryImageOfPage":{"@id":"https:\/\/joven-esperanza.de\/es\/blog\/alles-zur-mitgliederversammlung-2021\/#primaryimage"},"image":{"@id":"https:\/\/joven-esperanza.de\/es\/blog\/alles-zur-mitgliederversammlung-2021\/#primaryimage"},"thumbnailUrl":"https:\/\/joven-esperanza.de\/wp-content\/uploads\/2021\/03\/image.png","datePublished":"2021-03-13T21:35:57+00:00","dateModified":"2023-12-10T11:29:11+00:00","breadcrumb":{"@id":"https:\/\/joven-esperanza.de\/es\/blog\/alles-zur-mitgliederversammlung-2021\/#breadcrumb"},"inLanguage":"es-BO","potentialAction":[{"@type":"ReadAction","target":["https:\/\/joven-esperanza.de\/es\/blog\/alles-zur-mitgliederversammlung-2021\/"]}]},{"@type":"ImageObject","inLanguage":"es-BO","@id":"https:\/\/joven-esperanza.de\/es\/blog\/alles-zur-mitgliederversammlung-2021\/#primaryimage","url":"https:\/\/joven-esperanza.de\/wp-content\/uploads\/2021\/03\/image.png","contentUrl":"https:\/\/joven-esperanza.de\/wp-content\/uploads\/2021\/03\/image.png","width":444,"height":256},{"@type":"BreadcrumbList","@id":"https:\/\/joven-esperanza.de\/es\/blog\/alles-zur-mitgliederversammlung-2021\/#breadcrumb","itemListElement":[{"@type":"ListItem","position":1,"name":"Startseite","item":"https:\/\/joven-esperanza.de\/"},{"@type":"ListItem","position":2,"name":"Alles zur Mitgliederversammlung 2021"}]},{"@type":"WebSite","@id":"https:\/\/joven-esperanza.de\/#website","url":"https:\/\/joven-esperanza.de\/","name":"Joven Esperanza e.V.","description":"Kindern in Camiri eine Zukunft bieten","publisher":{"@id":"https:\/\/joven-esperanza.de\/#organization"},"potentialAction":[{"@type":"SearchAction","target":{"@type":"EntryPoint","urlTemplate":"https:\/\/joven-esperanza.de\/?s={search_term_string}"},"query-input":{"@type":"PropertyValueSpecification","valueRequired":true,"valueName":"search_term_string"}}],"inLanguage":"es-BO"},{"@type":"Organization","@id":"https:\/\/joven-esperanza.de\/#organization","name":"Joven Esperanza e.V.","url":"https:\/\/joven-esperanza.de\/","logo":{"@type":"ImageObject","inLanguage":"es-BO","@id":"https:\/\/joven-esperanza.de\/#\/schema\/logo\/image\/","url":"https:\/\/joven-esperanza.de\/wp-content\/uploads\/2024\/02\/joven-esperanza.png","contentUrl":"https:\/\/joven-esperanza.de\/wp-content\/uploads\/2024\/02\/joven-esperanza.png","width":4738,"height":1324,"caption":"Joven Esperanza e.V."},"image":{"@id":"https:\/\/joven-esperanza.de\/#\/schema\/logo\/image\/"},"sameAs":["https:\/\/www.facebook.com\/JovenEsperanza","https:\/\/www.instagram.com\/joven_esperanza_ev\/","https:\/\/www.linkedin.com\/company\/joven-esperanza-e.v.\/","https:\/\/www.youtube.com\/@joven.esperanza"]},{"@type":"Person","@id":"https:\/\/joven-esperanza.de\/#\/schema\/person\/05b4ae1a74d76612f45fe8c2fb62040e","name":"Joven Esperanza","image":{"@type":"ImageObject","inLanguage":"es-BO","@id":"https:\/\/joven-esperanza.de\/#\/schema\/person\/image\/","url":"https:\/\/secure.gravatar.com\/avatar\/e517935b4b2a02445a70c803291d229ef42b7962df094c3c9edf5b7aac19750c?s=96&d=mm&r=g","contentUrl":"https:\/\/secure.gravatar.com\/avatar\/e517935b4b2a02445a70c803291d229ef42b7962df094c3c9edf5b7aac19750c?s=96&d=mm&r=g","caption":"Joven Esperanza"},"sameAs":["https:\/\/dev.joven-esperanza.de"]}]}},"uagb_featured_image_src":{"full":["https:\/\/joven-esperanza.de\/wp-content\/uploads\/2021\/03\/image.png",444,256,false],"thumbnail":["https:\/\/joven-esperanza.de\/wp-content\/uploads\/2021\/03\/image-150x150.png",150,150,true],"medium":["https:\/\/joven-esperanza.de\/wp-content\/uploads\/2021\/03\/image-300x173.png",300,173,true],"medium_large":["https:\/\/joven-esperanza.de\/wp-content\/uploads\/2021\/03\/image.png",444,256,false],"large":["https:\/\/joven-esperanza.de\/wp-content\/uploads\/2021\/03\/image.png",444,256,false],"1536x1536":["https:\/\/joven-esperanza.de\/wp-content\/uploads\/2021\/03\/image.png",444,256,false],"2048x2048":["https:\/\/joven-esperanza.de\/wp-content\/uploads\/2021\/03\/image.png",444,256,false],"trp-custom-language-flag":["https:\/\/joven-esperanza.de\/wp-content\/uploads\/2021\/03\/image.png",18,10,false]},"uagb_author_info":{"display_name":"Joven Esperanza","author_link":"https:\/\/joven-esperanza.de\/es\/blog\/author\/admin\/"},"uagb_comment_info":0,"uagb_excerpt":"Nachdem wir unsere Mitgliederversammlung letztes Jahr aufgrund der ganz neuen Coronasituation recht spontan nur im ganz kleinen Kreis halten konnten, haben wir uns dieses Jahr wieder mit allen bei Zoom \u201egetroffen\u201c. Bei Fr\u00fchlingswetter kamen viele engagierte Mit-glieder zusammen! Eine Auswahl derjenigen, die sich auch gezeigt haben, seht ihr rechts.\u00a0Sch\u00f6n, dass ihr da wart!\u00a0Besonders gefreut hat&hellip;","_links":{"self":[{"href":"https:\/\/joven-esperanza.de\/es\/wp-json\/wp\/v2\/posts\/794","targetHints":{"allow":["GET"]}}],"collection":[{"href":"https:\/\/joven-esperanza.de\/es\/wp-json\/wp\/v2\/posts"}],"about":[{"href":"https:\/\/joven-esperanza.de\/es\/wp-json\/wp\/v2\/types\/post"}],"author":[{"embeddable":true,"href":"https:\/\/joven-esperanza.de\/es\/wp-json\/wp\/v2\/users\/1"}],"replies":[{"embeddable":true,"href":"https:\/\/joven-esperanza.de\/es\/wp-json\/wp\/v2\/comments?post=794"}],"version-history":[{"count":2,"href":"https:\/\/joven-esperanza.de\/es\/wp-json\/wp\/v2\/posts\/794\/revisions"}],"predecessor-version":[{"id":3077,"href":"https:\/\/joven-esperanza.de\/es\/wp-json\/wp\/v2\/posts\/794\/revisions\/3077"}],"wp:featuredmedia":[{"embeddable":true,"href":"https:\/\/joven-esperanza.de\/es\/wp-json\/wp\/v2\/media\/796"}],"wp:attachment":[{"href":"https:\/\/joven-esperanza.de\/es\/wp-json\/wp\/v2\/media?parent=794"}],"wp:term":[{"taxonomy":"category","embeddable":true,"href":"https:\/\/joven-esperanza.de\/es\/wp-json\/wp\/v2\/categories?post=794"},{"taxonomy":"post_tag","embeddable":true,"href":"https:\/\/joven-esperanza.de\/es\/wp-json\/wp\/v2\/tags?post=794"}],"curies":[{"name":"wp","href":"https:\/\/api.w.org\/{rel}","templated":true}]}}