{"id":801,"date":"2021-04-25T18:37:45","date_gmt":"2021-04-25T18:37:45","guid":{"rendered":"https:\/\/dev.joven-esperanza.de\/endlich-wieder-lernen-im-penader\/"},"modified":"2023-12-10T11:28:25","modified_gmt":"2023-12-10T11:28:25","slug":"endlich-wieder-lernen-im-penader","status":"publish","type":"post","link":"https:\/\/joven-esperanza.de\/es\/blog\/endlich-wieder-lernen-im-penader\/","title":{"rendered":"Endlich wieder Lernen im PENADER"},"content":{"rendered":"<p>Fast ein Jahr fand coronabedingt kein Unterricht f\u00fcr die Kinder in Camiri statt. Da die Kinder ihr eigenes Grundst\u00fcck \u00fcber Monate gar nicht verlassen durften und die Schulen geschlossen hatten, war kein Pr\u00e4senzunterricht m\u00f6glich, und auch ein Fernunterricht mit Arbeitsauftr\u00e4gen etc. kam lange nicht zustande. Die Menschen hatten schlicht und ergreifend auch gr\u00f6\u00dfere Sorgen&#8230;<\/p>\n\n\n\n<p>Nachdem die Grundversorgung der Familien \u00fcber unsere Essensausgabe gew\u00e4hrleistet war, entwickelte das PENADER gemeinsam mit uns Ideen, wie wir es den Kindern erm\u00f6glichen k\u00f6nnen, zu lernen. Neben dem Bildungsaspekt, der f\u00fcr uns als Bildungsprojekt nat\u00fcrlich eine ganz zentrale Rolle spielt, hielten wir es auch f\u00fcr besonders wichtig, den Kindern eine sinnvolle Besch\u00e4ftigung zu geben. So entwickelten unsere P\u00e4dagogen vor Ort erst Arbeitszettel, dann ganze Arbeitshefte mit diversen Aufgaben, die mehrere F\u00e4cher abdeckten und gaben diese mit dem Mittagessen an die Familien aus. Sobald es m\u00f6glich war, besuchten sie auch einige Kinder an deren \u201eHaust\u00fcren\u201c. Dabei wurde allerdings schnell klar, dass viele die Hefte nicht einmal anger\u00fchrt hatten \u2013 es fehlte an Motivation und Unterst\u00fctzung der Erwachsenen! \u00dcber die Monate im Lockdown hatten die Kinder sehr viel verlernt, die j\u00fcngeren Sch\u00fcler konnten teilweise nicht einmal mehr ihren Namen schreiben&#8230;\u00a0<\/p>\n\n\n\n<figure class=\"wp-block-image size-large is-resized is-style-rounded\"><img loading=\"lazy\" decoding=\"async\" src=\"https:\/\/joven-esperanza.de\/wp-content\/uploads\/2021\/04\/C6638651-8F5D-4398-9EB1-52E4B94FF7DC.jpeg\" alt=\"\" class=\"wp-image-802\" width=\"512\" height=\"288\" srcset=\"https:\/\/joven-esperanza.de\/wp-content\/uploads\/2021\/04\/C6638651-8F5D-4398-9EB1-52E4B94FF7DC.jpeg 1024w, https:\/\/joven-esperanza.de\/wp-content\/uploads\/2021\/04\/C6638651-8F5D-4398-9EB1-52E4B94FF7DC-300x169.jpeg 300w, https:\/\/joven-esperanza.de\/wp-content\/uploads\/2021\/04\/C6638651-8F5D-4398-9EB1-52E4B94FF7DC-768x432.jpeg 768w\" sizes=\"auto, (max-width: 512px) 100vw, 512px\" \/><\/figure>\n\n\n\n<p>Nach den \u201eSommerferien\u201c begann im Februar das neue Schuljahr und nun boten auch die Schulen Fernunterricht mit online Arbeitsauftr\u00e4gen und Videokonferenzen an. Dies bedeutete f\u00fcr unsere Kinder allerdings keinen Unterschied, denn nur 2% der Familien des PENADERs verf\u00fcgen \u00fcber die notwendigen technischen Ger\u00e4te, WLAN hat niemand. Gleichzeitig stand fest, dass die Kinder aus armen Familien hier komplett abgeh\u00e4ngt werden und nicht wenige die Schule damit endg\u00fcltig abbrechen w\u00fcrden, wenn ihnen keine M\u00f6glichkeit, am Onlineunterricht teilzunehmen, sowie die dringend notwendige Unterst\u00fctzung gegeben wird.&nbsp;<\/p>\n\n\n\n<figure class=\"wp-block-image size-large is-resized is-style-rounded\"><img loading=\"lazy\" decoding=\"async\" src=\"https:\/\/joven-esperanza.de\/wp-content\/uploads\/2021\/04\/3DF6027F-F165-4278-8494-BD1811D487C3.jpeg\" alt=\"\" class=\"wp-image-804\" width=\"768\" height=\"346\" srcset=\"https:\/\/joven-esperanza.de\/wp-content\/uploads\/2021\/04\/3DF6027F-F165-4278-8494-BD1811D487C3.jpeg 1024w, https:\/\/joven-esperanza.de\/wp-content\/uploads\/2021\/04\/3DF6027F-F165-4278-8494-BD1811D487C3-300x135.jpeg 300w, https:\/\/joven-esperanza.de\/wp-content\/uploads\/2021\/04\/3DF6027F-F165-4278-8494-BD1811D487C3-768x346.jpeg 768w\" sizes=\"auto, (max-width: 768px) 100vw, 768px\" \/><\/figure>\n\n\n\n<p>Insbesondere aufgrund des letzten Punktes entschieden wir uns f\u00fcr eine Option im PENADER selbst: wir verlagerten die Computer des Projekts nach drau\u00dfen, lie\u00dfen Kabinen aus Plexiglas anfertigen und besorgten zus\u00e4tzlich Headphones und Kameras. So konnten \u2013 unter den Hygienebestimmungen \u2013 zehn online Arbeitspl\u00e4tze bereitgestellt werden. Hier arbeiten nun seit einigen Wochen jeden Vormittag und Nachmittag Kinder des Projekts und k\u00f6nnen so am Fernunterricht teilnehmen! W\u00e4hrenddessen die Jugendlichen inzwischen recht wenig Unterst\u00fctzung von unseren P\u00e4dagogen ben\u00f6tigen und sich schnell an die \u201eneue Schule\u201c gew\u00f6hnt haben, ist die individuelle Betreuung der J\u00fcngeren umso wichtiger: an unseren gro\u00dfen Tischen arbeiten die Kleinen nun gemeinsam mit den P\u00e4dagogen \u2013 selbstverst\u00e4ndlich auch im Freien und durch eine Plexiglasscheibe getrennt \u2013 an den Schulaufgaben und \u00fcben St\u00fcck f\u00fcr St\u00fcck wieder das, was sie vielleicht schon einmal konnten.<\/p>\n\n\n\n<p>Inzwischen kommen ca. 30 Kinder wieder t\u00e4glich ins PENADER. Hier haben sie nun die gleichen M\u00f6glichkeiten wie andere Kinder ihrer Schulen: sie lernen und sie bekommen die n\u00f6tige Unterst\u00fctzung und Aufmerksamkeit \u2013 und sogar wieder ein St\u00fcck Normalit\u00e4t und Gemeinschaft&#8230;\u00a0<\/p>\n\n\n\n<figure class=\"wp-block-image size-large is-resized is-style-rounded\"><img loading=\"lazy\" decoding=\"async\" src=\"https:\/\/joven-esperanza.de\/wp-content\/uploads\/2021\/04\/BC993443-8FF3-4805-85C6-A5BEA2F58F2F-461x1024.jpeg\" alt=\"\" class=\"wp-image-805\" width=\"231\" height=\"512\" srcset=\"https:\/\/joven-esperanza.de\/wp-content\/uploads\/2021\/04\/BC993443-8FF3-4805-85C6-A5BEA2F58F2F-461x1024.jpeg 461w, https:\/\/joven-esperanza.de\/wp-content\/uploads\/2021\/04\/BC993443-8FF3-4805-85C6-A5BEA2F58F2F-135x300.jpeg 135w, https:\/\/joven-esperanza.de\/wp-content\/uploads\/2021\/04\/BC993443-8FF3-4805-85C6-A5BEA2F58F2F-691x1536.jpeg 691w, https:\/\/joven-esperanza.de\/wp-content\/uploads\/2021\/04\/BC993443-8FF3-4805-85C6-A5BEA2F58F2F.jpeg 720w\" sizes=\"auto, (max-width: 231px) 100vw, 231px\" \/><\/figure>\n\n\n\n<p><\/p>","protected":false},"excerpt":{"rendered":"<p>Fast ein Jahr fand coronabedingt kein Unterricht f\u00fcr die Kinder in Camiri statt. Da die Kinder ihr eigenes Grundst\u00fcck \u00fcber Monate gar nicht verlassen durften und die Schulen geschlossen hatten, war kein Pr\u00e4senzunterricht m\u00f6glich, und auch ein Fernunterricht mit Arbeitsauftr\u00e4gen etc. kam lange nicht zustande. Die Menschen hatten schlicht und ergreifend auch gr\u00f6\u00dfere Sorgen&#8230; Nachdem [&hellip;]<\/p>","protected":false},"author":1,"featured_media":802,"comment_status":"closed","ping_status":"closed","sticky":false,"template":"","format":"standard","meta":{"_uag_custom_page_level_css":"","site-sidebar-layout":"default","site-content-layout":"","ast-site-content-layout":"default","site-content-style":"default","site-sidebar-style":"default","ast-global-header-display":"","ast-banner-title-visibility":"","ast-main-header-display":"","ast-hfb-above-header-display":"","ast-hfb-below-header-display":"","ast-hfb-mobile-header-display":"","site-post-title":"","ast-breadcrumbs-content":"","ast-featured-img":"","footer-sml-layout":"","theme-transparent-header-meta":"","adv-header-id-meta":"","stick-header-meta":"","header-above-stick-meta":"","header-main-stick-meta":"","header-below-stick-meta":"","astra-migrate-meta-layouts":"set","ast-page-background-enabled":"default","ast-page-background-meta":{"desktop":{"background-color":"var(--ast-global-color-4)","background-image":"","background-repeat":"repeat","background-position":"center center","background-size":"auto","background-attachment":"scroll","background-type":"","background-media":"","overlay-type":"","overlay-color":"","overlay-gradient":""},"tablet":{"background-color":"","background-image":"","background-repeat":"repeat","background-position":"center center","background-size":"auto","background-attachment":"scroll","background-type":"","background-media":"","overlay-type":"","overlay-color":"","overlay-gradient":""},"mobile":{"background-color":"","background-image":"","background-repeat":"repeat","background-position":"center center","background-size":"auto","background-attachment":"scroll","background-type":"","background-media":"","overlay-type":"","overlay-color":"","overlay-gradient":""}},"ast-content-background-meta":{"desktop":{"background-color":"var(--ast-global-color-5)","background-image":"","background-repeat":"repeat","background-position":"center center","background-size":"auto","background-attachment":"scroll","background-type":"","background-media":"","overlay-type":"","overlay-color":"","overlay-gradient":""},"tablet":{"background-color":"var(--ast-global-color-5)","background-image":"","background-repeat":"repeat","background-position":"center center","background-size":"auto","background-attachment":"scroll","background-type":"","background-media":"","overlay-type":"","overlay-color":"","overlay-gradient":""},"mobile":{"background-color":"var(--ast-global-color-5)","background-image":"","background-repeat":"repeat","background-position":"center center","background-size":"auto","background-attachment":"scroll","background-type":"","background-media":"","overlay-type":"","overlay-color":"","overlay-gradient":""}},"footnotes":""},"categories":[11,12],"tags":[],"class_list":["post-801","post","type-post","status-publish","format-standard","has-post-thumbnail","hentry","category-penader","category-news"],"yoast_head":"<!-- This site is optimized with the Yoast SEO plugin v25.0 - https:\/\/yoast.com\/wordpress\/plugins\/seo\/ -->\n<title>Endlich wieder Lernen im PENADER - Joven Esperanza e.V.<\/title>\n<meta name=\"robots\" content=\"index, follow, max-snippet:-1, max-image-preview:large, max-video-preview:-1\" \/>\n<link rel=\"canonical\" href=\"https:\/\/joven-esperanza.de\/es\/blog\/endlich-wieder-lernen-im-penader\/\" \/>\n<meta property=\"og:locale\" content=\"es_ES\" \/>\n<meta property=\"og:type\" content=\"article\" \/>\n<meta property=\"og:title\" content=\"Endlich wieder Lernen im PENADER - Joven Esperanza e.V.\" \/>\n<meta property=\"og:description\" content=\"Fast ein Jahr fand coronabedingt kein Unterricht f\u00fcr die Kinder in Camiri statt. Da die Kinder ihr eigenes Grundst\u00fcck \u00fcber Monate gar nicht verlassen durften und die Schulen geschlossen hatten, war kein Pr\u00e4senzunterricht m\u00f6glich, und auch ein Fernunterricht mit Arbeitsauftr\u00e4gen etc. kam lange nicht zustande. Die Menschen hatten schlicht und ergreifend auch gr\u00f6\u00dfere Sorgen&#8230; Nachdem [&hellip;]\" \/>\n<meta property=\"og:url\" content=\"https:\/\/joven-esperanza.de\/es\/blog\/endlich-wieder-lernen-im-penader\/\" \/>\n<meta property=\"og:site_name\" content=\"Joven Esperanza e.V.\" \/>\n<meta property=\"article:publisher\" content=\"https:\/\/www.facebook.com\/JovenEsperanza\" \/>\n<meta property=\"article:published_time\" content=\"2021-04-25T18:37:45+00:00\" \/>\n<meta property=\"article:modified_time\" content=\"2023-12-10T11:28:25+00:00\" \/>\n<meta property=\"og:image\" content=\"https:\/\/joven-esperanza.de\/wp-content\/uploads\/2021\/04\/C6638651-8F5D-4398-9EB1-52E4B94FF7DC.jpeg\" \/>\n\t<meta property=\"og:image:width\" content=\"1024\" \/>\n\t<meta property=\"og:image:height\" content=\"576\" \/>\n\t<meta property=\"og:image:type\" content=\"image\/jpeg\" \/>\n<meta name=\"author\" content=\"Joven Esperanza\" \/>\n<meta name=\"twitter:card\" content=\"summary_large_image\" \/>\n<meta name=\"twitter:label1\" content=\"Written by\" \/>\n\t<meta name=\"twitter:data1\" content=\"Joven Esperanza\" \/>\n\t<meta name=\"twitter:label2\" content=\"Est. reading time\" \/>\n\t<meta name=\"twitter:data2\" content=\"2 minutes\" \/>\n<script type=\"application\/ld+json\" class=\"yoast-schema-graph\">{\"@context\":\"https:\/\/schema.org\",\"@graph\":[{\"@type\":\"Article\",\"@id\":\"https:\/\/joven-esperanza.de\/blog\/endlich-wieder-lernen-im-penader\/#article\",\"isPartOf\":{\"@id\":\"https:\/\/joven-esperanza.de\/blog\/endlich-wieder-lernen-im-penader\/\"},\"author\":{\"name\":\"Joven Esperanza\",\"@id\":\"https:\/\/joven-esperanza.de\/#\/schema\/person\/05b4ae1a74d76612f45fe8c2fb62040e\"},\"headline\":\"Endlich wieder Lernen im PENADER\",\"datePublished\":\"2021-04-25T18:37:45+00:00\",\"dateModified\":\"2023-12-10T11:28:25+00:00\",\"mainEntityOfPage\":{\"@id\":\"https:\/\/joven-esperanza.de\/blog\/endlich-wieder-lernen-im-penader\/\"},\"wordCount\":497,\"publisher\":{\"@id\":\"https:\/\/joven-esperanza.de\/#organization\"},\"image\":{\"@id\":\"https:\/\/joven-esperanza.de\/blog\/endlich-wieder-lernen-im-penader\/#primaryimage\"},\"thumbnailUrl\":\"https:\/\/joven-esperanza.de\/wp-content\/uploads\/2021\/04\/C6638651-8F5D-4398-9EB1-52E4B94FF7DC.jpeg\",\"articleSection\":[\"Infos vom PENADER\",\"News\"],\"inLanguage\":\"es-BO\"},{\"@type\":\"WebPage\",\"@id\":\"https:\/\/joven-esperanza.de\/blog\/endlich-wieder-lernen-im-penader\/\",\"url\":\"https:\/\/joven-esperanza.de\/blog\/endlich-wieder-lernen-im-penader\/\",\"name\":\"Endlich wieder Lernen im PENADER - Joven Esperanza e.V.\",\"isPartOf\":{\"@id\":\"https:\/\/joven-esperanza.de\/#website\"},\"primaryImageOfPage\":{\"@id\":\"https:\/\/joven-esperanza.de\/blog\/endlich-wieder-lernen-im-penader\/#primaryimage\"},\"image\":{\"@id\":\"https:\/\/joven-esperanza.de\/blog\/endlich-wieder-lernen-im-penader\/#primaryimage\"},\"thumbnailUrl\":\"https:\/\/joven-esperanza.de\/wp-content\/uploads\/2021\/04\/C6638651-8F5D-4398-9EB1-52E4B94FF7DC.jpeg\",\"datePublished\":\"2021-04-25T18:37:45+00:00\",\"dateModified\":\"2023-12-10T11:28:25+00:00\",\"breadcrumb\":{\"@id\":\"https:\/\/joven-esperanza.de\/blog\/endlich-wieder-lernen-im-penader\/#breadcrumb\"},\"inLanguage\":\"es-BO\",\"potentialAction\":[{\"@type\":\"ReadAction\",\"target\":[\"https:\/\/joven-esperanza.de\/blog\/endlich-wieder-lernen-im-penader\/\"]}]},{\"@type\":\"ImageObject\",\"inLanguage\":\"es-BO\",\"@id\":\"https:\/\/joven-esperanza.de\/blog\/endlich-wieder-lernen-im-penader\/#primaryimage\",\"url\":\"https:\/\/joven-esperanza.de\/wp-content\/uploads\/2021\/04\/C6638651-8F5D-4398-9EB1-52E4B94FF7DC.jpeg\",\"contentUrl\":\"https:\/\/joven-esperanza.de\/wp-content\/uploads\/2021\/04\/C6638651-8F5D-4398-9EB1-52E4B94FF7DC.jpeg\",\"width\":1024,\"height\":576},{\"@type\":\"BreadcrumbList\",\"@id\":\"https:\/\/joven-esperanza.de\/blog\/endlich-wieder-lernen-im-penader\/#breadcrumb\",\"itemListElement\":[{\"@type\":\"ListItem\",\"position\":1,\"name\":\"Startseite\",\"item\":\"https:\/\/joven-esperanza.de\/\"},{\"@type\":\"ListItem\",\"position\":2,\"name\":\"Endlich wieder Lernen im PENADER\"}]},{\"@type\":\"WebSite\",\"@id\":\"https:\/\/joven-esperanza.de\/#website\",\"url\":\"https:\/\/joven-esperanza.de\/\",\"name\":\"Joven Esperanza e.V.\",\"description\":\"Kindern in Camiri eine Zukunft bieten\",\"publisher\":{\"@id\":\"https:\/\/joven-esperanza.de\/#organization\"},\"potentialAction\":[{\"@type\":\"SearchAction\",\"target\":{\"@type\":\"EntryPoint\",\"urlTemplate\":\"https:\/\/joven-esperanza.de\/?s={search_term_string}\"},\"query-input\":{\"@type\":\"PropertyValueSpecification\",\"valueRequired\":true,\"valueName\":\"search_term_string\"}}],\"inLanguage\":\"es-BO\"},{\"@type\":\"Organization\",\"@id\":\"https:\/\/joven-esperanza.de\/#organization\",\"name\":\"Joven Esperanza e.V.\",\"url\":\"https:\/\/joven-esperanza.de\/\",\"logo\":{\"@type\":\"ImageObject\",\"inLanguage\":\"es-BO\",\"@id\":\"https:\/\/joven-esperanza.de\/#\/schema\/logo\/image\/\",\"url\":\"https:\/\/joven-esperanza.de\/wp-content\/uploads\/2024\/02\/joven-esperanza.png\",\"contentUrl\":\"https:\/\/joven-esperanza.de\/wp-content\/uploads\/2024\/02\/joven-esperanza.png\",\"width\":4738,\"height\":1324,\"caption\":\"Joven Esperanza e.V.\"},\"image\":{\"@id\":\"https:\/\/joven-esperanza.de\/#\/schema\/logo\/image\/\"},\"sameAs\":[\"https:\/\/www.facebook.com\/JovenEsperanza\",\"https:\/\/www.instagram.com\/joven_esperanza_ev\/\",\"https:\/\/www.linkedin.com\/company\/joven-esperanza-e.v.\/\",\"https:\/\/www.youtube.com\/@joven.esperanza\"]},{\"@type\":\"Person\",\"@id\":\"https:\/\/joven-esperanza.de\/#\/schema\/person\/05b4ae1a74d76612f45fe8c2fb62040e\",\"name\":\"Joven Esperanza\",\"image\":{\"@type\":\"ImageObject\",\"inLanguage\":\"es-BO\",\"@id\":\"https:\/\/joven-esperanza.de\/#\/schema\/person\/image\/\",\"url\":\"https:\/\/secure.gravatar.com\/avatar\/e517935b4b2a02445a70c803291d229ef42b7962df094c3c9edf5b7aac19750c?s=96&d=mm&r=g\",\"contentUrl\":\"https:\/\/secure.gravatar.com\/avatar\/e517935b4b2a02445a70c803291d229ef42b7962df094c3c9edf5b7aac19750c?s=96&d=mm&r=g\",\"caption\":\"Joven Esperanza\"},\"sameAs\":[\"https:\/\/dev.joven-esperanza.de\"]}]}<\/script>\n<!-- \/ Yoast SEO plugin. -->","yoast_head_json":{"title":"Endlich wieder Lernen im PENADER - Joven Esperanza e.V.","robots":{"index":"index","follow":"follow","max-snippet":"max-snippet:-1","max-image-preview":"max-image-preview:large","max-video-preview":"max-video-preview:-1"},"canonical":"https:\/\/joven-esperanza.de\/es\/blog\/endlich-wieder-lernen-im-penader\/","og_locale":"es_ES","og_type":"article","og_title":"Endlich wieder Lernen im PENADER - Joven Esperanza e.V.","og_description":"Fast ein Jahr fand coronabedingt kein Unterricht f\u00fcr die Kinder in Camiri statt. Da die Kinder ihr eigenes Grundst\u00fcck \u00fcber Monate gar nicht verlassen durften und die Schulen geschlossen hatten, war kein Pr\u00e4senzunterricht m\u00f6glich, und auch ein Fernunterricht mit Arbeitsauftr\u00e4gen etc. kam lange nicht zustande. Die Menschen hatten schlicht und ergreifend auch gr\u00f6\u00dfere Sorgen&#8230; Nachdem [&hellip;]","og_url":"https:\/\/joven-esperanza.de\/es\/blog\/endlich-wieder-lernen-im-penader\/","og_site_name":"Joven Esperanza e.V.","article_publisher":"https:\/\/www.facebook.com\/JovenEsperanza","article_published_time":"2021-04-25T18:37:45+00:00","article_modified_time":"2023-12-10T11:28:25+00:00","og_image":[{"width":1024,"height":576,"url":"https:\/\/joven-esperanza.de\/wp-content\/uploads\/2021\/04\/C6638651-8F5D-4398-9EB1-52E4B94FF7DC.jpeg","type":"image\/jpeg"}],"author":"Joven Esperanza","twitter_card":"summary_large_image","twitter_misc":{"Written by":"Joven Esperanza","Est. reading time":"2 minutes"},"schema":{"@context":"https:\/\/schema.org","@graph":[{"@type":"Article","@id":"https:\/\/joven-esperanza.de\/blog\/endlich-wieder-lernen-im-penader\/#article","isPartOf":{"@id":"https:\/\/joven-esperanza.de\/blog\/endlich-wieder-lernen-im-penader\/"},"author":{"name":"Joven Esperanza","@id":"https:\/\/joven-esperanza.de\/#\/schema\/person\/05b4ae1a74d76612f45fe8c2fb62040e"},"headline":"Endlich wieder Lernen im PENADER","datePublished":"2021-04-25T18:37:45+00:00","dateModified":"2023-12-10T11:28:25+00:00","mainEntityOfPage":{"@id":"https:\/\/joven-esperanza.de\/blog\/endlich-wieder-lernen-im-penader\/"},"wordCount":497,"publisher":{"@id":"https:\/\/joven-esperanza.de\/#organization"},"image":{"@id":"https:\/\/joven-esperanza.de\/blog\/endlich-wieder-lernen-im-penader\/#primaryimage"},"thumbnailUrl":"https:\/\/joven-esperanza.de\/wp-content\/uploads\/2021\/04\/C6638651-8F5D-4398-9EB1-52E4B94FF7DC.jpeg","articleSection":["Infos vom PENADER","News"],"inLanguage":"es-BO"},{"@type":"WebPage","@id":"https:\/\/joven-esperanza.de\/blog\/endlich-wieder-lernen-im-penader\/","url":"https:\/\/joven-esperanza.de\/blog\/endlich-wieder-lernen-im-penader\/","name":"Endlich wieder Lernen im PENADER - Joven Esperanza e.V.","isPartOf":{"@id":"https:\/\/joven-esperanza.de\/#website"},"primaryImageOfPage":{"@id":"https:\/\/joven-esperanza.de\/blog\/endlich-wieder-lernen-im-penader\/#primaryimage"},"image":{"@id":"https:\/\/joven-esperanza.de\/blog\/endlich-wieder-lernen-im-penader\/#primaryimage"},"thumbnailUrl":"https:\/\/joven-esperanza.de\/wp-content\/uploads\/2021\/04\/C6638651-8F5D-4398-9EB1-52E4B94FF7DC.jpeg","datePublished":"2021-04-25T18:37:45+00:00","dateModified":"2023-12-10T11:28:25+00:00","breadcrumb":{"@id":"https:\/\/joven-esperanza.de\/blog\/endlich-wieder-lernen-im-penader\/#breadcrumb"},"inLanguage":"es-BO","potentialAction":[{"@type":"ReadAction","target":["https:\/\/joven-esperanza.de\/blog\/endlich-wieder-lernen-im-penader\/"]}]},{"@type":"ImageObject","inLanguage":"es-BO","@id":"https:\/\/joven-esperanza.de\/blog\/endlich-wieder-lernen-im-penader\/#primaryimage","url":"https:\/\/joven-esperanza.de\/wp-content\/uploads\/2021\/04\/C6638651-8F5D-4398-9EB1-52E4B94FF7DC.jpeg","contentUrl":"https:\/\/joven-esperanza.de\/wp-content\/uploads\/2021\/04\/C6638651-8F5D-4398-9EB1-52E4B94FF7DC.jpeg","width":1024,"height":576},{"@type":"BreadcrumbList","@id":"https:\/\/joven-esperanza.de\/blog\/endlich-wieder-lernen-im-penader\/#breadcrumb","itemListElement":[{"@type":"ListItem","position":1,"name":"Startseite","item":"https:\/\/joven-esperanza.de\/"},{"@type":"ListItem","position":2,"name":"Endlich wieder Lernen im PENADER"}]},{"@type":"WebSite","@id":"https:\/\/joven-esperanza.de\/#website","url":"https:\/\/joven-esperanza.de\/","name":"Joven Esperanza e.V.","description":"Kindern in Camiri eine Zukunft bieten","publisher":{"@id":"https:\/\/joven-esperanza.de\/#organization"},"potentialAction":[{"@type":"SearchAction","target":{"@type":"EntryPoint","urlTemplate":"https:\/\/joven-esperanza.de\/?s={search_term_string}"},"query-input":{"@type":"PropertyValueSpecification","valueRequired":true,"valueName":"search_term_string"}}],"inLanguage":"es-BO"},{"@type":"Organization","@id":"https:\/\/joven-esperanza.de\/#organization","name":"Joven Esperanza e.V.","url":"https:\/\/joven-esperanza.de\/","logo":{"@type":"ImageObject","inLanguage":"es-BO","@id":"https:\/\/joven-esperanza.de\/#\/schema\/logo\/image\/","url":"https:\/\/joven-esperanza.de\/wp-content\/uploads\/2024\/02\/joven-esperanza.png","contentUrl":"https:\/\/joven-esperanza.de\/wp-content\/uploads\/2024\/02\/joven-esperanza.png","width":4738,"height":1324,"caption":"Joven Esperanza e.V."},"image":{"@id":"https:\/\/joven-esperanza.de\/#\/schema\/logo\/image\/"},"sameAs":["https:\/\/www.facebook.com\/JovenEsperanza","https:\/\/www.instagram.com\/joven_esperanza_ev\/","https:\/\/www.linkedin.com\/company\/joven-esperanza-e.v.\/","https:\/\/www.youtube.com\/@joven.esperanza"]},{"@type":"Person","@id":"https:\/\/joven-esperanza.de\/#\/schema\/person\/05b4ae1a74d76612f45fe8c2fb62040e","name":"Joven Esperanza","image":{"@type":"ImageObject","inLanguage":"es-BO","@id":"https:\/\/joven-esperanza.de\/#\/schema\/person\/image\/","url":"https:\/\/secure.gravatar.com\/avatar\/e517935b4b2a02445a70c803291d229ef42b7962df094c3c9edf5b7aac19750c?s=96&d=mm&r=g","contentUrl":"https:\/\/secure.gravatar.com\/avatar\/e517935b4b2a02445a70c803291d229ef42b7962df094c3c9edf5b7aac19750c?s=96&d=mm&r=g","caption":"Joven Esperanza"},"sameAs":["https:\/\/dev.joven-esperanza.de"]}]}},"uagb_featured_image_src":{"full":["https:\/\/joven-esperanza.de\/wp-content\/uploads\/2021\/04\/C6638651-8F5D-4398-9EB1-52E4B94FF7DC.jpeg",1024,576,false],"thumbnail":["https:\/\/joven-esperanza.de\/wp-content\/uploads\/2021\/04\/C6638651-8F5D-4398-9EB1-52E4B94FF7DC-150x150.jpeg",150,150,true],"medium":["https:\/\/joven-esperanza.de\/wp-content\/uploads\/2021\/04\/C6638651-8F5D-4398-9EB1-52E4B94FF7DC-300x169.jpeg",300,169,true],"medium_large":["https:\/\/joven-esperanza.de\/wp-content\/uploads\/2021\/04\/C6638651-8F5D-4398-9EB1-52E4B94FF7DC-768x432.jpeg",768,432,true],"large":["https:\/\/joven-esperanza.de\/wp-content\/uploads\/2021\/04\/C6638651-8F5D-4398-9EB1-52E4B94FF7DC.jpeg",1024,576,false],"1536x1536":["https:\/\/joven-esperanza.de\/wp-content\/uploads\/2021\/04\/C6638651-8F5D-4398-9EB1-52E4B94FF7DC.jpeg",1024,576,false],"2048x2048":["https:\/\/joven-esperanza.de\/wp-content\/uploads\/2021\/04\/C6638651-8F5D-4398-9EB1-52E4B94FF7DC.jpeg",1024,576,false],"trp-custom-language-flag":["https:\/\/joven-esperanza.de\/wp-content\/uploads\/2021\/04\/C6638651-8F5D-4398-9EB1-52E4B94FF7DC.jpeg",18,10,false]},"uagb_author_info":{"display_name":"Joven Esperanza","author_link":"https:\/\/joven-esperanza.de\/es\/blog\/author\/admin\/"},"uagb_comment_info":0,"uagb_excerpt":"Fast ein Jahr fand coronabedingt kein Unterricht f\u00fcr die Kinder in Camiri statt. Da die Kinder ihr eigenes Grundst\u00fcck \u00fcber Monate gar nicht verlassen durften und die Schulen geschlossen hatten, war kein Pr\u00e4senzunterricht m\u00f6glich, und auch ein Fernunterricht mit Arbeitsauftr\u00e4gen etc. kam lange nicht zustande. Die Menschen hatten schlicht und ergreifend auch gr\u00f6\u00dfere Sorgen&#8230; Nachdem&hellip;","_links":{"self":[{"href":"https:\/\/joven-esperanza.de\/es\/wp-json\/wp\/v2\/posts\/801","targetHints":{"allow":["GET"]}}],"collection":[{"href":"https:\/\/joven-esperanza.de\/es\/wp-json\/wp\/v2\/posts"}],"about":[{"href":"https:\/\/joven-esperanza.de\/es\/wp-json\/wp\/v2\/types\/post"}],"author":[{"embeddable":true,"href":"https:\/\/joven-esperanza.de\/es\/wp-json\/wp\/v2\/users\/1"}],"replies":[{"embeddable":true,"href":"https:\/\/joven-esperanza.de\/es\/wp-json\/wp\/v2\/comments?post=801"}],"version-history":[{"count":2,"href":"https:\/\/joven-esperanza.de\/es\/wp-json\/wp\/v2\/posts\/801\/revisions"}],"predecessor-version":[{"id":3076,"href":"https:\/\/joven-esperanza.de\/es\/wp-json\/wp\/v2\/posts\/801\/revisions\/3076"}],"wp:featuredmedia":[{"embeddable":true,"href":"https:\/\/joven-esperanza.de\/es\/wp-json\/wp\/v2\/media\/802"}],"wp:attachment":[{"href":"https:\/\/joven-esperanza.de\/es\/wp-json\/wp\/v2\/media?parent=801"}],"wp:term":[{"taxonomy":"category","embeddable":true,"href":"https:\/\/joven-esperanza.de\/es\/wp-json\/wp\/v2\/categories?post=801"},{"taxonomy":"post_tag","embeddable":true,"href":"https:\/\/joven-esperanza.de\/es\/wp-json\/wp\/v2\/tags?post=801"}],"curies":[{"name":"wp","href":"https:\/\/api.w.org\/{rel}","templated":true}]}}