{"id":892,"date":"2021-11-28T13:38:55","date_gmt":"2021-11-28T13:38:55","guid":{"rendered":"https:\/\/dev.joven-esperanza.de\/sommerfest-2021\/"},"modified":"2023-12-10T11:11:31","modified_gmt":"2023-12-10T11:11:31","slug":"sommerfest-2021","status":"publish","type":"post","link":"https:\/\/joven-esperanza.de\/es\/blog\/sommerfest-2021\/","title":{"rendered":"Sommerfest 2021"},"content":{"rendered":"<p>Liebe Mitglieder, liebe Freunde,<\/p>\n\n\n\n<p>in diesem Jahr hatten Harry und ich das Vergn\u00fcgen, das&nbsp;&nbsp;Sommerfest auszurichten. Schon im Vorwege hatten wir Spa\u00df mit dem Festausschuss bei der Organisation und Vorbereitung.&nbsp;<\/p>\n\n\n\n<p>Und dann hat auch der Wettergott p\u00fcnktlich zu Beginn um 16 Uhr mitgespielt, die Sonne lugte heraus und die Temperaturen waren angenehm. So konnten wir den Tag drau\u00dfen verbringen und einige haben es unter den Pavillons sogar bis sp\u00e4t in die Nacht ausgehalten.<\/p>\n\n\n\n<figure class=\"wp-block-image size-large is-resized is-style-rounded\"><img loading=\"lazy\" decoding=\"async\" src=\"https:\/\/joven-esperanza.de\/wp-content\/uploads\/2021\/11\/FAB9D27E-0439-457D-9EF8-D3010B64524B-1024x768.jpeg\" alt=\"\" class=\"wp-image-894\" width=\"768\" height=\"576\" srcset=\"https:\/\/joven-esperanza.de\/wp-content\/uploads\/2021\/11\/FAB9D27E-0439-457D-9EF8-D3010B64524B-1024x768.jpeg 1024w, https:\/\/joven-esperanza.de\/wp-content\/uploads\/2021\/11\/FAB9D27E-0439-457D-9EF8-D3010B64524B-300x225.jpeg 300w, https:\/\/joven-esperanza.de\/wp-content\/uploads\/2021\/11\/FAB9D27E-0439-457D-9EF8-D3010B64524B-768x576.jpeg 768w, https:\/\/joven-esperanza.de\/wp-content\/uploads\/2021\/11\/FAB9D27E-0439-457D-9EF8-D3010B64524B.jpeg 1280w\" sizes=\"auto, (max-width: 768px) 100vw, 768px\" \/><\/figure>\n\n\n\n<p>Wir waren eine nette Truppe von 25 Leuten (das n\u00e4chste Mal wollen wir aber mehr sein!) und haben es uns bei leckerem Essen, dem einen oder anderen Getr\u00e4nk und netten Gespr\u00e4chen gut gehen lassen.<\/p>\n\n\n\n<figure class=\"wp-block-image size-large is-resized is-style-rounded\"><img loading=\"lazy\" decoding=\"async\" src=\"https:\/\/joven-esperanza.de\/wp-content\/uploads\/2021\/11\/50ECBC02-D032-43D1-AD36-BBC1555E84DB-1024x768.jpeg\" alt=\"\" class=\"wp-image-893\" width=\"512\" height=\"384\" srcset=\"https:\/\/joven-esperanza.de\/wp-content\/uploads\/2021\/11\/50ECBC02-D032-43D1-AD36-BBC1555E84DB-1024x768.jpeg 1024w, https:\/\/joven-esperanza.de\/wp-content\/uploads\/2021\/11\/50ECBC02-D032-43D1-AD36-BBC1555E84DB-300x225.jpeg 300w, https:\/\/joven-esperanza.de\/wp-content\/uploads\/2021\/11\/50ECBC02-D032-43D1-AD36-BBC1555E84DB-768x576.jpeg 768w, https:\/\/joven-esperanza.de\/wp-content\/uploads\/2021\/11\/50ECBC02-D032-43D1-AD36-BBC1555E84DB.jpeg 1280w\" sizes=\"auto, (max-width: 512px) 100vw, 512px\" \/><\/figure>\n\n\n\n<p>Julius und Jojo haben uns mit neuesten Infos rund um das PENADER versorgt und sogar wieder eine Life-Schaltung zu \u201eunseren\u201c&nbsp;&nbsp;Kindern hergestellt, die gerade am Mittagstisch sa\u00dfen und uns voller Freude zugewunken haben. Da geht einem einfach das Herz auf!<\/p>\n\n\n\n<p>Wir freuen uns schon auf n\u00e4chstes Jahr, hoffentlich mit noch viel mehr Mitgliedern, deren Freunde und\/oder Nachbarn.<\/p>\n\n\n\n<figure class=\"wp-block-image size-large is-resized is-style-rounded\"><img loading=\"lazy\" decoding=\"async\" src=\"https:\/\/joven-esperanza.de\/wp-content\/uploads\/2021\/11\/F1700751-EAE4-43A7-BC55-85F9D910505F-1024x768.jpeg\" alt=\"\" class=\"wp-image-895\" width=\"512\" height=\"384\" srcset=\"https:\/\/joven-esperanza.de\/wp-content\/uploads\/2021\/11\/F1700751-EAE4-43A7-BC55-85F9D910505F-1024x768.jpeg 1024w, https:\/\/joven-esperanza.de\/wp-content\/uploads\/2021\/11\/F1700751-EAE4-43A7-BC55-85F9D910505F-300x225.jpeg 300w, https:\/\/joven-esperanza.de\/wp-content\/uploads\/2021\/11\/F1700751-EAE4-43A7-BC55-85F9D910505F-768x576.jpeg 768w, https:\/\/joven-esperanza.de\/wp-content\/uploads\/2021\/11\/F1700751-EAE4-43A7-BC55-85F9D910505F.jpeg 1280w\" sizes=\"auto, (max-width: 512px) 100vw, 512px\" \/><\/figure>\n\n\n\n<p>Bis dahin, bleibt gesund!<\/p>\n\n\n\n<p>Garnet<\/p>","protected":false},"excerpt":{"rendered":"<p>Liebe Mitglieder, liebe Freunde, in diesem Jahr hatten Harry und ich das Vergn\u00fcgen, das&nbsp;&nbsp;Sommerfest auszurichten. Schon im Vorwege hatten wir Spa\u00df mit dem Festausschuss bei der Organisation und Vorbereitung.&nbsp; Und dann hat auch der Wettergott p\u00fcnktlich zu Beginn um 16 Uhr mitgespielt, die Sonne lugte heraus und die Temperaturen waren angenehm. So konnten wir den [&hellip;]<\/p>","protected":false},"author":1,"featured_media":895,"comment_status":"closed","ping_status":"closed","sticky":false,"template":"","format":"standard","meta":{"_uag_custom_page_level_css":"","site-sidebar-layout":"default","site-content-layout":"","ast-site-content-layout":"default","site-content-style":"default","site-sidebar-style":"default","ast-global-header-display":"","ast-banner-title-visibility":"","ast-main-header-display":"","ast-hfb-above-header-display":"","ast-hfb-below-header-display":"","ast-hfb-mobile-header-display":"","site-post-title":"","ast-breadcrumbs-content":"","ast-featured-img":"","footer-sml-layout":"","theme-transparent-header-meta":"","adv-header-id-meta":"","stick-header-meta":"","header-above-stick-meta":"","header-main-stick-meta":"","header-below-stick-meta":"","astra-migrate-meta-layouts":"set","ast-page-background-enabled":"default","ast-page-background-meta":{"desktop":{"background-color":"var(--ast-global-color-4)","background-image":"","background-repeat":"repeat","background-position":"center center","background-size":"auto","background-attachment":"scroll","background-type":"","background-media":"","overlay-type":"","overlay-color":"","overlay-gradient":""},"tablet":{"background-color":"","background-image":"","background-repeat":"repeat","background-position":"center center","background-size":"auto","background-attachment":"scroll","background-type":"","background-media":"","overlay-type":"","overlay-color":"","overlay-gradient":""},"mobile":{"background-color":"","background-image":"","background-repeat":"repeat","background-position":"center center","background-size":"auto","background-attachment":"scroll","background-type":"","background-media":"","overlay-type":"","overlay-color":"","overlay-gradient":""}},"ast-content-background-meta":{"desktop":{"background-color":"var(--ast-global-color-5)","background-image":"","background-repeat":"repeat","background-position":"center center","background-size":"auto","background-attachment":"scroll","background-type":"","background-media":"","overlay-type":"","overlay-color":"","overlay-gradient":""},"tablet":{"background-color":"var(--ast-global-color-5)","background-image":"","background-repeat":"repeat","background-position":"center center","background-size":"auto","background-attachment":"scroll","background-type":"","background-media":"","overlay-type":"","overlay-color":"","overlay-gradient":""},"mobile":{"background-color":"var(--ast-global-color-5)","background-image":"","background-repeat":"repeat","background-position":"center center","background-size":"auto","background-attachment":"scroll","background-type":"","background-media":"","overlay-type":"","overlay-color":"","overlay-gradient":""}},"footnotes":""},"categories":[11,13,12],"tags":[],"class_list":["post-892","post","type-post","status-publish","format-standard","has-post-thumbnail","hentry","category-penader","category-mitgliedschaft","category-news"],"yoast_head":"<!-- This site is optimized with the Yoast SEO plugin v25.0 - https:\/\/yoast.com\/wordpress\/plugins\/seo\/ -->\n<title>Sommerfest 2021 - Joven Esperanza e.V.<\/title>\n<meta name=\"robots\" content=\"index, follow, max-snippet:-1, max-image-preview:large, max-video-preview:-1\" \/>\n<link rel=\"canonical\" href=\"https:\/\/joven-esperanza.de\/es\/blog\/sommerfest-2021\/\" \/>\n<meta property=\"og:locale\" content=\"es_ES\" \/>\n<meta property=\"og:type\" content=\"article\" \/>\n<meta property=\"og:title\" content=\"Sommerfest 2021 - Joven Esperanza e.V.\" \/>\n<meta property=\"og:description\" content=\"Liebe Mitglieder, liebe Freunde, in diesem Jahr hatten Harry und ich das Vergn\u00fcgen, das&nbsp;&nbsp;Sommerfest auszurichten. Schon im Vorwege hatten wir Spa\u00df mit dem Festausschuss bei der Organisation und Vorbereitung.&nbsp; Und dann hat auch der Wettergott p\u00fcnktlich zu Beginn um 16 Uhr mitgespielt, die Sonne lugte heraus und die Temperaturen waren angenehm. So konnten wir den [&hellip;]\" \/>\n<meta property=\"og:url\" content=\"https:\/\/joven-esperanza.de\/es\/blog\/sommerfest-2021\/\" \/>\n<meta property=\"og:site_name\" content=\"Joven Esperanza e.V.\" \/>\n<meta property=\"article:publisher\" content=\"https:\/\/www.facebook.com\/JovenEsperanza\" \/>\n<meta property=\"article:published_time\" content=\"2021-11-28T13:38:55+00:00\" \/>\n<meta property=\"article:modified_time\" content=\"2023-12-10T11:11:31+00:00\" \/>\n<meta property=\"og:image\" content=\"https:\/\/joven-esperanza.de\/wp-content\/uploads\/2021\/11\/F1700751-EAE4-43A7-BC55-85F9D910505F.jpeg\" \/>\n\t<meta property=\"og:image:width\" content=\"1280\" \/>\n\t<meta property=\"og:image:height\" content=\"960\" \/>\n\t<meta property=\"og:image:type\" content=\"image\/jpeg\" \/>\n<meta name=\"author\" content=\"Joven Esperanza\" \/>\n<meta name=\"twitter:card\" content=\"summary_large_image\" \/>\n<meta name=\"twitter:label1\" content=\"Written by\" \/>\n\t<meta name=\"twitter:data1\" content=\"Joven Esperanza\" \/>\n\t<meta name=\"twitter:label2\" content=\"Est. reading time\" \/>\n\t<meta name=\"twitter:data2\" content=\"1 minute\" \/>\n<script type=\"application\/ld+json\" class=\"yoast-schema-graph\">{\"@context\":\"https:\/\/schema.org\",\"@graph\":[{\"@type\":\"Article\",\"@id\":\"https:\/\/joven-esperanza.de\/blog\/sommerfest-2021\/#article\",\"isPartOf\":{\"@id\":\"https:\/\/joven-esperanza.de\/blog\/sommerfest-2021\/\"},\"author\":{\"name\":\"Joven Esperanza\",\"@id\":\"https:\/\/joven-esperanza.de\/#\/schema\/person\/05b4ae1a74d76612f45fe8c2fb62040e\"},\"headline\":\"Sommerfest 2021\",\"datePublished\":\"2021-11-28T13:38:55+00:00\",\"dateModified\":\"2023-12-10T11:11:31+00:00\",\"mainEntityOfPage\":{\"@id\":\"https:\/\/joven-esperanza.de\/blog\/sommerfest-2021\/\"},\"wordCount\":183,\"publisher\":{\"@id\":\"https:\/\/joven-esperanza.de\/#organization\"},\"image\":{\"@id\":\"https:\/\/joven-esperanza.de\/blog\/sommerfest-2021\/#primaryimage\"},\"thumbnailUrl\":\"https:\/\/joven-esperanza.de\/wp-content\/uploads\/2021\/11\/F1700751-EAE4-43A7-BC55-85F9D910505F.jpeg\",\"articleSection\":[\"Infos vom PENADER\",\"Mitgliedschaft\",\"News\"],\"inLanguage\":\"es-BO\"},{\"@type\":\"WebPage\",\"@id\":\"https:\/\/joven-esperanza.de\/blog\/sommerfest-2021\/\",\"url\":\"https:\/\/joven-esperanza.de\/blog\/sommerfest-2021\/\",\"name\":\"Sommerfest 2021 - Joven Esperanza e.V.\",\"isPartOf\":{\"@id\":\"https:\/\/joven-esperanza.de\/#website\"},\"primaryImageOfPage\":{\"@id\":\"https:\/\/joven-esperanza.de\/blog\/sommerfest-2021\/#primaryimage\"},\"image\":{\"@id\":\"https:\/\/joven-esperanza.de\/blog\/sommerfest-2021\/#primaryimage\"},\"thumbnailUrl\":\"https:\/\/joven-esperanza.de\/wp-content\/uploads\/2021\/11\/F1700751-EAE4-43A7-BC55-85F9D910505F.jpeg\",\"datePublished\":\"2021-11-28T13:38:55+00:00\",\"dateModified\":\"2023-12-10T11:11:31+00:00\",\"breadcrumb\":{\"@id\":\"https:\/\/joven-esperanza.de\/blog\/sommerfest-2021\/#breadcrumb\"},\"inLanguage\":\"es-BO\",\"potentialAction\":[{\"@type\":\"ReadAction\",\"target\":[\"https:\/\/joven-esperanza.de\/blog\/sommerfest-2021\/\"]}]},{\"@type\":\"ImageObject\",\"inLanguage\":\"es-BO\",\"@id\":\"https:\/\/joven-esperanza.de\/blog\/sommerfest-2021\/#primaryimage\",\"url\":\"https:\/\/joven-esperanza.de\/wp-content\/uploads\/2021\/11\/F1700751-EAE4-43A7-BC55-85F9D910505F.jpeg\",\"contentUrl\":\"https:\/\/joven-esperanza.de\/wp-content\/uploads\/2021\/11\/F1700751-EAE4-43A7-BC55-85F9D910505F.jpeg\",\"width\":1280,\"height\":960},{\"@type\":\"BreadcrumbList\",\"@id\":\"https:\/\/joven-esperanza.de\/blog\/sommerfest-2021\/#breadcrumb\",\"itemListElement\":[{\"@type\":\"ListItem\",\"position\":1,\"name\":\"Startseite\",\"item\":\"https:\/\/joven-esperanza.de\/\"},{\"@type\":\"ListItem\",\"position\":2,\"name\":\"Sommerfest 2021\"}]},{\"@type\":\"WebSite\",\"@id\":\"https:\/\/joven-esperanza.de\/#website\",\"url\":\"https:\/\/joven-esperanza.de\/\",\"name\":\"Joven Esperanza e.V.\",\"description\":\"Kindern in Camiri eine Zukunft bieten\",\"publisher\":{\"@id\":\"https:\/\/joven-esperanza.de\/#organization\"},\"potentialAction\":[{\"@type\":\"SearchAction\",\"target\":{\"@type\":\"EntryPoint\",\"urlTemplate\":\"https:\/\/joven-esperanza.de\/?s={search_term_string}\"},\"query-input\":{\"@type\":\"PropertyValueSpecification\",\"valueRequired\":true,\"valueName\":\"search_term_string\"}}],\"inLanguage\":\"es-BO\"},{\"@type\":\"Organization\",\"@id\":\"https:\/\/joven-esperanza.de\/#organization\",\"name\":\"Joven Esperanza e.V.\",\"url\":\"https:\/\/joven-esperanza.de\/\",\"logo\":{\"@type\":\"ImageObject\",\"inLanguage\":\"es-BO\",\"@id\":\"https:\/\/joven-esperanza.de\/#\/schema\/logo\/image\/\",\"url\":\"https:\/\/joven-esperanza.de\/wp-content\/uploads\/2024\/02\/joven-esperanza.png\",\"contentUrl\":\"https:\/\/joven-esperanza.de\/wp-content\/uploads\/2024\/02\/joven-esperanza.png\",\"width\":4738,\"height\":1324,\"caption\":\"Joven Esperanza e.V.\"},\"image\":{\"@id\":\"https:\/\/joven-esperanza.de\/#\/schema\/logo\/image\/\"},\"sameAs\":[\"https:\/\/www.facebook.com\/JovenEsperanza\",\"https:\/\/www.instagram.com\/joven_esperanza_ev\/\",\"https:\/\/www.linkedin.com\/company\/joven-esperanza-e.v.\/\",\"https:\/\/www.youtube.com\/@joven.esperanza\"]},{\"@type\":\"Person\",\"@id\":\"https:\/\/joven-esperanza.de\/#\/schema\/person\/05b4ae1a74d76612f45fe8c2fb62040e\",\"name\":\"Joven Esperanza\",\"image\":{\"@type\":\"ImageObject\",\"inLanguage\":\"es-BO\",\"@id\":\"https:\/\/joven-esperanza.de\/#\/schema\/person\/image\/\",\"url\":\"https:\/\/secure.gravatar.com\/avatar\/e517935b4b2a02445a70c803291d229ef42b7962df094c3c9edf5b7aac19750c?s=96&d=mm&r=g\",\"contentUrl\":\"https:\/\/secure.gravatar.com\/avatar\/e517935b4b2a02445a70c803291d229ef42b7962df094c3c9edf5b7aac19750c?s=96&d=mm&r=g\",\"caption\":\"Joven Esperanza\"},\"sameAs\":[\"https:\/\/dev.joven-esperanza.de\"]}]}<\/script>\n<!-- \/ Yoast SEO plugin. -->","yoast_head_json":{"title":"Sommerfest 2021 - Joven Esperanza e.V.","robots":{"index":"index","follow":"follow","max-snippet":"max-snippet:-1","max-image-preview":"max-image-preview:large","max-video-preview":"max-video-preview:-1"},"canonical":"https:\/\/joven-esperanza.de\/es\/blog\/sommerfest-2021\/","og_locale":"es_ES","og_type":"article","og_title":"Sommerfest 2021 - Joven Esperanza e.V.","og_description":"Liebe Mitglieder, liebe Freunde, in diesem Jahr hatten Harry und ich das Vergn\u00fcgen, das&nbsp;&nbsp;Sommerfest auszurichten. Schon im Vorwege hatten wir Spa\u00df mit dem Festausschuss bei der Organisation und Vorbereitung.&nbsp; Und dann hat auch der Wettergott p\u00fcnktlich zu Beginn um 16 Uhr mitgespielt, die Sonne lugte heraus und die Temperaturen waren angenehm. So konnten wir den [&hellip;]","og_url":"https:\/\/joven-esperanza.de\/es\/blog\/sommerfest-2021\/","og_site_name":"Joven Esperanza e.V.","article_publisher":"https:\/\/www.facebook.com\/JovenEsperanza","article_published_time":"2021-11-28T13:38:55+00:00","article_modified_time":"2023-12-10T11:11:31+00:00","og_image":[{"width":1280,"height":960,"url":"https:\/\/joven-esperanza.de\/wp-content\/uploads\/2021\/11\/F1700751-EAE4-43A7-BC55-85F9D910505F.jpeg","type":"image\/jpeg"}],"author":"Joven Esperanza","twitter_card":"summary_large_image","twitter_misc":{"Written by":"Joven Esperanza","Est. reading time":"1 minute"},"schema":{"@context":"https:\/\/schema.org","@graph":[{"@type":"Article","@id":"https:\/\/joven-esperanza.de\/blog\/sommerfest-2021\/#article","isPartOf":{"@id":"https:\/\/joven-esperanza.de\/blog\/sommerfest-2021\/"},"author":{"name":"Joven Esperanza","@id":"https:\/\/joven-esperanza.de\/#\/schema\/person\/05b4ae1a74d76612f45fe8c2fb62040e"},"headline":"Sommerfest 2021","datePublished":"2021-11-28T13:38:55+00:00","dateModified":"2023-12-10T11:11:31+00:00","mainEntityOfPage":{"@id":"https:\/\/joven-esperanza.de\/blog\/sommerfest-2021\/"},"wordCount":183,"publisher":{"@id":"https:\/\/joven-esperanza.de\/#organization"},"image":{"@id":"https:\/\/joven-esperanza.de\/blog\/sommerfest-2021\/#primaryimage"},"thumbnailUrl":"https:\/\/joven-esperanza.de\/wp-content\/uploads\/2021\/11\/F1700751-EAE4-43A7-BC55-85F9D910505F.jpeg","articleSection":["Infos vom PENADER","Mitgliedschaft","News"],"inLanguage":"es-BO"},{"@type":"WebPage","@id":"https:\/\/joven-esperanza.de\/blog\/sommerfest-2021\/","url":"https:\/\/joven-esperanza.de\/blog\/sommerfest-2021\/","name":"Sommerfest 2021 - Joven Esperanza e.V.","isPartOf":{"@id":"https:\/\/joven-esperanza.de\/#website"},"primaryImageOfPage":{"@id":"https:\/\/joven-esperanza.de\/blog\/sommerfest-2021\/#primaryimage"},"image":{"@id":"https:\/\/joven-esperanza.de\/blog\/sommerfest-2021\/#primaryimage"},"thumbnailUrl":"https:\/\/joven-esperanza.de\/wp-content\/uploads\/2021\/11\/F1700751-EAE4-43A7-BC55-85F9D910505F.jpeg","datePublished":"2021-11-28T13:38:55+00:00","dateModified":"2023-12-10T11:11:31+00:00","breadcrumb":{"@id":"https:\/\/joven-esperanza.de\/blog\/sommerfest-2021\/#breadcrumb"},"inLanguage":"es-BO","potentialAction":[{"@type":"ReadAction","target":["https:\/\/joven-esperanza.de\/blog\/sommerfest-2021\/"]}]},{"@type":"ImageObject","inLanguage":"es-BO","@id":"https:\/\/joven-esperanza.de\/blog\/sommerfest-2021\/#primaryimage","url":"https:\/\/joven-esperanza.de\/wp-content\/uploads\/2021\/11\/F1700751-EAE4-43A7-BC55-85F9D910505F.jpeg","contentUrl":"https:\/\/joven-esperanza.de\/wp-content\/uploads\/2021\/11\/F1700751-EAE4-43A7-BC55-85F9D910505F.jpeg","width":1280,"height":960},{"@type":"BreadcrumbList","@id":"https:\/\/joven-esperanza.de\/blog\/sommerfest-2021\/#breadcrumb","itemListElement":[{"@type":"ListItem","position":1,"name":"Startseite","item":"https:\/\/joven-esperanza.de\/"},{"@type":"ListItem","position":2,"name":"Sommerfest 2021"}]},{"@type":"WebSite","@id":"https:\/\/joven-esperanza.de\/#website","url":"https:\/\/joven-esperanza.de\/","name":"Joven Esperanza e.V.","description":"Kindern in Camiri eine Zukunft bieten","publisher":{"@id":"https:\/\/joven-esperanza.de\/#organization"},"potentialAction":[{"@type":"SearchAction","target":{"@type":"EntryPoint","urlTemplate":"https:\/\/joven-esperanza.de\/?s={search_term_string}"},"query-input":{"@type":"PropertyValueSpecification","valueRequired":true,"valueName":"search_term_string"}}],"inLanguage":"es-BO"},{"@type":"Organization","@id":"https:\/\/joven-esperanza.de\/#organization","name":"Joven Esperanza e.V.","url":"https:\/\/joven-esperanza.de\/","logo":{"@type":"ImageObject","inLanguage":"es-BO","@id":"https:\/\/joven-esperanza.de\/#\/schema\/logo\/image\/","url":"https:\/\/joven-esperanza.de\/wp-content\/uploads\/2024\/02\/joven-esperanza.png","contentUrl":"https:\/\/joven-esperanza.de\/wp-content\/uploads\/2024\/02\/joven-esperanza.png","width":4738,"height":1324,"caption":"Joven Esperanza e.V."},"image":{"@id":"https:\/\/joven-esperanza.de\/#\/schema\/logo\/image\/"},"sameAs":["https:\/\/www.facebook.com\/JovenEsperanza","https:\/\/www.instagram.com\/joven_esperanza_ev\/","https:\/\/www.linkedin.com\/company\/joven-esperanza-e.v.\/","https:\/\/www.youtube.com\/@joven.esperanza"]},{"@type":"Person","@id":"https:\/\/joven-esperanza.de\/#\/schema\/person\/05b4ae1a74d76612f45fe8c2fb62040e","name":"Joven Esperanza","image":{"@type":"ImageObject","inLanguage":"es-BO","@id":"https:\/\/joven-esperanza.de\/#\/schema\/person\/image\/","url":"https:\/\/secure.gravatar.com\/avatar\/e517935b4b2a02445a70c803291d229ef42b7962df094c3c9edf5b7aac19750c?s=96&d=mm&r=g","contentUrl":"https:\/\/secure.gravatar.com\/avatar\/e517935b4b2a02445a70c803291d229ef42b7962df094c3c9edf5b7aac19750c?s=96&d=mm&r=g","caption":"Joven Esperanza"},"sameAs":["https:\/\/dev.joven-esperanza.de"]}]}},"uagb_featured_image_src":{"full":["https:\/\/joven-esperanza.de\/wp-content\/uploads\/2021\/11\/F1700751-EAE4-43A7-BC55-85F9D910505F.jpeg",1280,960,false],"thumbnail":["https:\/\/joven-esperanza.de\/wp-content\/uploads\/2021\/11\/F1700751-EAE4-43A7-BC55-85F9D910505F-150x150.jpeg",150,150,true],"medium":["https:\/\/joven-esperanza.de\/wp-content\/uploads\/2021\/11\/F1700751-EAE4-43A7-BC55-85F9D910505F-300x225.jpeg",300,225,true],"medium_large":["https:\/\/joven-esperanza.de\/wp-content\/uploads\/2021\/11\/F1700751-EAE4-43A7-BC55-85F9D910505F-768x576.jpeg",768,576,true],"large":["https:\/\/joven-esperanza.de\/wp-content\/uploads\/2021\/11\/F1700751-EAE4-43A7-BC55-85F9D910505F-1024x768.jpeg",1024,768,true],"1536x1536":["https:\/\/joven-esperanza.de\/wp-content\/uploads\/2021\/11\/F1700751-EAE4-43A7-BC55-85F9D910505F.jpeg",1280,960,false],"2048x2048":["https:\/\/joven-esperanza.de\/wp-content\/uploads\/2021\/11\/F1700751-EAE4-43A7-BC55-85F9D910505F.jpeg",1280,960,false],"trp-custom-language-flag":["https:\/\/joven-esperanza.de\/wp-content\/uploads\/2021\/11\/F1700751-EAE4-43A7-BC55-85F9D910505F.jpeg",16,12,false]},"uagb_author_info":{"display_name":"Joven Esperanza","author_link":"https:\/\/joven-esperanza.de\/es\/blog\/author\/admin\/"},"uagb_comment_info":0,"uagb_excerpt":"Liebe Mitglieder, liebe Freunde, in diesem Jahr hatten Harry und ich das Vergn\u00fcgen, das&nbsp;&nbsp;Sommerfest auszurichten. Schon im Vorwege hatten wir Spa\u00df mit dem Festausschuss bei der Organisation und Vorbereitung.&nbsp; Und dann hat auch der Wettergott p\u00fcnktlich zu Beginn um 16 Uhr mitgespielt, die Sonne lugte heraus und die Temperaturen waren angenehm. So konnten wir den&hellip;","_links":{"self":[{"href":"https:\/\/joven-esperanza.de\/es\/wp-json\/wp\/v2\/posts\/892","targetHints":{"allow":["GET"]}}],"collection":[{"href":"https:\/\/joven-esperanza.de\/es\/wp-json\/wp\/v2\/posts"}],"about":[{"href":"https:\/\/joven-esperanza.de\/es\/wp-json\/wp\/v2\/types\/post"}],"author":[{"embeddable":true,"href":"https:\/\/joven-esperanza.de\/es\/wp-json\/wp\/v2\/users\/1"}],"replies":[{"embeddable":true,"href":"https:\/\/joven-esperanza.de\/es\/wp-json\/wp\/v2\/comments?post=892"}],"version-history":[{"count":2,"href":"https:\/\/joven-esperanza.de\/es\/wp-json\/wp\/v2\/posts\/892\/revisions"}],"predecessor-version":[{"id":3068,"href":"https:\/\/joven-esperanza.de\/es\/wp-json\/wp\/v2\/posts\/892\/revisions\/3068"}],"wp:featuredmedia":[{"embeddable":true,"href":"https:\/\/joven-esperanza.de\/es\/wp-json\/wp\/v2\/media\/895"}],"wp:attachment":[{"href":"https:\/\/joven-esperanza.de\/es\/wp-json\/wp\/v2\/media?parent=892"}],"wp:term":[{"taxonomy":"category","embeddable":true,"href":"https:\/\/joven-esperanza.de\/es\/wp-json\/wp\/v2\/categories?post=892"},{"taxonomy":"post_tag","embeddable":true,"href":"https:\/\/joven-esperanza.de\/es\/wp-json\/wp\/v2\/tags?post=892"}],"curies":[{"name":"wp","href":"https:\/\/api.w.org\/{rel}","templated":true}]}}