{"id":900,"date":"2022-02-19T08:46:17","date_gmt":"2022-02-19T08:46:17","guid":{"rendered":"https:\/\/dev.joven-esperanza.de\/wir-suchen-aktives-engagement\/"},"modified":"2023-12-10T11:10:48","modified_gmt":"2023-12-10T11:10:48","slug":"wir-suchen-aktives-engagement","status":"publish","type":"post","link":"https:\/\/joven-esperanza.de\/es\/blog\/wir-suchen-aktives-engagement\/","title":{"rendered":"Wir suchen aktives Engagement&#8230;"},"content":{"rendered":"<ul class=\"wp-block-list\"><li><strong>Social Media:<br><\/strong>Du hast Lust, unser Projekt \u00fcber Social Media noch bekannter zu machen und unsere Follower auf dem Laufenden zu halten? Dann w\u00fcrden wir uns sehr freuen, wenn du einen Posten im erweiterten Vorstand \u00fcbernehmen w\u00fcrdest. Neben den Treffen mit dem Vorstand und erweiterten Vorstand (alle zwei Monate) w\u00e4re dein Zeitaufwand f\u00fcr Social Media individuell. Wir stellen uns monatlich (je nachdem, was f\u00fcr Bilder und Themen uns das PENADER liefert) ca. zwei bis vier informative Posts bei Instagram und Facebook sowie die Pflege der Internetseite mit dem ein oder anderen neuen Artikel, den du aus den Newslettern (ca. alle zwei Monate) \u00fcbernehmen kannst, vor. Bei unseren Social Media Accounts ist viel Raum f\u00fcr deine eigenen Ideen zur Gestaltung.<\/li><li><\/li><li>\u00a0<strong>Flyer:<br><\/strong>Du kennst dich mit Gestaltung oder Marketing aus? Wir wollen neue Flyer designen und drucken lassen und w\u00fcrden uns sehr freuen, wenn du diese einmalige Projektarbeit \u2013 vom Design bis zum Druck \u2013 \u00fcbernehmen w\u00fcrdest! Der Arbeitsaufwand ist nicht konkret absch\u00e4tzbar, da er von unseren gemeinsamen Zielen und Herangehensweisen abh\u00e4ngt.<\/li><li><\/li><li><strong>Fundraising:<br><\/strong>Du hast Lust, dich f\u00fcr die Finanzierung teilweise bereits geplanter Projekte, wie einer Krankenversicherung f\u00fcr die Kinder und das PENADER-Team, einzusetzen? Dann w\u00fcrden wir uns sehr freuen, wenn du das Ansprechen von Firmen und Privatpersonen \u00fcbernehmen und das Fundraising systematisch in der Projektarbeit voranbringen w\u00fcrdest.<\/li><\/ul>","protected":false},"excerpt":{"rendered":"<p>Social Media:Du hast Lust, unser Projekt \u00fcber Social Media noch bekannter zu machen und unsere Follower auf dem Laufenden zu halten? Dann w\u00fcrden wir uns sehr freuen, wenn du einen Posten im erweiterten Vorstand \u00fcbernehmen w\u00fcrdest. Neben den Treffen mit dem Vorstand und erweiterten Vorstand (alle zwei Monate) w\u00e4re dein Zeitaufwand f\u00fcr Social Media individuell. [&hellip;]<\/p>","protected":false},"author":1,"featured_media":911,"comment_status":"closed","ping_status":"closed","sticky":false,"template":"","format":"standard","meta":{"_uag_custom_page_level_css":"","site-sidebar-layout":"default","site-content-layout":"","ast-site-content-layout":"default","site-content-style":"default","site-sidebar-style":"default","ast-global-header-display":"","ast-banner-title-visibility":"","ast-main-header-display":"","ast-hfb-above-header-display":"","ast-hfb-below-header-display":"","ast-hfb-mobile-header-display":"","site-post-title":"","ast-breadcrumbs-content":"","ast-featured-img":"","footer-sml-layout":"","theme-transparent-header-meta":"","adv-header-id-meta":"","stick-header-meta":"","header-above-stick-meta":"","header-main-stick-meta":"","header-below-stick-meta":"","astra-migrate-meta-layouts":"set","ast-page-background-enabled":"default","ast-page-background-meta":{"desktop":{"background-color":"var(--ast-global-color-4)","background-image":"","background-repeat":"repeat","background-position":"center center","background-size":"auto","background-attachment":"scroll","background-type":"","background-media":"","overlay-type":"","overlay-color":"","overlay-gradient":""},"tablet":{"background-color":"","background-image":"","background-repeat":"repeat","background-position":"center center","background-size":"auto","background-attachment":"scroll","background-type":"","background-media":"","overlay-type":"","overlay-color":"","overlay-gradient":""},"mobile":{"background-color":"","background-image":"","background-repeat":"repeat","background-position":"center center","background-size":"auto","background-attachment":"scroll","background-type":"","background-media":"","overlay-type":"","overlay-color":"","overlay-gradient":""}},"ast-content-background-meta":{"desktop":{"background-color":"var(--ast-global-color-5)","background-image":"","background-repeat":"repeat","background-position":"center center","background-size":"auto","background-attachment":"scroll","background-type":"","background-media":"","overlay-type":"","overlay-color":"","overlay-gradient":""},"tablet":{"background-color":"var(--ast-global-color-5)","background-image":"","background-repeat":"repeat","background-position":"center center","background-size":"auto","background-attachment":"scroll","background-type":"","background-media":"","overlay-type":"","overlay-color":"","overlay-gradient":""},"mobile":{"background-color":"var(--ast-global-color-5)","background-image":"","background-repeat":"repeat","background-position":"center center","background-size":"auto","background-attachment":"scroll","background-type":"","background-media":"","overlay-type":"","overlay-color":"","overlay-gradient":""}},"footnotes":""},"categories":[10,15,12],"tags":[],"class_list":["post-900","post","type-post","status-publish","format-standard","has-post-thumbnail","hentry","category-freiwillige","category-mitgliederversammlung","category-news"],"yoast_head":"<!-- This site is optimized with the Yoast SEO plugin v25.0 - https:\/\/yoast.com\/wordpress\/plugins\/seo\/ -->\n<title>Wir suchen aktives Engagement... - Joven Esperanza e.V.<\/title>\n<meta name=\"robots\" content=\"index, follow, max-snippet:-1, max-image-preview:large, max-video-preview:-1\" \/>\n<link rel=\"canonical\" href=\"https:\/\/joven-esperanza.de\/es\/blog\/wir-suchen-aktives-engagement\/\" \/>\n<meta property=\"og:locale\" content=\"es_ES\" \/>\n<meta property=\"og:type\" content=\"article\" \/>\n<meta property=\"og:title\" content=\"Wir suchen aktives Engagement... - Joven Esperanza e.V.\" \/>\n<meta property=\"og:description\" content=\"Social Media:Du hast Lust, unser Projekt \u00fcber Social Media noch bekannter zu machen und unsere Follower auf dem Laufenden zu halten? Dann w\u00fcrden wir uns sehr freuen, wenn du einen Posten im erweiterten Vorstand \u00fcbernehmen w\u00fcrdest. Neben den Treffen mit dem Vorstand und erweiterten Vorstand (alle zwei Monate) w\u00e4re dein Zeitaufwand f\u00fcr Social Media individuell. [&hellip;]\" \/>\n<meta property=\"og:url\" content=\"https:\/\/joven-esperanza.de\/es\/blog\/wir-suchen-aktives-engagement\/\" \/>\n<meta property=\"og:site_name\" content=\"Joven Esperanza e.V.\" \/>\n<meta property=\"article:publisher\" content=\"https:\/\/www.facebook.com\/JovenEsperanza\" \/>\n<meta property=\"article:published_time\" content=\"2022-02-19T08:46:17+00:00\" \/>\n<meta property=\"article:modified_time\" content=\"2023-12-10T11:10:48+00:00\" \/>\n<meta property=\"og:image\" content=\"https:\/\/joven-esperanza.de\/wp-content\/uploads\/2022\/02\/cropped-Vereinslogo.jpg\" \/>\n\t<meta property=\"og:image:width\" content=\"1100\" \/>\n\t<meta property=\"og:image:height\" content=\"275\" \/>\n\t<meta property=\"og:image:type\" content=\"image\/jpeg\" \/>\n<meta name=\"author\" content=\"Joven Esperanza\" \/>\n<meta name=\"twitter:card\" content=\"summary_large_image\" \/>\n<meta name=\"twitter:label1\" content=\"Written by\" \/>\n\t<meta name=\"twitter:data1\" content=\"Joven Esperanza\" \/>\n\t<meta name=\"twitter:label2\" content=\"Est. reading time\" \/>\n\t<meta name=\"twitter:data2\" content=\"1 minute\" \/>\n<script type=\"application\/ld+json\" class=\"yoast-schema-graph\">{\"@context\":\"https:\/\/schema.org\",\"@graph\":[{\"@type\":\"Article\",\"@id\":\"https:\/\/joven-esperanza.de\/blog\/wir-suchen-aktives-engagement\/#article\",\"isPartOf\":{\"@id\":\"https:\/\/joven-esperanza.de\/blog\/wir-suchen-aktives-engagement\/\"},\"author\":{\"name\":\"Joven Esperanza\",\"@id\":\"https:\/\/joven-esperanza.de\/#\/schema\/person\/05b4ae1a74d76612f45fe8c2fb62040e\"},\"headline\":\"Wir suchen aktives Engagement&#8230;\",\"datePublished\":\"2022-02-19T08:46:17+00:00\",\"dateModified\":\"2023-12-10T11:10:48+00:00\",\"mainEntityOfPage\":{\"@id\":\"https:\/\/joven-esperanza.de\/blog\/wir-suchen-aktives-engagement\/\"},\"wordCount\":232,\"publisher\":{\"@id\":\"https:\/\/joven-esperanza.de\/#organization\"},\"image\":{\"@id\":\"https:\/\/joven-esperanza.de\/blog\/wir-suchen-aktives-engagement\/#primaryimage\"},\"thumbnailUrl\":\"https:\/\/joven-esperanza.de\/wp-content\/uploads\/2022\/02\/cropped-Vereinslogo.jpg\",\"articleSection\":[\"Freiwillige\",\"Mitgliederversammlung\",\"News\"],\"inLanguage\":\"es-BO\"},{\"@type\":\"WebPage\",\"@id\":\"https:\/\/joven-esperanza.de\/blog\/wir-suchen-aktives-engagement\/\",\"url\":\"https:\/\/joven-esperanza.de\/blog\/wir-suchen-aktives-engagement\/\",\"name\":\"Wir suchen aktives Engagement... - Joven Esperanza e.V.\",\"isPartOf\":{\"@id\":\"https:\/\/joven-esperanza.de\/#website\"},\"primaryImageOfPage\":{\"@id\":\"https:\/\/joven-esperanza.de\/blog\/wir-suchen-aktives-engagement\/#primaryimage\"},\"image\":{\"@id\":\"https:\/\/joven-esperanza.de\/blog\/wir-suchen-aktives-engagement\/#primaryimage\"},\"thumbnailUrl\":\"https:\/\/joven-esperanza.de\/wp-content\/uploads\/2022\/02\/cropped-Vereinslogo.jpg\",\"datePublished\":\"2022-02-19T08:46:17+00:00\",\"dateModified\":\"2023-12-10T11:10:48+00:00\",\"breadcrumb\":{\"@id\":\"https:\/\/joven-esperanza.de\/blog\/wir-suchen-aktives-engagement\/#breadcrumb\"},\"inLanguage\":\"es-BO\",\"potentialAction\":[{\"@type\":\"ReadAction\",\"target\":[\"https:\/\/joven-esperanza.de\/blog\/wir-suchen-aktives-engagement\/\"]}]},{\"@type\":\"ImageObject\",\"inLanguage\":\"es-BO\",\"@id\":\"https:\/\/joven-esperanza.de\/blog\/wir-suchen-aktives-engagement\/#primaryimage\",\"url\":\"https:\/\/joven-esperanza.de\/wp-content\/uploads\/2022\/02\/cropped-Vereinslogo.jpg\",\"contentUrl\":\"https:\/\/joven-esperanza.de\/wp-content\/uploads\/2022\/02\/cropped-Vereinslogo.jpg\",\"width\":1100,\"height\":275},{\"@type\":\"BreadcrumbList\",\"@id\":\"https:\/\/joven-esperanza.de\/blog\/wir-suchen-aktives-engagement\/#breadcrumb\",\"itemListElement\":[{\"@type\":\"ListItem\",\"position\":1,\"name\":\"Startseite\",\"item\":\"https:\/\/joven-esperanza.de\/\"},{\"@type\":\"ListItem\",\"position\":2,\"name\":\"Wir suchen aktives Engagement&#8230;\"}]},{\"@type\":\"WebSite\",\"@id\":\"https:\/\/joven-esperanza.de\/#website\",\"url\":\"https:\/\/joven-esperanza.de\/\",\"name\":\"Joven Esperanza e.V.\",\"description\":\"Kindern in Camiri eine Zukunft bieten\",\"publisher\":{\"@id\":\"https:\/\/joven-esperanza.de\/#organization\"},\"potentialAction\":[{\"@type\":\"SearchAction\",\"target\":{\"@type\":\"EntryPoint\",\"urlTemplate\":\"https:\/\/joven-esperanza.de\/?s={search_term_string}\"},\"query-input\":{\"@type\":\"PropertyValueSpecification\",\"valueRequired\":true,\"valueName\":\"search_term_string\"}}],\"inLanguage\":\"es-BO\"},{\"@type\":\"Organization\",\"@id\":\"https:\/\/joven-esperanza.de\/#organization\",\"name\":\"Joven Esperanza e.V.\",\"url\":\"https:\/\/joven-esperanza.de\/\",\"logo\":{\"@type\":\"ImageObject\",\"inLanguage\":\"es-BO\",\"@id\":\"https:\/\/joven-esperanza.de\/#\/schema\/logo\/image\/\",\"url\":\"https:\/\/joven-esperanza.de\/wp-content\/uploads\/2024\/02\/joven-esperanza.png\",\"contentUrl\":\"https:\/\/joven-esperanza.de\/wp-content\/uploads\/2024\/02\/joven-esperanza.png\",\"width\":4738,\"height\":1324,\"caption\":\"Joven Esperanza e.V.\"},\"image\":{\"@id\":\"https:\/\/joven-esperanza.de\/#\/schema\/logo\/image\/\"},\"sameAs\":[\"https:\/\/www.facebook.com\/JovenEsperanza\",\"https:\/\/www.instagram.com\/joven_esperanza_ev\/\",\"https:\/\/www.linkedin.com\/company\/joven-esperanza-e.v.\/\",\"https:\/\/www.youtube.com\/@joven.esperanza\"]},{\"@type\":\"Person\",\"@id\":\"https:\/\/joven-esperanza.de\/#\/schema\/person\/05b4ae1a74d76612f45fe8c2fb62040e\",\"name\":\"Joven Esperanza\",\"image\":{\"@type\":\"ImageObject\",\"inLanguage\":\"es-BO\",\"@id\":\"https:\/\/joven-esperanza.de\/#\/schema\/person\/image\/\",\"url\":\"https:\/\/secure.gravatar.com\/avatar\/e517935b4b2a02445a70c803291d229ef42b7962df094c3c9edf5b7aac19750c?s=96&d=mm&r=g\",\"contentUrl\":\"https:\/\/secure.gravatar.com\/avatar\/e517935b4b2a02445a70c803291d229ef42b7962df094c3c9edf5b7aac19750c?s=96&d=mm&r=g\",\"caption\":\"Joven Esperanza\"},\"sameAs\":[\"https:\/\/dev.joven-esperanza.de\"]}]}<\/script>\n<!-- \/ Yoast SEO plugin. -->","yoast_head_json":{"title":"Wir suchen aktives Engagement... - Joven Esperanza e.V.","robots":{"index":"index","follow":"follow","max-snippet":"max-snippet:-1","max-image-preview":"max-image-preview:large","max-video-preview":"max-video-preview:-1"},"canonical":"https:\/\/joven-esperanza.de\/es\/blog\/wir-suchen-aktives-engagement\/","og_locale":"es_ES","og_type":"article","og_title":"Wir suchen aktives Engagement... - Joven Esperanza e.V.","og_description":"Social Media:Du hast Lust, unser Projekt \u00fcber Social Media noch bekannter zu machen und unsere Follower auf dem Laufenden zu halten? Dann w\u00fcrden wir uns sehr freuen, wenn du einen Posten im erweiterten Vorstand \u00fcbernehmen w\u00fcrdest. Neben den Treffen mit dem Vorstand und erweiterten Vorstand (alle zwei Monate) w\u00e4re dein Zeitaufwand f\u00fcr Social Media individuell. [&hellip;]","og_url":"https:\/\/joven-esperanza.de\/es\/blog\/wir-suchen-aktives-engagement\/","og_site_name":"Joven Esperanza e.V.","article_publisher":"https:\/\/www.facebook.com\/JovenEsperanza","article_published_time":"2022-02-19T08:46:17+00:00","article_modified_time":"2023-12-10T11:10:48+00:00","og_image":[{"width":1100,"height":275,"url":"https:\/\/joven-esperanza.de\/wp-content\/uploads\/2022\/02\/cropped-Vereinslogo.jpg","type":"image\/jpeg"}],"author":"Joven Esperanza","twitter_card":"summary_large_image","twitter_misc":{"Written by":"Joven Esperanza","Est. reading time":"1 minute"},"schema":{"@context":"https:\/\/schema.org","@graph":[{"@type":"Article","@id":"https:\/\/joven-esperanza.de\/blog\/wir-suchen-aktives-engagement\/#article","isPartOf":{"@id":"https:\/\/joven-esperanza.de\/blog\/wir-suchen-aktives-engagement\/"},"author":{"name":"Joven Esperanza","@id":"https:\/\/joven-esperanza.de\/#\/schema\/person\/05b4ae1a74d76612f45fe8c2fb62040e"},"headline":"Wir suchen aktives Engagement&#8230;","datePublished":"2022-02-19T08:46:17+00:00","dateModified":"2023-12-10T11:10:48+00:00","mainEntityOfPage":{"@id":"https:\/\/joven-esperanza.de\/blog\/wir-suchen-aktives-engagement\/"},"wordCount":232,"publisher":{"@id":"https:\/\/joven-esperanza.de\/#organization"},"image":{"@id":"https:\/\/joven-esperanza.de\/blog\/wir-suchen-aktives-engagement\/#primaryimage"},"thumbnailUrl":"https:\/\/joven-esperanza.de\/wp-content\/uploads\/2022\/02\/cropped-Vereinslogo.jpg","articleSection":["Freiwillige","Mitgliederversammlung","News"],"inLanguage":"es-BO"},{"@type":"WebPage","@id":"https:\/\/joven-esperanza.de\/blog\/wir-suchen-aktives-engagement\/","url":"https:\/\/joven-esperanza.de\/blog\/wir-suchen-aktives-engagement\/","name":"Wir suchen aktives Engagement... - Joven Esperanza e.V.","isPartOf":{"@id":"https:\/\/joven-esperanza.de\/#website"},"primaryImageOfPage":{"@id":"https:\/\/joven-esperanza.de\/blog\/wir-suchen-aktives-engagement\/#primaryimage"},"image":{"@id":"https:\/\/joven-esperanza.de\/blog\/wir-suchen-aktives-engagement\/#primaryimage"},"thumbnailUrl":"https:\/\/joven-esperanza.de\/wp-content\/uploads\/2022\/02\/cropped-Vereinslogo.jpg","datePublished":"2022-02-19T08:46:17+00:00","dateModified":"2023-12-10T11:10:48+00:00","breadcrumb":{"@id":"https:\/\/joven-esperanza.de\/blog\/wir-suchen-aktives-engagement\/#breadcrumb"},"inLanguage":"es-BO","potentialAction":[{"@type":"ReadAction","target":["https:\/\/joven-esperanza.de\/blog\/wir-suchen-aktives-engagement\/"]}]},{"@type":"ImageObject","inLanguage":"es-BO","@id":"https:\/\/joven-esperanza.de\/blog\/wir-suchen-aktives-engagement\/#primaryimage","url":"https:\/\/joven-esperanza.de\/wp-content\/uploads\/2022\/02\/cropped-Vereinslogo.jpg","contentUrl":"https:\/\/joven-esperanza.de\/wp-content\/uploads\/2022\/02\/cropped-Vereinslogo.jpg","width":1100,"height":275},{"@type":"BreadcrumbList","@id":"https:\/\/joven-esperanza.de\/blog\/wir-suchen-aktives-engagement\/#breadcrumb","itemListElement":[{"@type":"ListItem","position":1,"name":"Startseite","item":"https:\/\/joven-esperanza.de\/"},{"@type":"ListItem","position":2,"name":"Wir suchen aktives Engagement&#8230;"}]},{"@type":"WebSite","@id":"https:\/\/joven-esperanza.de\/#website","url":"https:\/\/joven-esperanza.de\/","name":"Joven Esperanza e.V.","description":"Kindern in Camiri eine Zukunft bieten","publisher":{"@id":"https:\/\/joven-esperanza.de\/#organization"},"potentialAction":[{"@type":"SearchAction","target":{"@type":"EntryPoint","urlTemplate":"https:\/\/joven-esperanza.de\/?s={search_term_string}"},"query-input":{"@type":"PropertyValueSpecification","valueRequired":true,"valueName":"search_term_string"}}],"inLanguage":"es-BO"},{"@type":"Organization","@id":"https:\/\/joven-esperanza.de\/#organization","name":"Joven Esperanza e.V.","url":"https:\/\/joven-esperanza.de\/","logo":{"@type":"ImageObject","inLanguage":"es-BO","@id":"https:\/\/joven-esperanza.de\/#\/schema\/logo\/image\/","url":"https:\/\/joven-esperanza.de\/wp-content\/uploads\/2024\/02\/joven-esperanza.png","contentUrl":"https:\/\/joven-esperanza.de\/wp-content\/uploads\/2024\/02\/joven-esperanza.png","width":4738,"height":1324,"caption":"Joven Esperanza e.V."},"image":{"@id":"https:\/\/joven-esperanza.de\/#\/schema\/logo\/image\/"},"sameAs":["https:\/\/www.facebook.com\/JovenEsperanza","https:\/\/www.instagram.com\/joven_esperanza_ev\/","https:\/\/www.linkedin.com\/company\/joven-esperanza-e.v.\/","https:\/\/www.youtube.com\/@joven.esperanza"]},{"@type":"Person","@id":"https:\/\/joven-esperanza.de\/#\/schema\/person\/05b4ae1a74d76612f45fe8c2fb62040e","name":"Joven Esperanza","image":{"@type":"ImageObject","inLanguage":"es-BO","@id":"https:\/\/joven-esperanza.de\/#\/schema\/person\/image\/","url":"https:\/\/secure.gravatar.com\/avatar\/e517935b4b2a02445a70c803291d229ef42b7962df094c3c9edf5b7aac19750c?s=96&d=mm&r=g","contentUrl":"https:\/\/secure.gravatar.com\/avatar\/e517935b4b2a02445a70c803291d229ef42b7962df094c3c9edf5b7aac19750c?s=96&d=mm&r=g","caption":"Joven Esperanza"},"sameAs":["https:\/\/dev.joven-esperanza.de"]}]}},"uagb_featured_image_src":{"full":["https:\/\/joven-esperanza.de\/wp-content\/uploads\/2022\/02\/cropped-Vereinslogo.jpg",1100,275,false],"thumbnail":["https:\/\/joven-esperanza.de\/wp-content\/uploads\/2022\/02\/cropped-Vereinslogo-150x150.jpg",150,150,true],"medium":["https:\/\/joven-esperanza.de\/wp-content\/uploads\/2022\/02\/cropped-Vereinslogo-300x75.jpg",300,75,true],"medium_large":["https:\/\/joven-esperanza.de\/wp-content\/uploads\/2022\/02\/cropped-Vereinslogo-768x192.jpg",768,192,true],"large":["https:\/\/joven-esperanza.de\/wp-content\/uploads\/2022\/02\/cropped-Vereinslogo-1024x256.jpg",1024,256,true],"1536x1536":["https:\/\/joven-esperanza.de\/wp-content\/uploads\/2022\/02\/cropped-Vereinslogo.jpg",1100,275,false],"2048x2048":["https:\/\/joven-esperanza.de\/wp-content\/uploads\/2022\/02\/cropped-Vereinslogo.jpg",1100,275,false],"trp-custom-language-flag":["https:\/\/joven-esperanza.de\/wp-content\/uploads\/2022\/02\/cropped-Vereinslogo.jpg",18,5,false]},"uagb_author_info":{"display_name":"Joven Esperanza","author_link":"https:\/\/joven-esperanza.de\/es\/blog\/author\/admin\/"},"uagb_comment_info":0,"uagb_excerpt":"Social Media:Du hast Lust, unser Projekt \u00fcber Social Media noch bekannter zu machen und unsere Follower auf dem Laufenden zu halten? Dann w\u00fcrden wir uns sehr freuen, wenn du einen Posten im erweiterten Vorstand \u00fcbernehmen w\u00fcrdest. Neben den Treffen mit dem Vorstand und erweiterten Vorstand (alle zwei Monate) w\u00e4re dein Zeitaufwand f\u00fcr Social Media individuell.&hellip;","_links":{"self":[{"href":"https:\/\/joven-esperanza.de\/es\/wp-json\/wp\/v2\/posts\/900","targetHints":{"allow":["GET"]}}],"collection":[{"href":"https:\/\/joven-esperanza.de\/es\/wp-json\/wp\/v2\/posts"}],"about":[{"href":"https:\/\/joven-esperanza.de\/es\/wp-json\/wp\/v2\/types\/post"}],"author":[{"embeddable":true,"href":"https:\/\/joven-esperanza.de\/es\/wp-json\/wp\/v2\/users\/1"}],"replies":[{"embeddable":true,"href":"https:\/\/joven-esperanza.de\/es\/wp-json\/wp\/v2\/comments?post=900"}],"version-history":[{"count":2,"href":"https:\/\/joven-esperanza.de\/es\/wp-json\/wp\/v2\/posts\/900\/revisions"}],"predecessor-version":[{"id":3067,"href":"https:\/\/joven-esperanza.de\/es\/wp-json\/wp\/v2\/posts\/900\/revisions\/3067"}],"wp:featuredmedia":[{"embeddable":true,"href":"https:\/\/joven-esperanza.de\/es\/wp-json\/wp\/v2\/media\/911"}],"wp:attachment":[{"href":"https:\/\/joven-esperanza.de\/es\/wp-json\/wp\/v2\/media?parent=900"}],"wp:term":[{"taxonomy":"category","embeddable":true,"href":"https:\/\/joven-esperanza.de\/es\/wp-json\/wp\/v2\/categories?post=900"},{"taxonomy":"post_tag","embeddable":true,"href":"https:\/\/joven-esperanza.de\/es\/wp-json\/wp\/v2\/tags?post=900"}],"curies":[{"name":"wp","href":"https:\/\/api.w.org\/{rel}","templated":true}]}}